{"id":24381,"date":"2021-03-11T11:30:33","date_gmt":"2021-03-11T10:30:33","guid":{"rendered":"http:\/\/info.sadowne.pl\/?p=24381"},"modified":"2021-03-11T11:30:33","modified_gmt":"2021-03-11T10:30:33","slug":"parafia-sadowne-regest-ochrzczonych-1643-1703","status":"publish","type":"post","link":"https:\/\/info.sadowne.pl\/?p=24381","title":{"rendered":"PARAFIA SADOWNE. REGEST OCHRZCZONYCH 1643\u20131703"},"content":{"rendered":"<p><strong><a href=\"http:\/\/info.sadowne.pl\/wp-content\/uploads\/2020\/05\/Brok27.jpg\"><img loading=\"lazy\" decoding=\"async\" class=\"alignleft size-thumbnail wp-image-23439\" src=\"http:\/\/info.sadowne.pl\/wp-content\/uploads\/2020\/05\/Brok27-180x130.jpg\" alt=\"\" width=\"180\" height=\"130\" \/><\/a>Regest, na podstawie kt\u00f3rego sporz\u0105dzono opracowanie, zawiera jedynie imiona i nazwiska ochrzczonych oraz numery akt\u00f3w chrztu i stron ksi\u0105g ko\u015bcielnych. <\/strong><!--more--><\/p>\n<p>Do chwili obecnej nie uda\u0142o mi si\u0119 ustali\u0107, czy przetrwa\u0142y ksi\u0119gi, na kt\u00f3rych podstawie regest sporz\u0105dzono, a je\u017celi przetrwa\u0142y, to gdzie si\u0119 znajduj\u0105. W opracowaniu poda\u0142em kolejno: liczb\u0119 porz\u0105dkow\u0105 wpisu, nazwisko i imi\u0119 osoby ochrzczonej oraz numer aktu.<\/p>\n<p><strong>Wi\u0119cej na stronie <span style=\"color: #0000ff;\"><a style=\"color: #0000ff;\" href=\"http:\/\/madzelan.cba.pl\/parafia-sadowne-regest-ochrzczonych-1643-1703\/\" target=\"_blank\" rel=\"noopener\">http:\/\/madzelan.cba.pl\/parafia-sadowne-regest-ochrzczonych-1643-1703\/<\/a><\/span>\u00a0\u00a0\u00a0\u00a0\u00a0\u00a0\u00a0\u00a0\u00a0\u00a0\u00a0 <\/strong><\/p>\n","protected":false},"excerpt":{"rendered":"<p>Regest, na podstawie kt\u00f3rego sporz\u0105dzono opracowanie, zawiera jedynie imiona i nazwiska ochrzczonych oraz numery akt\u00f3w chrztu i stron ksi\u0105g ko\u015bcielnych.<\/p>\n","protected":false},"author":1,"featured_media":0,"comment_status":"closed","ping_status":"closed","sticky":false,"template":"","format":"standard","meta":{"footnotes":""},"categories":[5,1678,3436,31],"tags":[3004,2956,274,3517],"class_list":["post-24381","post","type-post","status-publish","format-standard","hentry","category-newsy","category-metryki","category-opowiesci-historie-legendy-brokowskie-i-nie-tylko","category-historia-gminy","tag-jerzy-madzelan","tag-opowiesci-historie-legendy-brokowskie-i-nie-tylko","tag-parafia-sadowne","tag-parafia-sadowne-regest-ochrzczonych-1643-1703"],"views":2169,"_links":{"self":[{"href":"https:\/\/info.sadowne.pl\/index.php?rest_route=\/wp\/v2\/posts\/24381","targetHints":{"allow":["GET"]}}],"collection":[{"href":"https:\/\/info.sadowne.pl\/index.php?rest_route=\/wp\/v2\/posts"}],"about":[{"href":"https:\/\/info.sadowne.pl\/index.php?rest_route=\/wp\/v2\/types\/post"}],"author":[{"embeddable":true,"href":"https:\/\/info.sadowne.pl\/index.php?rest_route=\/wp\/v2\/users\/1"}],"replies":[{"embeddable":true,"href":"https:\/\/info.sadowne.pl\/index.php?rest_route=%2Fwp%2Fv2%2Fcomments&post=24381"}],"version-history":[{"count":1,"href":"https:\/\/info.sadowne.pl\/index.php?rest_route=\/wp\/v2\/posts\/24381\/revisions"}],"predecessor-version":[{"id":24382,"href":"https:\/\/info.sadowne.pl\/index.php?rest_route=\/wp\/v2\/posts\/24381\/revisions\/24382"}],"wp:attachment":[{"href":"https:\/\/info.sadowne.pl\/index.php?rest_route=%2Fwp%2Fv2%2Fmedia&parent=24381"}],"wp:term":[{"taxonomy":"category","embeddable":true,"href":"https:\/\/info.sadowne.pl\/index.php?rest_route=%2Fwp%2Fv2%2Fcategories&post=24381"},{"taxonomy":"post_tag","embeddable":true,"href":"https:\/\/info.sadowne.pl\/index.php?rest_route=%2Fwp%2Fv2%2Ftags&post=24381"}],"curies":[{"name":"wp","href":"https:\/\/api.w.org\/{rel}","templated":true}]}}