{"id":24394,"date":"2021-03-15T15:56:34","date_gmt":"2021-03-15T14:56:34","guid":{"rendered":"http:\/\/info.sadowne.pl\/?p=24394"},"modified":"2021-03-15T16:22:30","modified_gmt":"2021-03-15T15:22:30","slug":"kronika-strazacka-08-14-03-2021","status":"publish","type":"post","link":"https:\/\/info.sadowne.pl\/?p=24394","title":{"rendered":"Kronika stra\u017cacka 08 \u2013 14 marca 2021"},"content":{"rendered":"<p><strong><a href=\"http:\/\/info.sadowne.pl\/wp-content\/uploads\/2013\/07\/straz3.jpg\"><img loading=\"lazy\" decoding=\"async\" class=\"alignleft size-thumbnail wp-image-2625\" src=\"http:\/\/info.sadowne.pl\/wp-content\/uploads\/2013\/07\/straz3-180x130.jpg\" alt=\"\" width=\"180\" height=\"130\" \/><\/a>W<\/strong><strong> okresie<\/strong><strong> od <\/strong><strong>08 &#8211; <\/strong><strong>14.03.2021 r.<\/strong><strong> na<\/strong><strong> terenie<\/strong><strong> powiatu<\/strong><strong> w\u0119growskiego<\/strong><strong> zanotowano: <\/strong><strong>17 zdarze\u0144,<\/strong><strong> przy<\/strong><strong> kt\u00f3rych<\/strong><strong> interweniowa\u0142y<\/strong><strong> jednostki<\/strong><strong> ochrony<\/strong><strong> przeciwpo\u017carowej, w tym:<\/strong><strong> 2 po\u017cary, 14 miejscowych zagro\u017ce\u0144 i 1 alarm fa\u0142szywy.<\/strong><!--more--><\/p>\n<p><strong>11.03.2021- Liw \u2013 dachowanie pojazdu.<\/strong><\/p>\n<p>Po przybyciu na miejsce zdarzenia 2 zast\u0119p\u00f3w JRG PSP oraz 1 zast\u0119pu OSP Liw stra\u017cacy stwierdzili, \u017ce dachowa\u0142 samoch\u00f3d osobowy, kt\u00f3ry znajduj\u0119 si\u0119 poza jezdni\u0105 w rowie. Poszkodowana wysz\u0142a o w\u0142asnych si\u0142ach. Dzia\u0142ania zast\u0119pu polega\u0142y na zabezpieczeniu miejsca zdarzenia, kierowaniu ruchem drogowym, udzieleniu kwalifikowanej pierwszej pomocy poszkodowanej (tlenoterapia, unieruchomienie odcinka szyjnego kr\u0119gos\u0142upa, termoizolacj\u0119 i wsparcie psychiczne). Zast\u0119p JRG przekaza\u0142 poszkodowan\u0105 do ZRM. Miejsce zdarzenia przekazano protoko\u0142em Policji. Na tym dzia\u0142ania zako\u0144czono.<\/p>\n<p><strong>12.03.2021 \u2013 Pierzcha\u0142y \u2013 wypadek samochodu.<\/strong><\/p>\n<p>Zadysponowano najbli\u017csz\u0105 jednostk\u0119 OSP KSRG Wyszk\u00f3w i dwa zast\u0119py JRG PSP W\u0119gr\u00f3w. Po przyje\u017adzie na miejsce zdarzenia zast\u0119p\u00f3w JRG PSP W\u0119gr\u00f3w oraz zast\u0119pu OSP Wyszk\u00f3w, stra\u017cacy stwierdzili, \u017ce samoch\u00f3d osobowy uderzy\u0142 w drzewo. Na miejsce zdarzenia razem przyby\u0142 ZRM, kt\u00f3ry zaj\u0105\u0142 si\u0119 kieruj\u0105cym pojazdem. Uczestnik wypadku odm\u00f3wi\u0142 przewiezienia do szpitala. Dzia\u0142ania zast\u0119p\u00f3w polega\u0142y na zabezpieczeniu miejsca zdarzenia, od\u0142\u0105czenia akumulatora. Zast\u0119py JRG W\u0119gr\u00f3w zako\u0144czy\u0142y dzia\u0142ania, na miejscu pozosta\u0142 zast\u0119p OSP Wyszk\u00f3w w celu pomocy Policji w kierowaniu ruchem do czasu usuni\u0119cia samochodu z pobocza. Po usuni\u0119ciu pojazdu z pobocza zast\u0119p OSP Wyszk\u00f3w zako\u0144czy\u0142 dzia\u0142ania i powr\u00f3ci\u0142 do bazy.<\/p>\n<p><strong>st. bryg. Dariusz Maci\u0105g \u2013 KP PSP W\u0119gr\u00f3w<\/strong><\/p>\n","protected":false},"excerpt":{"rendered":"<p>W okresie od 08 &#8211; 14.03.2021 r. na terenie powiatu w\u0119growskiego zanotowano: 17 zdarze\u0144, przy kt\u00f3rych interweniowa\u0142y jednostki ochrony przeciwpo\u017carowej, w tym: 2 po\u017cary, 14 miejscowych zagro\u017ce\u0144 i 1 alarm fa\u0142szywy.<\/p>\n","protected":false},"author":1,"featured_media":0,"comment_status":"closed","ping_status":"closed","sticky":false,"template":"","format":"standard","meta":{"footnotes":""},"categories":[5,4,267],"tags":[491,643],"class_list":["post-24394","post","type-post","status-publish","format-standard","hentry","category-newsy","category-policja-straz-pozarna-pogotowie-ratunkowe","category-straz-pozarna-policja-straz-pozarna-pogotowie-ratunkowe","tag-komenda-powiatowa-panstwowej-strazy-pozarnej-w-wegrowie","tag-kronika-strazacka"],"views":2092,"_links":{"self":[{"href":"https:\/\/info.sadowne.pl\/index.php?rest_route=\/wp\/v2\/posts\/24394","targetHints":{"allow":["GET"]}}],"collection":[{"href":"https:\/\/info.sadowne.pl\/index.php?rest_route=\/wp\/v2\/posts"}],"about":[{"href":"https:\/\/info.sadowne.pl\/index.php?rest_route=\/wp\/v2\/types\/post"}],"author":[{"embeddable":true,"href":"https:\/\/info.sadowne.pl\/index.php?rest_route=\/wp\/v2\/users\/1"}],"replies":[{"embeddable":true,"href":"https:\/\/info.sadowne.pl\/index.php?rest_route=%2Fwp%2Fv2%2Fcomments&post=24394"}],"version-history":[{"count":3,"href":"https:\/\/info.sadowne.pl\/index.php?rest_route=\/wp\/v2\/posts\/24394\/revisions"}],"predecessor-version":[{"id":24402,"href":"https:\/\/info.sadowne.pl\/index.php?rest_route=\/wp\/v2\/posts\/24394\/revisions\/24402"}],"wp:attachment":[{"href":"https:\/\/info.sadowne.pl\/index.php?rest_route=%2Fwp%2Fv2%2Fmedia&parent=24394"}],"wp:term":[{"taxonomy":"category","embeddable":true,"href":"https:\/\/info.sadowne.pl\/index.php?rest_route=%2Fwp%2Fv2%2Fcategories&post=24394"},{"taxonomy":"post_tag","embeddable":true,"href":"https:\/\/info.sadowne.pl\/index.php?rest_route=%2Fwp%2Fv2%2Ftags&post=24394"}],"curies":[{"name":"wp","href":"https:\/\/api.w.org\/{rel}","templated":true}]}}