{"id":24398,"date":"2021-03-15T16:01:23","date_gmt":"2021-03-15T15:01:23","guid":{"rendered":"http:\/\/info.sadowne.pl\/?p=24398"},"modified":"2021-03-15T16:01:23","modified_gmt":"2021-03-15T15:01:23","slug":"przyrodniczy-konkurs-poetycki","status":"publish","type":"post","link":"https:\/\/info.sadowne.pl\/?p=24398","title":{"rendered":"Przyrodniczy konkurs poetycki"},"content":{"rendered":"<p><strong><a href=\"http:\/\/info.sadowne.pl\/wp-content\/uploads\/2021\/03\/2021.03.15.1.jpg\"><img loading=\"lazy\" decoding=\"async\" class=\"alignleft size-thumbnail wp-image-24399\" src=\"http:\/\/info.sadowne.pl\/wp-content\/uploads\/2021\/03\/2021.03.15.1-180x130.jpg\" alt=\"\" width=\"180\" height=\"130\" \/><\/a>Niebawem<\/strong> <strong>Pierwszy Dzie\u0144 Wiosny,<\/strong> <strong>a tak\u017ce &#8211; o czym nie wszyscy wiedz\u0105 &#8211; \u015awiatowy Dzie\u0144 Poezji, wi\u0119c przy tej okazji Nadbu\u017ca\u0144ski Park Krajobrazowy zaprasza do udzia\u0142u w przyrodniczym konkursie poetyckim.<\/strong><!--more--><\/p>\n<p><strong>Zadaniem uczestnik\u00f3w konkursu jest napisanie wiersza o tematyce przyrodniczej.<\/strong><\/p>\n<p>Inspiracj\u0105 niech b\u0119dzie budz\u0105ca si\u0119 przyroda, pierwsze wiosenne kwiaty, \u015bpiew ptak\u00f3w itp. Zatrzymaj si\u0119 na chwil\u0119, rozejrzyj dooko\u0142a poszukaj pi\u0119kna w \u015brodowisku, kt\u00f3re Ci\u0119 otacza. Utrwal urok miejsca, kt\u00f3re Ci\u0119 zachwyci\u0142o pisz\u0105c utw\u00f3r poetycki.<\/p>\n<p><strong>Szczeg\u00f3\u0142owe informacje i regulamin dost\u0119pne na \u00a0<\/strong><span style=\"color: #0000ff;\"><a style=\"color: #0000ff;\" href=\"http:\/\/parkiotwock.pl\/aktualnosci-npk\/item\/1318-przyrodniczy-konkurs-poetycki\" target=\"_blank\" rel=\"noopener\"><strong>http:\/\/parkiotwock.pl\/aktualnosci-npk\/item\/1318-przyrodniczy-konkurs-poetycki<\/strong><\/a><\/span><\/p>\n<p><a href=\"http:\/\/info.sadowne.pl\/wp-content\/uploads\/2021\/03\/2021.03.15.1.jpg\"><img loading=\"lazy\" decoding=\"async\" class=\"aligncenter size-full wp-image-24399\" src=\"http:\/\/info.sadowne.pl\/wp-content\/uploads\/2021\/03\/2021.03.15.1.jpg\" alt=\"\" width=\"606\" height=\"857\" srcset=\"https:\/\/info.sadowne.pl\/wp-content\/uploads\/2021\/03\/2021.03.15.1.jpg 606w, https:\/\/info.sadowne.pl\/wp-content\/uploads\/2021\/03\/2021.03.15.1-212x300.jpg 212w\" sizes=\"auto, (max-width: 606px) 100vw, 606px\" \/><\/a><\/p>\n<p>Dorota Wojtaszak<br \/>\nMazowiecki Zesp\u00f3\u0142 Park\u00f3w Krajobrazowych<br \/>\nZesp\u00f3\u0142 ds. Nadbu\u017ca\u0144skiego Parku Krajobrazowego<br \/>\nKaliska 93, 07-130 \u0141och\u00f3w<br \/>\ntel.\/fax. 25 644 13 71<br \/>\n<a href=\"http:\/\/www.parkiotwock.pl\/\">www.parkiotwock.pl<\/a><\/p>\n","protected":false},"excerpt":{"rendered":"<p>Niebawem Pierwszy Dzie\u0144 Wiosny, a tak\u017ce &#8211; o czym nie wszyscy wiedz\u0105 &#8211; \u015awiatowy Dzie\u0144 Poezji, wi\u0119c przy tej okazji Nadbu\u017ca\u0144ski Park Krajobrazowy zaprasza do udzia\u0142u w przyrodniczym konkursie poetyckim.<\/p>\n","protected":false},"author":1,"featured_media":0,"comment_status":"closed","ping_status":"closed","sticky":false,"template":"","format":"standard","meta":{"footnotes":""},"categories":[5,1,3370],"tags":[3438,3169,3521],"class_list":["post-24398","post","type-post","status-publish","format-standard","hentry","category-newsy","category-inne","category-nadbuzanski-park-krajobrazowy","tag-dorota-wojtaszak","tag-nadbuzanski-park-krajobrazowy","tag-przyrodniczy-konkurs-poetycki"],"views":2865,"_links":{"self":[{"href":"https:\/\/info.sadowne.pl\/index.php?rest_route=\/wp\/v2\/posts\/24398","targetHints":{"allow":["GET"]}}],"collection":[{"href":"https:\/\/info.sadowne.pl\/index.php?rest_route=\/wp\/v2\/posts"}],"about":[{"href":"https:\/\/info.sadowne.pl\/index.php?rest_route=\/wp\/v2\/types\/post"}],"author":[{"embeddable":true,"href":"https:\/\/info.sadowne.pl\/index.php?rest_route=\/wp\/v2\/users\/1"}],"replies":[{"embeddable":true,"href":"https:\/\/info.sadowne.pl\/index.php?rest_route=%2Fwp%2Fv2%2Fcomments&post=24398"}],"version-history":[{"count":1,"href":"https:\/\/info.sadowne.pl\/index.php?rest_route=\/wp\/v2\/posts\/24398\/revisions"}],"predecessor-version":[{"id":24400,"href":"https:\/\/info.sadowne.pl\/index.php?rest_route=\/wp\/v2\/posts\/24398\/revisions\/24400"}],"wp:attachment":[{"href":"https:\/\/info.sadowne.pl\/index.php?rest_route=%2Fwp%2Fv2%2Fmedia&parent=24398"}],"wp:term":[{"taxonomy":"category","embeddable":true,"href":"https:\/\/info.sadowne.pl\/index.php?rest_route=%2Fwp%2Fv2%2Fcategories&post=24398"},{"taxonomy":"post_tag","embeddable":true,"href":"https:\/\/info.sadowne.pl\/index.php?rest_route=%2Fwp%2Fv2%2Ftags&post=24398"}],"curies":[{"name":"wp","href":"https:\/\/api.w.org\/{rel}","templated":true}]}}