{"id":24403,"date":"2021-03-16T15:02:02","date_gmt":"2021-03-16T14:02:02","guid":{"rendered":"http:\/\/info.sadowne.pl\/?p=24403"},"modified":"2021-03-16T15:02:02","modified_gmt":"2021-03-16T14:02:02","slug":"i-sze-miejsce-dla-rafala-zaleskiego","status":"publish","type":"post","link":"https:\/\/info.sadowne.pl\/?p=24403","title":{"rendered":"I-sze miejsce dla Rafa\u0142a Zaleskiego"},"content":{"rendered":"<p><strong><a href=\"http:\/\/info.sadowne.pl\/wp-content\/uploads\/2021\/03\/2021.03.16.1.jpg\"><img loading=\"lazy\" decoding=\"async\" class=\"alignleft size-thumbnail wp-image-24404\" src=\"http:\/\/info.sadowne.pl\/wp-content\/uploads\/2021\/03\/2021.03.16.1-180x130.jpg\" alt=\"\" width=\"180\" height=\"130\" \/><\/a>Mi\u0142o nam poinformowa\u0107, \u017ce\u00a0ucze\u0144 naszego Technikum Rafa\u0142 Zaleski, bior\u0105cy udzia\u0142 w konkursie online organizowanym przez og\u00f3lnopolski program dla szk\u00f3\u0142 gastronomicznych \u201e Szef dla M\u0142odych Talent\u00f3w\u201d,<\/strong> <strong>zaj\u0105\u0142 w nim I miejsce. <\/strong><!--more--><\/p>\n<p>\u201eSzef dla M\u0142odych Talent\u00f3w\u201d to program edukacyjny wspieraj\u0105cy przysz\u0142ych szef\u00f3w kuchni w pierwszych krokach ich kariery zawodowej. Inicjatorem programu \u201eSzef dla M\u0142odych Talent\u00f3w\u201d jest sie\u0107 hurtowni MAKRO Cash&amp;Carry Polska. Projekt wspiera \u017b\u00f3\u0142ty Przewodnik Gault&amp;Millau Polska oraz Rada Programowa, w sk\u0142ad kt\u00f3rej wchodzi wielu mistrz\u00f3w m.in. redaktor naczelna \u017b\u00f3\u0142tego Przewodnika Gault&amp;Millau Polska, Justyna Adamczyk.<\/p>\n<p><a href=\"http:\/\/info.sadowne.pl\/wp-content\/uploads\/2021\/03\/2021.03.16.1.jpg\" target=\"_blank\" rel=\"noopener\"><img loading=\"lazy\" decoding=\"async\" class=\"alignright wp-image-24404 size-medium\" src=\"http:\/\/info.sadowne.pl\/wp-content\/uploads\/2021\/03\/2021.03.16.1-300x169.jpg\" alt=\"\" width=\"300\" height=\"169\" srcset=\"https:\/\/info.sadowne.pl\/wp-content\/uploads\/2021\/03\/2021.03.16.1-300x169.jpg 300w, https:\/\/info.sadowne.pl\/wp-content\/uploads\/2021\/03\/2021.03.16.1-768x432.jpg 768w, https:\/\/info.sadowne.pl\/wp-content\/uploads\/2021\/03\/2021.03.16.1.jpg 793w\" sizes=\"auto, (max-width: 300px) 100vw, 300px\" \/><\/a>Wyzwaniem kulinarnym by\u0142o zaproponowanie pasztetu na Wielkanoc.<\/p>\n<p>Potrawa przygotowana przez naszego ucznia na zaj\u0119ciach praktycznych to <strong><em>&#8222;pasztet z bia\u0142ej ryby w towarzystwie czekoladowych kurek mu\u015bni\u0119ty sosem miodowo-musztardowym&#8221;. <\/em><\/strong><\/p>\n<p>W naszym Technikum lubimy szuka\u0107 wci\u0105\u017c czego\u015b nowego i\u00a0nie\u00a0lubimy poprzestawa\u0107 na\u00a0tym, co ju\u017c pr\u00f3bowali\u015bmy.<br \/>\nRafa\u0142 zaimponowa\u0142 Jury nietypowym po\u0142\u0105czeniem kurek z czekolad\u0105 deserow\u0105.<\/p>\n<p>Jedno jest wi\u0119c\u00a0pewne \u2013 jedzenie i\u00a0nauka to\u2026 niezwyk\u0142e po\u0142\u0105czenie. Nie\u00a0b\u00f3jmy si\u0119 wi\u0119c\u00a0pr\u00f3bowa\u0107 nowych smak\u00f3w!<\/p>\n<p>Gratulujemy i\u00a0\u017cyczymy powodzenia w\u00a0kolejnych konkursach!<\/p>\n<p><strong>Wi\u0119cej o konkursie na stronie <\/strong><span style=\"color: #0000ff;\"><strong><a style=\"color: #0000ff;\" href=\"https:\/\/www.facebook.com\/szefdlamlodychtalentow\" target=\"_blank\" rel=\"noopener\">https:\/\/www.facebook.com\/szefdlamlodychtalentow<\/a><\/strong><\/span><\/p>\n<p><strong>Maria Dobies<\/strong><\/p>\n","protected":false},"excerpt":{"rendered":"<p>Mi\u0142o nam poinformowa\u0107, \u017ce\u00a0ucze\u0144 naszego Technikum Rafa\u0142 Zaleski, bior\u0105cy udzia\u0142 w konkursie online organizowanym przez og\u00f3lnopolski program dla szk\u00f3\u0142 gastronomicznych \u201e Szef dla M\u0142odych Talent\u00f3w\u201d, zaj\u0105\u0142 w nim I miejsce.<\/p>\n","protected":false},"author":1,"featured_media":0,"comment_status":"closed","ping_status":"closed","sticky":false,"template":"","format":"standard","meta":{"footnotes":""},"categories":[5,1752,85],"tags":[3522,1096,3498,254,3197],"class_list":["post-24403","post","type-post","status-publish","format-standard","hentry","category-newsy","category-edukacja","category-zsp","tag-i-sze-miejsce-dla-rafala-zaleskiego","tag-maria-dobies","tag-rafal-zaleski","tag-technikum-zywienia-i-uslug-gastronomicznych-w-sadownem","tag-zespol-szkol-ponadpodstawowych-w-sadownem"],"views":2025,"_links":{"self":[{"href":"https:\/\/info.sadowne.pl\/index.php?rest_route=\/wp\/v2\/posts\/24403","targetHints":{"allow":["GET"]}}],"collection":[{"href":"https:\/\/info.sadowne.pl\/index.php?rest_route=\/wp\/v2\/posts"}],"about":[{"href":"https:\/\/info.sadowne.pl\/index.php?rest_route=\/wp\/v2\/types\/post"}],"author":[{"embeddable":true,"href":"https:\/\/info.sadowne.pl\/index.php?rest_route=\/wp\/v2\/users\/1"}],"replies":[{"embeddable":true,"href":"https:\/\/info.sadowne.pl\/index.php?rest_route=%2Fwp%2Fv2%2Fcomments&post=24403"}],"version-history":[{"count":1,"href":"https:\/\/info.sadowne.pl\/index.php?rest_route=\/wp\/v2\/posts\/24403\/revisions"}],"predecessor-version":[{"id":24405,"href":"https:\/\/info.sadowne.pl\/index.php?rest_route=\/wp\/v2\/posts\/24403\/revisions\/24405"}],"wp:attachment":[{"href":"https:\/\/info.sadowne.pl\/index.php?rest_route=%2Fwp%2Fv2%2Fmedia&parent=24403"}],"wp:term":[{"taxonomy":"category","embeddable":true,"href":"https:\/\/info.sadowne.pl\/index.php?rest_route=%2Fwp%2Fv2%2Fcategories&post=24403"},{"taxonomy":"post_tag","embeddable":true,"href":"https:\/\/info.sadowne.pl\/index.php?rest_route=%2Fwp%2Fv2%2Ftags&post=24403"}],"curies":[{"name":"wp","href":"https:\/\/api.w.org\/{rel}","templated":true}]}}