{"id":24406,"date":"2021-03-16T15:30:27","date_gmt":"2021-03-16T14:30:27","guid":{"rendered":"http:\/\/info.sadowne.pl\/?p=24406"},"modified":"2021-03-16T18:48:22","modified_gmt":"2021-03-16T17:48:22","slug":"gmina-sadowne-ze-wsparciem-z-budzetu-wojewodztwa-mazowieckiego","status":"publish","type":"post","link":"https:\/\/info.sadowne.pl\/?p=24406","title":{"rendered":"Gmina Sadowne ze wsparciem z bud\u017cetu wojew\u00f3dztwa mazowieckiego"},"content":{"rendered":"<p><a href=\"http:\/\/info.sadowne.pl\/wp-content\/uploads\/2021\/03\/2021.03.16.5.jpg\" target=\"_blank\" rel=\"noopener\"><img loading=\"lazy\" decoding=\"async\" class=\"alignleft wp-image-24407 size-thumbnail\" src=\"http:\/\/info.sadowne.pl\/wp-content\/uploads\/2021\/03\/2021.03.16.5-180x130.jpg\" alt=\"\" width=\"180\" height=\"130\" \/><\/a><\/p>\n<p><strong>Z du\u017c\u0105 satysfakcj\u0105 pragn\u0119 poinformowa\u0107, \u017ce na Sesji Sejmiku Wojew\u00f3dztwa Mazowieckiego w dn. 16 marca 2021 radni wojew\u00f3dztwa zatwierdzili do dofinansowania dwie wa\u017cne inwestycje zlokalizowane na terenie gminy Sadowne w \u0142\u0105cznej kwocie 8 mln z\u0142.<\/strong><!--more--><\/p>\n<p>Jedna z nich dotyczy rozbudowy ul. Wiejskiej. Z pro\u015bb\u0105 o wsparcie tej inwestycji zwr\u00f3ci\u0142 si\u0119 do mnie W\u00f3jt Gminy Sadowne p. Waldemar Cyran i radny Krzysztof Sych. Poniewa\u017c jest to droga powiatowa, stosowny wniosek do Zarz\u0105du, w\u00f3jt z\u0142o\u017cy\u0142 od powiatu w\u0119growskiego. Ciesz\u0119 si\u0119, \u017ce inicjatyw\u0119 wspar\u0142 p. Marek Renik \u2013 Wicestarosta W\u0119growski oraz radni powiatu. Dzi\u0119ki dobrej wsp\u00f3\u0142pracy gminy, powiatu i wojew\u00f3dztwa przygotowano monta\u017c finansowy w nast\u0119puj\u0105cych kwotach: 4 mln z\u0142 z bud\u017cetu wojew\u00f3dztwa, a pozosta\u0142\u0105 kwot\u0119\u00a0 z 7,5 mln z\u0142 po po\u0142owie z bud\u017cet\u00f3w gminy i powiatu. Rozbudowa ul. Wiejskiej wp\u0142ynie na popraw\u0119 bezpiecze\u0144stwa komunikacyjnego. Zostanie wykorzystana nowa nawierzchnia drogi oraz zbudowany chodnik.<\/p>\n<p>Druga inwestycja, kt\u00f3ra uzyska\u0142a wsparcie w kwocie 4 mln z\u0142, to budowa nowego przedszkola wraz z infrastruktur\u0105 towarzysz\u0105c\u0105. Przedszkole b\u0119dzie budynkiem 6-oddzia\u0142owym, z mo\u017cliwo\u015bci\u0105 przyj\u0119cia 150 dzieci. Obiekt b\u0119dzie przystosowany dla os\u00f3b niepe\u0142nosprawnych. Nowoczesna baza lokalowa przedszkola zapewni podniesienie jako\u015bci i efektywno\u015bci edukacji przedszkolnej.<\/p>\n<p>Rekomendowane wsparcie gminy Sadowne z bud\u017cetu wojew\u00f3dztwa mazowieckiego w kwocie 8 mln z\u0142 by\u0142o mo\u017cliwe dzi\u0119ki mojej wsp\u00f3\u0142pracy zar\u00f3wno z W\u00f3jtem Gminy p. W. Cyranem, jak i Wicestarost\u0105 p. Renikiem.<\/p>\n<p>Gratuluj\u0119 W\u00f3jtowi Gminy Sadowne oraz wszystkim radnym.\u00a0 Mam pewno\u015b\u0107, \u017ce te inwestycje wp\u0142yn\u0105 na rozw\u00f3j naszej Gminy.<\/p>\n<p><strong>\u00a0 \u00a0 \u00a0 \u00a0 \u00a0 \u00a0 \u00a0 \u00a0 \u00a0El\u017cbieta Lanc<\/strong><\/p>\n<p><strong>\u00a0 \u00a0 \u00a0 \u00a0 \u00a0 \u00a0 \u00a0 \u00a0 \u00a0Cz\u0142onek Zarz\u0105du Wojew\u00f3dztwa Mazowieckiego<\/strong><\/p>\n","protected":false},"excerpt":{"rendered":"<p>Z du\u017c\u0105 satysfakcj\u0105 pragn\u0119 poinformowa\u0107, \u017ce na Sesji Sejmiku Wojew\u00f3dztwa Mazowieckiego w dn. 16 marca 2021 radni wojew\u00f3dztwa zatwierdzili do dofinansowania dwie wa\u017cne inwestycje zlokalizowane na terenie gminy Sadowne w \u0142\u0105cznej kwocie 8 mln z\u0142.<\/p>\n","protected":false},"author":1,"featured_media":0,"comment_status":"closed","ping_status":"closed","sticky":false,"template":"","format":"standard","meta":{"footnotes":""},"categories":[5,41],"tags":[1030,395,1033,3523],"class_list":["post-24406","post","type-post","status-publish","format-standard","hentry","category-newsy","category-wiesci-gminne","tag-elzbieta-lanc","tag-marek-renik","tag-waldemar-cyran","tag-wsparcie-finansowe-wojewodztwa-mazowieckiego-dla-gminy-sadowne"],"views":3662,"_links":{"self":[{"href":"https:\/\/info.sadowne.pl\/index.php?rest_route=\/wp\/v2\/posts\/24406","targetHints":{"allow":["GET"]}}],"collection":[{"href":"https:\/\/info.sadowne.pl\/index.php?rest_route=\/wp\/v2\/posts"}],"about":[{"href":"https:\/\/info.sadowne.pl\/index.php?rest_route=\/wp\/v2\/types\/post"}],"author":[{"embeddable":true,"href":"https:\/\/info.sadowne.pl\/index.php?rest_route=\/wp\/v2\/users\/1"}],"replies":[{"embeddable":true,"href":"https:\/\/info.sadowne.pl\/index.php?rest_route=%2Fwp%2Fv2%2Fcomments&post=24406"}],"version-history":[{"count":3,"href":"https:\/\/info.sadowne.pl\/index.php?rest_route=\/wp\/v2\/posts\/24406\/revisions"}],"predecessor-version":[{"id":24410,"href":"https:\/\/info.sadowne.pl\/index.php?rest_route=\/wp\/v2\/posts\/24406\/revisions\/24410"}],"wp:attachment":[{"href":"https:\/\/info.sadowne.pl\/index.php?rest_route=%2Fwp%2Fv2%2Fmedia&parent=24406"}],"wp:term":[{"taxonomy":"category","embeddable":true,"href":"https:\/\/info.sadowne.pl\/index.php?rest_route=%2Fwp%2Fv2%2Fcategories&post=24406"},{"taxonomy":"post_tag","embeddable":true,"href":"https:\/\/info.sadowne.pl\/index.php?rest_route=%2Fwp%2Fv2%2Ftags&post=24406"}],"curies":[{"name":"wp","href":"https:\/\/api.w.org\/{rel}","templated":true}]}}