{"id":24430,"date":"2021-03-19T16:33:46","date_gmt":"2021-03-19T15:33:46","guid":{"rendered":"http:\/\/info.sadowne.pl\/?p=24430"},"modified":"2021-03-19T16:33:46","modified_gmt":"2021-03-19T15:33:46","slug":"komendant-powiatowy-policji-w-wegrowie-pozegnal-sie-z-mundurem","status":"publish","type":"post","link":"https:\/\/info.sadowne.pl\/?p=24430","title":{"rendered":"Komendant Powiatowy Policji w W\u0119growie po\u017cegna\u0142 si\u0119 z mundurem"},"content":{"rendered":"<p><strong><img loading=\"lazy\" decoding=\"async\" class=\"alignleft wp-image-24431 size-thumbnail\" src=\"http:\/\/info.sadowne.pl\/wp-content\/uploads\/2021\/03\/2021.03.19.15-180x130.jpg\" alt=\"\" width=\"180\" height=\"130\" \/>18 marca w W\u0119growie odby\u0142o si\u0119 po\u017cegnanie odchodz\u0105cego na emerytur\u0119 inspektora Andrzeja Styrczuli. <\/strong><!--more--><\/p>\n<p>Komendanta Powiatowego Policji w W\u0119growie insp. Andrzeja Styrczul\u0119, kt\u00f3ry przepracowa\u0142 25 lat w policyjnym mundurze uroczy\u015bcie po\u017cegna\u0142 Komendant Wojew\u00f3dzki Policji zs. w Radomiu nadinsp. Micha\u0142 Ledzion, samorz\u0105dowcy, przedstawiciele s\u0142u\u017cb i instytucji, z kt\u00f3rymi wsp\u00f3\u0142pracowa\u0142, policjanci oraz pracownicy cywilni KPP w W\u0119growie. Obowi\u0105zki s\u0142u\u017cbowe na stanowisku Komendanta Powiatowego Policji w W\u0119growie powierzono m\u0142.insp. Dariuszowi Kr\u00f3lowi.<\/p>\n<p>Dzisiaj w trakcie uroczysto\u015bci, kt\u00f3ra odby\u0142a si\u0119 w Komendzie Powiatowej Policji w W\u0119growie, odby\u0142o si\u0119 po\u017cegnanie insp. Andrzeja Styrczuli, kt\u00f3ry po 25 latach s\u0142u\u017cby rozsta\u0142 si\u0119 z policyjnym mundurem. W imieniu mazowieckich policjant\u00f3w oraz kierownictwa KWP zs. w Radomiu, insp. Andrzeja Styrczul\u0119 po\u017cegna\u0142 Komendant Wojew\u00f3dzki Policji zs. w Radomiu nadinsp. Micha\u0142 Ledzion, podzi\u0119kowa\u0142 odchodz\u0105cemu na emerytur\u0119 za lata rzetelnej i profesjonalnej s\u0142u\u017cby, kt\u00f3ra nieraz wymaga\u0142a wielu wyrzecze\u0144. W dow\u00f3d uznania i wdzi\u0119czno\u015bci za d\u0142ugoletni\u0105 s\u0142u\u017cb\u0119 w policyjnym mundurze nadinsp. Micha\u0142 Ledzion wr\u0119czy\u0142 insp. Andrzejowi Styrczuli pami\u0105tkow\u0105 szabl\u0119 oficersk\u0105.<\/p>\n<p>Senator RP Maria Koc oraz Pose\u0142 RP Maciej G\u00f3rski \u017cyczyli insp. Andrzejowi Styrczuli pomy\u015blno\u015bci oraz realizacji dalszych plan\u00f3w tych poza mundurem. W imieniu zgromadzonych samorz\u0105dowc\u00f3w g\u0142os zabra\u0142a m.in Ewa Besztak, Starosta Powiatu oraz Pawe\u0142 Marchela, Burmistrz Miasta W\u0119growa, kt\u00f3rzy podzi\u0119kowali insp. Andrzejowi Styrczuli za trosk\u0119 i zaanga\u017cowanie w zapewnienie bezpiecze\u0144stwa.<\/p>\n<p>Podczas uroczysto\u015bci insp. Andrzej Styrczula po\u017cegna\u0142 si\u0119 ze sztandarem Komendy Powiatowej Policji w W\u0119growie. Podzi\u0119kowa\u0142 samorz\u0105dowcom i przedstawicielom s\u0142u\u017cb i instytucji za udzielone wsparcie i owocn\u0105 wsp\u00f3\u0142prac\u0119 na rzecz bezpiecze\u0144stwa mieszka\u0144c\u00f3w powiatu w\u0119growskiego. Insp. Andrzej Styrczula podzi\u0119kowa\u0142 tak\u017ce w\u0119growskim funkcjonariuszom i pracownikom cywilnym Policji, z kt\u00f3rymi wsp\u00f3\u0142pracowa\u0142 przez ostatnie sze\u015b\u0107 lat jako komendant. Jak podkre\u015bla\u0142, by\u0142a to praca z profesjonaln\u0105 kadr\u0105, kt\u00f3ra przynosi\u0142a ogromne zadowolenie, satysfakcj\u0119 i dum\u0119.<\/p>\n<p>\u017begnaj\u0105cy si\u0119 z mundurem Komendant Powiatowy Policji w W\u0119growie insp. Andrzej Styrczula s\u0142u\u017cb\u0119 w Policji rozpocz\u0105\u0142 w 1996 roku w Komendzie Miejskiej Policji w Siedlcach w Zespole do walki z Korupcj\u0105. W 2013 obj\u0105\u0142 stanowisko I Zast\u0119pcy Komendanta Powiatowego Policji w W\u0119growie a dwa lata p\u00f3\u017aniej stanowisko Komendanta Powiatowego Policji w W\u0119growie. Ze sztandarem jednostki przywita\u0142 si\u0119 m\u0142. insp Dariusz Kr\u00f3l, kt\u00f3remu zosta\u0142y powierzone obowi\u0105zki na stanowisku Komendanta Powiatowego Policji w W\u0119growie.<\/p>\n<p>\u017byczymy insp. Andrzejowi Styrczuli, by jego dalsza droga \u017cyciowa, ju\u017c poza s\u0142u\u017cb\u0105, przynios\u0142a spe\u0142nienie i realizacj\u0119 pasji i marze\u0144, kt\u00f3re do tej pory odk\u0142adane by\u0142y na p\u00f3\u017aniej. Natomiast m\u0142. insp. Dariuszowi Kr\u00f3lowi \u017cyczymy wytrwa\u0142o\u015bci i wiele satysfakcji ze s\u0142u\u017cby na rzecz mieszka\u0144c\u00f3w powiatu w\u0119growskiego.<\/p>\n<p><strong>Autor: m\u0142. asp. Monika Ksi\u0119\u017copolska<\/strong><\/p>\n<p><strong>\u0179r\u00f3d\u0142o:<\/strong> <a href=\"https:\/\/mazowiecka.policja.gov.pl\/ra\/dzialania-policji\/aktualnosci\/52390,Komendant-Powiatowy-Policji-w-Wegrowie-pozegnal-sie-z-mundurem.html\" target=\"_blank\" rel=\"noopener\">https:\/\/mazowiecka.policja.gov.pl\/ra\/dzialania-policji\/aktualnosci\/52390,Komendant-Powiatowy-Policji-w-Wegrowie-pozegnal-sie-z-mundurem.html<\/a><\/p>\n","protected":false},"excerpt":{"rendered":"<p>18 marca w W\u0119growie odby\u0142o si\u0119 po\u017cegnanie odchodz\u0105cego na emerytur\u0119 inspektora Andrzeja Styrczuli.<\/p>\n","protected":false},"author":1,"featured_media":0,"comment_status":"closed","ping_status":"closed","sticky":false,"template":"","format":"standard","meta":{"footnotes":""},"categories":[5,266,4],"tags":[390,261,3528],"class_list":["post-24430","post","type-post","status-publish","format-standard","hentry","category-newsy","category-policja-policja-straz-pozarna-pogotowie-ratunkowe","category-policja-straz-pozarna-pogotowie-ratunkowe","tag-andrzej-styrczula","tag-komenda-powiatowa-policji-w-wegrowie","tag-pozegnanie-komendanta-powiatowego-policji-w-wegrowie"],"views":3331,"_links":{"self":[{"href":"https:\/\/info.sadowne.pl\/index.php?rest_route=\/wp\/v2\/posts\/24430","targetHints":{"allow":["GET"]}}],"collection":[{"href":"https:\/\/info.sadowne.pl\/index.php?rest_route=\/wp\/v2\/posts"}],"about":[{"href":"https:\/\/info.sadowne.pl\/index.php?rest_route=\/wp\/v2\/types\/post"}],"author":[{"embeddable":true,"href":"https:\/\/info.sadowne.pl\/index.php?rest_route=\/wp\/v2\/users\/1"}],"replies":[{"embeddable":true,"href":"https:\/\/info.sadowne.pl\/index.php?rest_route=%2Fwp%2Fv2%2Fcomments&post=24430"}],"version-history":[{"count":1,"href":"https:\/\/info.sadowne.pl\/index.php?rest_route=\/wp\/v2\/posts\/24430\/revisions"}],"predecessor-version":[{"id":24432,"href":"https:\/\/info.sadowne.pl\/index.php?rest_route=\/wp\/v2\/posts\/24430\/revisions\/24432"}],"wp:attachment":[{"href":"https:\/\/info.sadowne.pl\/index.php?rest_route=%2Fwp%2Fv2%2Fmedia&parent=24430"}],"wp:term":[{"taxonomy":"category","embeddable":true,"href":"https:\/\/info.sadowne.pl\/index.php?rest_route=%2Fwp%2Fv2%2Fcategories&post=24430"},{"taxonomy":"post_tag","embeddable":true,"href":"https:\/\/info.sadowne.pl\/index.php?rest_route=%2Fwp%2Fv2%2Ftags&post=24430"}],"curies":[{"name":"wp","href":"https:\/\/api.w.org\/{rel}","templated":true}]}}