{"id":24433,"date":"2021-03-20T12:23:07","date_gmt":"2021-03-20T11:23:07","guid":{"rendered":"http:\/\/info.sadowne.pl\/?p=24433"},"modified":"2021-03-20T12:23:07","modified_gmt":"2021-03-20T11:23:07","slug":"21-mln-zlotych-na-dzialania-zwiazane-z-przeciwdzialaniem-przemocy-w-rodzinie","status":"publish","type":"post","link":"https:\/\/info.sadowne.pl\/?p=24433","title":{"rendered":"2,1 mln z\u0142otych na dzia\u0142ania zwi\u0105zane z przeciwdzia\u0142aniem przemocy w rodzinie"},"content":{"rendered":"<p><strong><img loading=\"lazy\" decoding=\"async\" class=\"alignleft wp-image-24434 size-thumbnail\" src=\"http:\/\/info.sadowne.pl\/wp-content\/uploads\/2021\/03\/2021.03.20.1-180x130.png\" alt=\"\" width=\"180\" height=\"130\" \/>Do\u015bwiadczanie przemocy domowej powa\u017cnie zaburza \u017cycie jej ofiar. Odbija si\u0119 nie tylko na zdrowiu fizycznym, ale te\u017c psychicznym i na funkcjonowaniu w spo\u0142ecze\u0144stwie. Ofiary wymagaj\u0105 wsparcia. <\/strong><!--more--><\/p>\n<p>Nie mo\u017cna te\u017c zapomina\u0107 o sprawcach. Dodatkowo \u2013 uwra\u017cliwiania na temat przemocy, potrzebuj\u0105 wszyscy, bo ka\u017cdy mo\u017ce zosta\u0107 wci\u0105gni\u0119ty w t\u0119 spiral\u0119. Tak szeroki zakres dzia\u0142a\u0144 planuje obj\u0105\u0107 dotacj\u0105 samorz\u0105d Mazowsza, kt\u00f3ry przeznaczy\u0142 na ten cel w sumie 2,1 mln z\u0142. Mazowieckie Centrum Polityki Spo\u0142ecznej (MCPS) nadal prowadzi nab\u00f3r wniosk\u00f3w dla organizacji pozarz\u0105dowych, kt\u00f3re chc\u0105 skorzysta\u0107 z dotacji.<\/p>\n<p>Z policyjnych danych dotycz\u0105cych przest\u0119pczo\u015bci, wynika, \u017ce w 2019 r. liczba os\u00f3b dotkni\u0119tych przemoc\u0105 w\u00a0rodzinie wynios\u0142a 227 826 (z czego 124 382 stanowi\u0142y kobiety, 39\u00a0625 \u2013 m\u0119\u017cczy\u017ani, a \u00a063 819 \u2013 dzieci). Sprawcami przemocy w\u00a0rodzinie najcz\u0119\u015bciej s\u0105\u00a0m\u0119\u017cczy\u017ani (wg danych Komendy G\u0142\u00f3wnej Policji i TNS OBOP), a ofiarami najcz\u0119\u015bciej kobiety. Nie mo\u017cna jednak pomija\u0107 innych ofiar \u2013 dzieci oraz\u00a0os\u00f3b starszych czy\u00a0z\u00a0niepe\u0142nosprawno\u015bciami.<\/p>\n<p>Dane dotycz\u0105ce zjawiska przemocy s\u0105 ci\u0105gle niedoszacowane, a problem przemocy nie maleje \u2013zw\u0142aszcza od pocz\u0105tku trwania pandemii, gdy ofiary zmuszone s\u0105 niemal\u017ce ca\u0142y czas przebywa\u0107 ze sprawcami.<\/p>\n<p>\u2013 <em>Co roku realizujemy konkursy na rzecz przeciwdzia\u0142ania przemocy w rodzinie, ale po raz pierwszy zaczynamy realizowa\u0107 programy korekcyjne dla tych, kt\u00f3rzy s\u0105 sprawcami przemocy w rodzinie<\/em> \u00a0\u2013 informuje <strong>El\u017cbieta Lanc, <\/strong>cz\u0142onek zarz\u0105du wojew\u00f3dztwa mazowieckiego. \u2013 <em>Czasem jest tak, \u017ce to osoby, kt\u00f3re si\u0119 zgubi\u0142y, kt\u00f3re nie wiedz\u0105, jak sobie poradzi\u0107 z trudnymi emocjami, niekiedy zwi\u0105zanymi z prze\u017cyciami z dzieci\u0144stwa. Bywa, \u017ce jaka\u015b trudna sytuacja zewn\u0119trzna sprawia, \u017ce cz\u0142owiek staje si\u0119 sprawc\u0105 przemocy. Nie da si\u0119 jej przeciwdzia\u0142a\u0107, je\u015bli nie skieruje si\u0119 dzia\u0142a\u0144 do tych, kt\u00f3rzy s\u0105 \u017ar\u00f3d\u0142em, ale kt\u00f3rzy te\u017c potrzebuj\u0105 odpowiedniej pomocy (<\/em><span style=\"color: #0000ff;\"><a style=\"color: #0000ff;\" href=\"http:\/\/info.sadowne.pl\/wp-content\/uploads\/2021\/03\/21-03-20-mp3-elzbieta-lanc-o-przemocy-w-rodzinie.mp3\" target=\"_blank\" rel=\"noopener\"><strong>wi\u0119cej&gt;&gt;&gt;<\/strong><\/a><\/span><em>).<\/em><\/p>\n<p><strong>Wojew\u00f3dzki program \u2013 kierunek dzia\u0142a\u0144<\/strong><\/p>\n<p>Zarz\u0105d wojew\u00f3dztwa przyj\u0105\u0142 niedawno wa\u017cny dokument \u201eWojew\u00f3dzki Program Przeciwdzia\u0142ania Przemocy w Rodzinie Wojew\u00f3dztwa Mazowieckiego na lata 2021\u20132025\u201d. \u2013 <em>Mo\u017cna powiedzie\u0107, \u017ce jest to swoisty drogowskaz dla organizacji pozarz\u0105dowych, kt\u00f3re zajmuj\u0105 si\u0119 prac\u0105 z ofiarami przemocy, ale tak\u017ce organizacji, kt\u00f3re tworz\u0105 projekty dotycz\u0105ce sprawc\u00f3w przemocy. Zach\u0119cam je do zapoznania si\u0119 z rekomendacjami i przede wszystkim do tego, \u017ceby\u015bmy mogli wsp\u00f3lnie razem rozwi\u0105zywa\u0107 problem przemocy na Mazowszu<\/em> \u2013 m\u00f3wi <strong>Aleksander Kornatowski<\/strong>, p.o. dyrektora Mazowieckiego Centrum Polityki Spo\u0142ecznej.<\/p>\n<p>Wojew\u00f3dzki program powsta\u0142, by zmniejszy\u0107 wyst\u0119powanie zjawiska przemocy na Mazowszu. Realizacja dzia\u0142a\u0144 wskazanych w programie ma da\u0107 wzrost \u015bwiadomo\u015bci, \u017ce przemoc w rodzinie to nie problem indywidualny, lecz spo\u0142eczny. Dlatego skuteczne minimalizowanie tego zjawiska wymaga wsp\u00f3lnego wysi\u0142ku wielu instytucji, organizacji, ale te\u017c po prostu mieszka\u0144c\u00f3w wojew\u00f3dztwa. Za\u0142\u0105czony do niego Ramowy Program Ochrony Ofiar Przemocy oraz oddzia\u0142ywa\u0144 Korekcyjno-Edukacyjnych zawiera katalog dzia\u0142a\u0144 interwencyjnych, czyli niezb\u0119dne minimum do pracy z ofiarami przemocy, jak r\u00f3wnie\u017c dla os\u00f3b stosuj\u0105cych przemoc.<\/p>\n<p><strong>Dotacje na przeciwdzia\u0142anie przemocy<\/strong><\/p>\n<p>MCPS na pocz\u0105tku marca og\u0142osi\u0142o konkurs ofert dla organizacji pozarz\u0105dowych, kt\u00f3re podejmuj\u0105 r\u00f3\u017cne inicjatywy zwi\u0105zane z przeciwdzia\u0142aniem przemocy w rodzinie. \u015arodki (w\u00a0sumie 2,1 mln z\u0142) przeznaczone s\u0105 m.in. na dzia\u0142ania, dzi\u0119ki kt\u00f3rym zwi\u0119kszy si\u0119 \u015bwiadomo\u015b\u0107 spo\u0142eczna na temat przemocy, ale te\u017c zaanga\u017cowanie w reagowanie na ni\u0105. Chodzi o promowanie pozytywnych postaw, kszta\u0142towanie w\u015br\u00f3d dzieci i m\u0142odzie\u017cy w\u0142a\u015bciwych zachowa\u0144, m.in. przez wzmacnianie empatii wobec r\u00f3wie\u015bnik\u00f3w dotkni\u0119tych przemoc\u0105 w rodzinie. Efektem dzia\u0142a\u0144 ma by\u0107 te\u017c wi\u0119ksza umiej\u0119tno\u015b\u0107 rozpoznawania zjawiska przemocy w najbli\u017cszym otoczeniu oraz stworzenie sieci sojusznik\u00f3w i ambasador\u00f3w rekomenduj\u0105cych dzia\u0142ania na rzecz dzieci i rodzin zagro\u017conych przemoc\u0105.<\/p>\n<p>W tym roku organizacje pozarz\u0105dowe mog\u0105 r\u00f3wnie\u017c ubiega\u0107 si\u0119 o dotacj\u0119 na przedsi\u0119wzi\u0119cia prowadzone w\u015br\u00f3d sprawc\u00f3w przemocy. Wszystko po to, by nauczyli si\u0119 panowa\u0107 nad emocjami i nabrali umiej\u0119tno\u015bci, kt\u00f3re pozwol\u0105 im niestosowa\u0107 przemocy.<\/p>\n<p>Zadania b\u0119d\u0105 realizowane na podstawie um\u00f3w rocznych, a tak\u017ce um\u00f3w trzyletnich, co da organizacjom pozarz\u0105dowym mo\u017cliwo\u015b\u0107 d\u0142u\u017cszego dzia\u0142ania i rozplanowania swojej pracy. Oferty mo\u017cna sk\u0142ada\u0107 jeszcze do 25 marca 2021 r. Wi\u0119cej szczeg\u00f3\u0142\u00f3w na stronie: <span style=\"color: #0000ff;\"><strong><a style=\"color: #0000ff;\" href=\"https:\/\/mcps.com.pl\/otwarte-konkursy-ofert\/\" target=\"_blank\" rel=\"noopener\">https:\/\/mcps.com.pl\/otwarte-konkursy-ofert\/<\/a><\/strong><\/span>.<\/p>\n<p><em>\u00a0\u00a0\u00a0\u00a0\u00a0\u00a0\u00a0\u00a0\u00a0\u00a0\u00a0\u00a0\u00a0\u00a0\u00a0\u00a0\u00a0\u00a0\u00a0\u00a0\u00a0\u00a0\u00a0\u00a0\u00a0\u00a0\u00a0\u00a0\u00a0\u00a0\u00a0\u00a0\u00a0\u00a0\u00a0\u00a0\u00a0\u00a0\u00a0\u00a0\u00a0\u00a0\u00a0\u00a0\u00a0\u00a0\u00a0\u00a0\u00a0\u00a0\u00a0\u00a0\u00a0\u00a0\u00a0\u00a0\u00a0\u00a0\u00a0\u00a0\u00a0\u00a0\u00a0\u00a0\u00a0\u00a0\u00a0\u00a0\u00a0\u00a0\u00a0 <\/em><\/p>\n<p><em>Hanna Maliszewska<\/em><\/p>\n<p><em>Rzeczniczka Prasowa<\/em><\/p>\n<p><em>Mazowieckie Centrum Polityki Spo\u0142ecznej <\/em><\/p>\n<p><em>tel. 798\u00a0810\u00a0794,<\/em><\/p>\n<p><em>e-mail rzecznik@mcps.com.pl<\/em><\/p>\n","protected":false},"excerpt":{"rendered":"<p>Do\u015bwiadczanie przemocy domowej powa\u017cnie zaburza \u017cycie jej ofiar. Odbija si\u0119 nie tylko na zdrowiu fizycznym, ale te\u017c psychicznym i na funkcjonowaniu w spo\u0142ecze\u0144stwie. Ofiary wymagaj\u0105 wsparcia.<\/p>\n","protected":false},"author":1,"featured_media":0,"comment_status":"closed","ping_status":"closed","sticky":false,"template":"","format":"standard","meta":{"footnotes":""},"categories":[5,1],"tags":[3530,3529,1030,3350],"class_list":["post-24433","post","type-post","status-publish","format-standard","hentry","category-newsy","category-inne","tag-1-mln-zlotych-na-dzialania-zwiazane-z-przeciwdzialaniem-przemocy-w-rodzinie","tag-3529","tag-elzbieta-lanc","tag-mazowieckie-centrum-polityki-spolecznej"],"views":2342,"_links":{"self":[{"href":"https:\/\/info.sadowne.pl\/index.php?rest_route=\/wp\/v2\/posts\/24433","targetHints":{"allow":["GET"]}}],"collection":[{"href":"https:\/\/info.sadowne.pl\/index.php?rest_route=\/wp\/v2\/posts"}],"about":[{"href":"https:\/\/info.sadowne.pl\/index.php?rest_route=\/wp\/v2\/types\/post"}],"author":[{"embeddable":true,"href":"https:\/\/info.sadowne.pl\/index.php?rest_route=\/wp\/v2\/users\/1"}],"replies":[{"embeddable":true,"href":"https:\/\/info.sadowne.pl\/index.php?rest_route=%2Fwp%2Fv2%2Fcomments&post=24433"}],"version-history":[{"count":2,"href":"https:\/\/info.sadowne.pl\/index.php?rest_route=\/wp\/v2\/posts\/24433\/revisions"}],"predecessor-version":[{"id":24437,"href":"https:\/\/info.sadowne.pl\/index.php?rest_route=\/wp\/v2\/posts\/24433\/revisions\/24437"}],"wp:attachment":[{"href":"https:\/\/info.sadowne.pl\/index.php?rest_route=%2Fwp%2Fv2%2Fmedia&parent=24433"}],"wp:term":[{"taxonomy":"category","embeddable":true,"href":"https:\/\/info.sadowne.pl\/index.php?rest_route=%2Fwp%2Fv2%2Fcategories&post=24433"},{"taxonomy":"post_tag","embeddable":true,"href":"https:\/\/info.sadowne.pl\/index.php?rest_route=%2Fwp%2Fv2%2Ftags&post=24433"}],"curies":[{"name":"wp","href":"https:\/\/api.w.org\/{rel}","templated":true}]}}