{"id":24459,"date":"2021-03-24T16:01:37","date_gmt":"2021-03-24T15:01:37","guid":{"rendered":"http:\/\/info.sadowne.pl\/?p=24459"},"modified":"2021-03-24T16:01:37","modified_gmt":"2021-03-24T15:01:37","slug":"pamietamy","status":"publish","type":"post","link":"https:\/\/info.sadowne.pl\/?p=24459","title":{"rendered":"PAMI\u0118TAMY!"},"content":{"rendered":"<p><strong><a href=\"http:\/\/info.sadowne.pl\/wp-content\/uploads\/2021\/03\/2021.03.24.10.jpg\"><img loading=\"lazy\" decoding=\"async\" class=\"alignleft wp-image-24469 size-thumbnail\" src=\"http:\/\/info.sadowne.pl\/wp-content\/uploads\/2021\/03\/2021.03.24.10-180x130.jpg\" alt=\"\" width=\"180\" height=\"130\" \/><\/a>24.03.2021 &#8211; NARODOWY DZIE\u0143 PAMI\u0118CI POLAK\u00d3W RATUJ\u0104CYCH \u017bYD\u00d3W POD OKUPACJ\u0104 NIEMIECK\u0104.<\/strong><!--more--><\/p>\n<p>Ju\u017c po raz czwarty obchodzimy Narodowy Dzie\u0144 Pami\u0119ci Polak\u00f3w ratuj\u0105cych \u017byd\u00f3w pod okupacj\u0105 niemieck\u0105. \u015awi\u0119to zosta\u0142o ustanowione przez Parlament w 2018 roku. Wyb\u00f3r daty nie jest przypadkowy. 24 marca 1944 roku, Niemcy zamordowali w miejscowo\u015bci Markowa, na Podkarpaciu, rodzin\u0119 Ulm\u00f3w: Wiktori\u0119, b\u0119d\u0105c\u0105 w stanie b\u0142ogos\u0142awionym, J\u00f3zefa, sze\u015bcioro ich dzieci oraz 8 \u017byd\u00f3w, kt\u00f3rzy znale\u017ali u nich schronienie.<\/p>\n<p>\u015awi\u0119to ustanowiono ,,w ho\u0142dzie Obywatelom Polskim\u2013bohaterom, kt\u00f3rzy w akcie heroicznej odwagi, niebywa\u0142ego m\u0119stwa, wsp\u00f3\u0142czucia i solidarno\u015bci mi\u0119dzyludzkiej, wierni najwy\u017cszym warto\u015bciom, nakazom chrze\u015bcija\u0144skiego mi\u0142osierdzia oraz etosowi suwerennej Rzeczypospolitej Polskiej, ratowali swoich \u017cydowskich bli\u017anich od Zag\u0142ady, zaplanowanej i realizowanej przez niemieckich oprawc\u00f3w\u201d (Ustawa z 6 marca 2018 r.)<\/p>\n<p>Dwa lata temu, w Sadownem, podczas uroczysto\u015bci ods\u0142oni\u0119cia tablicy upami\u0119tniaj\u0105cej zamordowanych przez Niemc\u00f3w Mariann\u0119, Leona i Stefana Lubkiewicz\u00f3w, premier Mateusz Morawiecki powiedzia\u0142: ,, \u017byd, kt\u00f3ry spotka\u0142 Niemca, stawa\u0142 si\u0119 martwym \u017bydem, a \u017byd, kt\u00f3ry spotka\u0142 Polaka, mia\u0142 szans\u0119 prze\u017cy\u0107. I wszyscy \u017bydzi, kt\u00f3rzy prze\u017cyli II wojn\u0119 \u015bwiatow\u0105 w mniejszym lub wi\u0119kszym stopniu prze\u017cyli j\u0105 dzi\u0119ki tym bochenkom chleba, dzi\u0119ki schronieniu, kt\u00f3rego udzielali im ich polscy s\u0105siedzi\u201d.<\/p>\n<p>Mieszka\u0144cy gminy pami\u0119taj\u0105 o ofiarach II wojny \u015bwiatowej. Na Placu Ko\u015bcielnym znajduje si\u0119 tablica po\u015bwi\u0119cona represjonowanym w czasie II wojny \u015bwiatowej. Widnieje na niej napis: ,,Pami\u0119ci mieszka\u0144c\u00f3w gminy Sadowne pomordowanych, wi\u0119zionych, zes\u0142anych na roboty i zamordowanych przez niemieckiego okupanta. Mieszka\u0144cy i Instytut Pileckiego\u201d.<\/p>\n<p>Cz\u0119\u015b\u0107 Polak\u00f3w, kt\u00f3ra ratowa\u0142a \u017byd\u00f3w podczas wojny, otrzyma\u0142a tytu\u0142 ,,Sprawiedliwego w\u015br\u00f3d Narod\u00f3w \u015awiata\u201d. Tytu\u0142 ten przyznawany jest przez pa\u0144stwo Izrael (Instytut Yad Vashem) osobom za bezinteresown\u0105 pomoc \u017bydom podczas II wojny \u015bwiatowej. Na medalu wr\u0119czanym Sprawiedliwym widnieje sentencja ,,Kto ratuje jedno \u017cycie, ratuje ca\u0142y \u015bwiat\u201d. Do tej pory tytu\u0142 ten otrzyma\u0142o ponad 7000 Polak\u00f3w. Ci\u0105gle przybywa kolejnych Sprawiedliwych.<\/p>\n<p>Sprawiedliwymi z terenu naszej gminy s\u0105:<\/p>\n<p>-Marianna, Leon i Stefan Lubkiewicz,<\/p>\n<p>-Jadwiga Stankiewicz- J\u00f3\u017awik,<\/p>\n<p>-Janina Puszet (czasowo przebywaj\u0105ca w czasie wojny w Sok\u00f3\u0142ce),<\/p>\n<p>-Lucyna Radziejowska (czasowo przebywaj\u0105ca w czasie wojny w P\u0142atkownicy).<\/p>\n<p>Polska by\u0142a jedynym krajem w okupowanej Europie, w kt\u00f3rym za pomoc \u017bydom grozi\u0142a kara \u015bmierci. W Sadownem, przed wojn\u0105 polscy \u017bydzi stanowili 40 % spo\u0142eczno\u015bci.<\/p>\n<p>,,Ja s\u0142ysz\u0119 ten tytu\u0142 i staram si\u0119<\/p>\n<p>O tych ludziach my\u015ble\u0107, co chronili mnie.<\/p>\n<p>Ja pytam i pytam. O na mi\u0142y B\u00f3g, czy ja bym na ich miejscu<\/p>\n<p>Tak uczyni\u0107 m\u00f3g\u0142?\u201d<\/p>\n<p>Wydarzenia sprzed lat nie s\u0105 zamkni\u0119t\u0105 histori\u0105. Ci\u0105gle dowiadujemy si\u0119 o tych, kt\u00f3rzy nie zawahali si\u0119 nie\u015b\u0107 pomoc potrzebuj\u0105cym. Byli w\u015br\u00f3d nas.<\/p>\n\n\t\t<style type=\"text\/css\">\n\t\t\t#gallery-1 {\n\t\t\t\tmargin: auto;\n\t\t\t}\n\t\t\t#gallery-1 .gallery-item {\n\t\t\t\tfloat: left;\n\t\t\t\tmargin-top: 10px;\n\t\t\t\ttext-align: center;\n\t\t\t\twidth: 33%;\n\t\t\t}\n\t\t\t#gallery-1 img {\n\t\t\t\tborder: 2px solid #cfcfcf;\n\t\t\t}\n\t\t\t#gallery-1 .gallery-caption {\n\t\t\t\tmargin-left: 0;\n\t\t\t}\n\t\t\t\/* see gallery_shortcode() in wp-includes\/media.php *\/\n\t\t<\/style>\n\t\t<div id='gallery-1' class='gallery galleryid-24459 gallery-columns-3 gallery-size-thumbnail'><dl class='gallery-item'>\n\t\t\t<dt class='gallery-icon landscape'>\n\t\t\t\t<a href='https:\/\/info.sadowne.pl\/?attachment_id=24460'><img loading=\"lazy\" decoding=\"async\" width=\"180\" height=\"130\" src=\"https:\/\/info.sadowne.pl\/wp-content\/uploads\/2021\/03\/2021.03.24.1-180x130.jpg\" class=\"attachment-thumbnail size-thumbnail\" alt=\"\" \/><\/a>\n\t\t\t<\/dt><\/dl><dl class='gallery-item'>\n\t\t\t<dt class='gallery-icon landscape'>\n\t\t\t\t<a href='https:\/\/info.sadowne.pl\/?attachment_id=24461'><img loading=\"lazy\" decoding=\"async\" width=\"180\" height=\"130\" src=\"https:\/\/info.sadowne.pl\/wp-content\/uploads\/2021\/03\/2021.03.24.2-180x130.jpg\" class=\"attachment-thumbnail size-thumbnail\" alt=\"\" \/><\/a>\n\t\t\t<\/dt><\/dl><dl class='gallery-item'>\n\t\t\t<dt class='gallery-icon landscape'>\n\t\t\t\t<a href='https:\/\/info.sadowne.pl\/?attachment_id=24462'><img loading=\"lazy\" decoding=\"async\" width=\"180\" height=\"130\" src=\"https:\/\/info.sadowne.pl\/wp-content\/uploads\/2021\/03\/2021.03.24.3-180x130.jpg\" class=\"attachment-thumbnail size-thumbnail\" alt=\"\" \/><\/a>\n\t\t\t<\/dt><\/dl><br style=\"clear: both\" \/><dl class='gallery-item'>\n\t\t\t<dt class='gallery-icon landscape'>\n\t\t\t\t<a href='https:\/\/info.sadowne.pl\/?attachment_id=24463'><img loading=\"lazy\" decoding=\"async\" width=\"180\" height=\"130\" src=\"https:\/\/info.sadowne.pl\/wp-content\/uploads\/2021\/03\/2021.03.24.4-180x130.jpg\" class=\"attachment-thumbnail size-thumbnail\" alt=\"\" \/><\/a>\n\t\t\t<\/dt><\/dl><dl class='gallery-item'>\n\t\t\t<dt class='gallery-icon landscape'>\n\t\t\t\t<a href='https:\/\/info.sadowne.pl\/?attachment_id=24464'><img loading=\"lazy\" decoding=\"async\" width=\"180\" height=\"130\" src=\"https:\/\/info.sadowne.pl\/wp-content\/uploads\/2021\/03\/2021.03.24.5-180x130.jpg\" class=\"attachment-thumbnail size-thumbnail\" alt=\"\" \/><\/a>\n\t\t\t<\/dt><\/dl><dl class='gallery-item'>\n\t\t\t<dt class='gallery-icon landscape'>\n\t\t\t\t<a href='https:\/\/info.sadowne.pl\/?attachment_id=24465'><img loading=\"lazy\" decoding=\"async\" width=\"180\" height=\"130\" src=\"https:\/\/info.sadowne.pl\/wp-content\/uploads\/2021\/03\/2021.03.24.6-180x130.jpg\" class=\"attachment-thumbnail size-thumbnail\" alt=\"\" \/><\/a>\n\t\t\t<\/dt><\/dl><br style=\"clear: both\" \/><dl class='gallery-item'>\n\t\t\t<dt class='gallery-icon landscape'>\n\t\t\t\t<a href='https:\/\/info.sadowne.pl\/?attachment_id=24466'><img loading=\"lazy\" decoding=\"async\" width=\"180\" height=\"130\" src=\"https:\/\/info.sadowne.pl\/wp-content\/uploads\/2021\/03\/2021.03.24.7-180x130.jpg\" class=\"attachment-thumbnail size-thumbnail\" alt=\"\" \/><\/a>\n\t\t\t<\/dt><\/dl><dl class='gallery-item'>\n\t\t\t<dt class='gallery-icon landscape'>\n\t\t\t\t<a href='https:\/\/info.sadowne.pl\/?attachment_id=24467'><img loading=\"lazy\" decoding=\"async\" width=\"180\" height=\"130\" src=\"https:\/\/info.sadowne.pl\/wp-content\/uploads\/2021\/03\/2021.03.24.8-180x130.jpg\" class=\"attachment-thumbnail size-thumbnail\" alt=\"\" \/><\/a>\n\t\t\t<\/dt><\/dl><dl class='gallery-item'>\n\t\t\t<dt class='gallery-icon landscape'>\n\t\t\t\t<a href='https:\/\/info.sadowne.pl\/?attachment_id=24468'><img loading=\"lazy\" decoding=\"async\" width=\"180\" height=\"130\" src=\"https:\/\/info.sadowne.pl\/wp-content\/uploads\/2021\/03\/2021.03.24.9-180x130.jpg\" class=\"attachment-thumbnail size-thumbnail\" alt=\"\" \/><\/a>\n\t\t\t<\/dt><\/dl><br style=\"clear: both\" \/><dl class='gallery-item'>\n\t\t\t<dt class='gallery-icon landscape'>\n\t\t\t\t<a href='https:\/\/info.sadowne.pl\/?attachment_id=24469'><img loading=\"lazy\" decoding=\"async\" width=\"180\" height=\"130\" src=\"https:\/\/info.sadowne.pl\/wp-content\/uploads\/2021\/03\/2021.03.24.10-180x130.jpg\" class=\"attachment-thumbnail size-thumbnail\" alt=\"\" \/><\/a>\n\t\t\t<\/dt><\/dl>\n\t\t\t<br style='clear: both' \/>\n\t\t<\/div>\n\n<p><strong>Tekst\/foto:<\/strong> Szko\u0142a Podstawowa w Sadownem<\/p>\n","protected":false},"excerpt":{"rendered":"<p>24.03.2021 &#8211; NARODOWY DZIE\u0143 PAMI\u0118CI POLAK\u00d3W RATUJ\u0104CYCH \u017bYD\u00d3W POD OKUPACJ\u0104 NIEMIECK\u0104.<\/p>\n","protected":false},"author":1,"featured_media":0,"comment_status":"closed","ping_status":"closed","sticky":false,"template":"","format":"standard","meta":{"footnotes":""},"categories":[5,1670,1752,84],"tags":[3537,25,16],"class_list":["post-24459","post","type-post","status-publish","format-standard","hentry","category-newsy","category-druzyna-harcerska-wloczykije","category-edukacja","category-szkola-podstawowa-im-cz-wycecha","tag-narodowy-dzien-pamieci-polakow-ratujacych-zydow-pod-okupacja-niemiecka","tag-sadowne","tag-szkola-podstawowa-w-sadownem"],"views":2558,"_links":{"self":[{"href":"https:\/\/info.sadowne.pl\/index.php?rest_route=\/wp\/v2\/posts\/24459","targetHints":{"allow":["GET"]}}],"collection":[{"href":"https:\/\/info.sadowne.pl\/index.php?rest_route=\/wp\/v2\/posts"}],"about":[{"href":"https:\/\/info.sadowne.pl\/index.php?rest_route=\/wp\/v2\/types\/post"}],"author":[{"embeddable":true,"href":"https:\/\/info.sadowne.pl\/index.php?rest_route=\/wp\/v2\/users\/1"}],"replies":[{"embeddable":true,"href":"https:\/\/info.sadowne.pl\/index.php?rest_route=%2Fwp%2Fv2%2Fcomments&post=24459"}],"version-history":[{"count":1,"href":"https:\/\/info.sadowne.pl\/index.php?rest_route=\/wp\/v2\/posts\/24459\/revisions"}],"predecessor-version":[{"id":24470,"href":"https:\/\/info.sadowne.pl\/index.php?rest_route=\/wp\/v2\/posts\/24459\/revisions\/24470"}],"wp:attachment":[{"href":"https:\/\/info.sadowne.pl\/index.php?rest_route=%2Fwp%2Fv2%2Fmedia&parent=24459"}],"wp:term":[{"taxonomy":"category","embeddable":true,"href":"https:\/\/info.sadowne.pl\/index.php?rest_route=%2Fwp%2Fv2%2Fcategories&post=24459"},{"taxonomy":"post_tag","embeddable":true,"href":"https:\/\/info.sadowne.pl\/index.php?rest_route=%2Fwp%2Fv2%2Ftags&post=24459"}],"curies":[{"name":"wp","href":"https:\/\/api.w.org\/{rel}","templated":true}]}}