{"id":24471,"date":"2021-03-24T20:09:54","date_gmt":"2021-03-24T19:09:54","guid":{"rendered":"http:\/\/info.sadowne.pl\/?p=24471"},"modified":"2021-03-24T20:09:54","modified_gmt":"2021-03-24T19:09:54","slug":"ponad-4-mln-zlotych-przeznaczonych-na-dzialania-dla-seniorow","status":"publish","type":"post","link":"https:\/\/info.sadowne.pl\/?p=24471","title":{"rendered":"Ponad 4 mln z\u0142otych przeznaczonych na dzia\u0142ania dla senior\u00f3w"},"content":{"rendered":"<p><strong><a href=\"http:\/\/info.sadowne.pl\/wp-content\/uploads\/2021\/03\/2021.03.24.12.jpg\" target=\"_blank\" rel=\"noopener\"><img loading=\"lazy\" decoding=\"async\" class=\"alignleft wp-image-24472 size-thumbnail\" src=\"http:\/\/info.sadowne.pl\/wp-content\/uploads\/2021\/03\/2021.03.24.12-180x130.jpg\" alt=\"\" width=\"180\" height=\"130\" \/><\/a>Przestrze\u0144 do spotka\u0144, rozm\u00f3w, nauki, kreatywno\u015bci \u2013 do integracji wewn\u0105trz- i\u00a0mi\u0119dzypokoleniowej. <\/strong><!--more--><\/p>\n<p><strong>Mazowieckie Centrum Polityki Spo\u0142ecznej podpisze z\u00a0organizacjami pozarz\u0105dowymi\u00a0roczne i 3-letnie umowy, kt\u00f3re pozwol\u0105 zorganizowa\u0107 seniorom na Mazowszu aktywne i dostosowane do ich potrzeb sp\u0119dzanie czasu.<\/strong><\/p>\n<p>Polska od wielu lat plasuje si\u0119 na \u015bwiecie w pierwszej trzydziestce kraj\u00f3w demograficznie starych. Prognoza GUS na lata 2007\u20132035 przewiduje dalszy wzrost tych wska\u017anik\u00f3w. To,\u00a0jak b\u0119d\u0105 funkcjonowa\u0107 osoby dojrza\u0142e, jakie stworzy si\u0119 im warunki do uczestniczenia w codzienno\u015bci, w coraz wi\u0119kszym stopniu b\u0119dzie mia\u0142o wp\u0142yw na \u017cycie ca\u0142ego spo\u0142ecze\u0144stwa.<\/p>\n<p>\u2013\u00a0Co roku realizujemy konkursy na rzecz polityki senioralnej. Z\u00a0do\u015bwiadczenia ju\u017c wiemy, jak bardzo s\u0105 one potrzebne. Najwi\u0119kszym zainteresowaniem ciesz\u0105 si\u0119 bony spo\u0142eczna dla senior\u00f3w, bo pozwalaj\u0105 im bra\u0107 udzia\u0142 w wielu ciekawych zaj\u0119ciach, czu\u0107 si\u0119 atrakcyjnie, w kondycji, dba\u0107 o rozw\u00f3j intelektualny. Czas jednak pokaza\u0142, \u017ce wtedy, gdy nie mo\u017cna si\u0119 spotyka\u0107 na \u017cywo, nieocenione jest zdalne wsparcie \u2013 r\u00f3wnie\u017c w postaci telefon\u00f3w zaufania. W dobie pandemii osoby starsze cz\u0119sto s\u0105 jeszcze bardziej odizolowane. Stawiamy wi\u0119c na r\u00f3\u017cnorodne formy dzia\u0142a\u0144, by mogli odnale\u017a\u0107 si\u0119 niezale\u017cnie od okoliczno\u015bci \u2013 m\u00f3wi\u00a0<strong>El\u017cbieta Lanc,\u00a0<\/strong>cz\u0142onek zarz\u0105du wojew\u00f3dztwa mazowieckiego (<span style=\"color: #0000ff;\"><strong><a style=\"color: #0000ff;\" href=\"http:\/\/info.sadowne.pl\/wp-content\/uploads\/2021\/03\/21-03-24-mp3-elzbieta-lanc-o-dofinansowaniu-dzialan-dla-seniorow-1.mp3\" target=\"_blank\" rel=\"noopener\">wi\u0119cej&gt;&gt;&gt;<\/a><\/strong><\/span>).<\/p>\n<p><strong>Po pierwsze \u2013 nie wyklucza\u0107<\/strong><\/p>\n<p>Kwota\u00a0<strong>ponad 4 mln z\u0142<\/strong>\u00a0z bud\u017cetu wojew\u00f3dztwa b\u0119dzie podzielona na sze\u015b\u0107 zada\u0144, kt\u00f3re b\u0119d\u0105 realizowa\u0107 organizacje pozarz\u0105dowe. Cz\u0119\u015b\u0107 dotyczy\u00a0<strong>zwi\u0119kszania samodzielno\u015bci\u00a0senior\u00f3w\u00a0i\u00a0przeciwdzia\u0142ania zagro\u017ceniu marginalizacj\u0105 spo\u0142eczn\u0105<\/strong>. To roczne zadania, na kt\u00f3re przeznaczono\u00a0<strong>ponad 1 mln z\u0142<\/strong>. Mo\u017cna w ubieganiu si\u0119 o dotacj\u0119 na nie otrzyma\u0107 dodatkowe punkty za nawi\u0105zanie wsp\u00f3\u0142pracy partnerskiej, bezpo\u015brednie dzia\u0142ania na rzecz mieszka\u0144c\u00f3w gmin wiejskich lub miejsko-wiejskich.<\/p>\n<p><strong>Wzi\u0105\u0107 sprawy w swoje r\u0119ce<\/strong><\/p>\n<p><strong>300 tys.<\/strong>\u00a0<strong>z\u0142<\/strong>\u00a0przeznaczonych zosta\u0142o na\u00a0<strong>partycypacj\u0119 senior\u00f3w w \u017cyciu spo\u0142ecznym<\/strong>. Chodzi o zwi\u0119kszanie udzia\u0142u os\u00f3b starszych w \u017cyciu spo\u0142ecznym przez inspirowanie lokalnych \u015brodowisk senioralnych do zak\u0142adania rad senior\u00f3w. W ten spos\u00f3b g\u0142os tej grupy wiekowej mo\u017ce by\u0107 lokalnie s\u0142yszalny. W tym przydatku dodatkowe punkty mo\u017cna uzyska\u0107 za do\u015bwiadczenie we wsp\u00f3\u0142pracy z radami senior\u00f3w oraz do\u015bwiadczenie badawcze.<\/p>\n<p><strong>Na nauk\u0119 nigdy nie jest za p\u00f3\u017ano<\/strong><\/p>\n<p>Celem kolejnego zadania jest\u00a0<strong>stymulowanie aktywno\u015bci spo\u0142ecznej i edukacyjnej senior\u00f3w w\u00a0my\u015bl koncepcji uczenia si\u0119 przez ca\u0142e \u017cycie<\/strong>. Kwota\u00a0<strong>900 tys.\u00a0z\u0142<\/strong>\u00a0przeznaczona jest na dzia\u0142ania zwi\u0105zane z \u201epakietami edukacyjnymi\u201d ich promocj\u0119 oraz realizacj\u0119. Pakiety to w praktyce organizacja zaj\u0119\u0107 edukacyjnych dla grupy co najmniej 10 senior\u00f3w. Powinny by\u0107 realizowane przez osoby posiadaj\u0105ce minimum stopnie naukowe i stopnie w zakresie sztuki (stopie\u0144 doktora, stopie\u0144 doktora habilitowanego lub tytu\u0142 profesora) i\u00a0wsp\u00f3\u0142pracuj\u0105ce, np. z Polsk\u0105 Akademi\u0105 Nauk, Uniwersytetem Warszawskim itp. Dodatkowe punkty w ramach oceny merytorycznej mo\u017cna zdoby\u0107 w tym przypadku za nawi\u0105zanie wsp\u00f3\u0142pracy partnerskiej.<\/p>\n<p><strong>Bony na aktywno\u015bci senior\u00f3w<\/strong><\/p>\n<p>Kolejne \u015brodki \u2013\u00a0<strong>900 tys.\u00a0z\u0142,<\/strong>\u00a0zasil\u0105\u00a0<strong>bony spo\u0142eczne dla senior\u00f3w<\/strong>. To zadanie sprawdzi\u0142o si\u0119\u00a0 w poprzednich latach, podpisywane wi\u0119c b\u0119d\u0105 umowy 3-letnie. Bony przeznacza si\u0119 na finansowanie lokalnych inicjatyw spo\u0142ecznych, kt\u00f3re zwi\u0119kszaj\u0105 samodzielno\u015b\u0107 i\u00a0aktywno\u015b\u0107 senior\u00f3w. Mog\u0105 by\u0107 to m.in. dzia\u0142ania kulturowe, edukacyjne, aktywizacja fizyczna lub piel\u0119gnacja tradycji lokalnych. O bony spo\u0142eczne mog\u0105 ubiega\u0107 si\u0119 nieformalne minimum 5-osobowe grupy os\u00f3b starszych.<\/p>\n<p>Organizacje ubiegaj\u0105ce si\u0119 o dotacje na tego typu dzia\u0142ania, mog\u0105 otrzyma\u0107 dodatkowe punkty za minimum 2-letni\u0105 ci\u0105g\u0142o\u015b\u0107 dotychczasowego do\u015bwiadczenia oraz minimum 2-letnie dotychczasowe do\u015bwiadczenie w\u00a0realizacji projekt\u00f3w na rzecz senior\u00f3w.<\/p>\n<p><strong>Senior w Sieci<\/strong><\/p>\n<p><strong>Internetowa platforma informacyjno-poradnikowa<\/strong>\u00a0dla senior\u00f3w \u2013 na to przeznaczone jest\u00a0<strong>300 tys.\u00a0z\u0142<\/strong>. Ma dostarcza\u0107 seniorom nowych, interesuj\u0105cych i\u00a0dostosowanych do ich potrzeb tre\u015bci o\u00a0charakterze informacyjnym, edukacyjnym itp. To r\u00f3wnie\u017c element promowania pozytywnego wizerunku aktywnego starzenia si\u0119. Organizacje ubiegaj\u0105ce si\u0119 o t\u0119 dotacj\u0119 mog\u0105 otrzyma\u0107 dodatkowe punkty za dotychczasowe do\u015bwiadczenie w prowadzeniu platformy internetowej.<\/p>\n<p><strong>Wsparcie dla duszy<\/strong><\/p>\n<p>Przewidziane s\u0105 r\u00f3wnie\u017c \u015brodki \u2013\u00a0<strong>900 tys.\u00a0z\u0142<\/strong>, na\u00a0<strong>niemedyczn\u0105\u00a0pomoc w zakresie ochrony zdrowia psychicznego senior\u00f3w<\/strong>. To z jednej strony zwi\u0119kszenie zakresu i liczby dzia\u0142a\u0144 profilaktycznych utrzymuj\u0105cych aktywno\u015b\u0107 spo\u0142eczn\u0105 senior\u00f3w \u2013 realizowanych w oparciu o\u00a0zdiagnozowane potrzeby. Z drugiej \u2013 funkcjonowanie sprawdzonych, szczeg\u00f3lnie w czasie pandemii, telefon\u00f3w wsparcia lub spotka\u0144 on-line, kt\u00f3re pozwala\u0142y osobom starszym znale\u017a\u0107 r\u00f3wnowag\u0119 w trudnych czasach.<\/p>\n<p>Punkty dodatkowe mo\u017cna uzyska\u0107 za opracowanie i\u00a0upowszechnienie w trakcie realizacji zadania publikacji na temat mo\u017cliwo\u015bci uzyskania pomocy niemedycznej w zakresie ochrony zdrowia psychicznego senior\u00f3w oraz do\u015bwiadczenia w prowadzeniu tzw. telefonu zaufania dla os\u00f3b potrzebuj\u0105cych wsparcia.<\/p>\n<p><strong>Gdzie z\u0142o\u017cy\u0107 wniosek?<\/strong><\/p>\n<p>Zadania b\u0119d\u0105 realizowane na podstawie um\u00f3w rocznych (w przypadku pierwszego \u2013 dotycz\u0105cego zwi\u0119kszania samodzielno\u015bci senior\u00f3w i przeciwdzia\u0142ania zagro\u017ceniu marginalizacj\u0105 spo\u0142eczn\u0105) oraz trzyletnich (pozosta\u0142e zadania). Oferty mo\u017cna sk\u0142ada\u0107 do 16 kwietnia 2021 r. Wi\u0119cej szczeg\u00f3\u0142\u00f3w na stronie: <span style=\"color: #0000ff;\"><strong><a style=\"color: #0000ff;\" href=\"https:\/\/mcps.com.pl\/otwarte-konkursy-ofert\/\" target=\"_blank\" rel=\"noopener\">https:\/\/mcps.com.pl\/otwarte-konkursy-ofert\/<\/a><\/strong><\/span>, a tak\u017ce na platformie Witkac.pl <span style=\"color: #0000ff;\"><strong><a style=\"color: #0000ff;\" href=\"https:\/\/witkac.pl\/public\/#\/Urzad\/Index\/197\" target=\"_blank\" rel=\"noopener\">https:\/\/witkac.pl\/public\/#\/Urzad\/Index\/197<\/a><\/strong><\/span><\/p>\n<p><em>Hanna Maliszewska<\/em><\/p>\n<p><em>Rzeczniczka Prasowa<\/em><\/p>\n<p><em>Mazowieckie Centrum Polityki Spo\u0142ecznej<\/em><\/p>\n<p><em>tel. 798\u00a0810\u00a0794,<\/em><\/p>\n<p><em>e-mail\u00a0<\/em><em><a href=\"https:\/\/poczta.wp.pl\/k\/\">rzecznik@mcps.com.pl<\/a><\/em><\/p>\n","protected":false},"excerpt":{"rendered":"<p>Przestrze\u0144 do spotka\u0144, rozm\u00f3w, nauki, kreatywno\u015bci \u2013 do integracji wewn\u0105trz- i\u00a0mi\u0119dzypokoleniowej.<\/p>\n","protected":false},"author":1,"featured_media":0,"comment_status":"closed","ping_status":"closed","sticky":false,"template":"","format":"standard","meta":{"footnotes":""},"categories":[5,1],"tags":[1030,3350,3538],"class_list":["post-24471","post","type-post","status-publish","format-standard","hentry","category-newsy","category-inne","tag-elzbieta-lanc","tag-mazowieckie-centrum-polityki-spolecznej","tag-ponad-4-mln-zlotych-przeznaczonych-na-dzialania-dla-seniorow"],"views":2563,"_links":{"self":[{"href":"https:\/\/info.sadowne.pl\/index.php?rest_route=\/wp\/v2\/posts\/24471","targetHints":{"allow":["GET"]}}],"collection":[{"href":"https:\/\/info.sadowne.pl\/index.php?rest_route=\/wp\/v2\/posts"}],"about":[{"href":"https:\/\/info.sadowne.pl\/index.php?rest_route=\/wp\/v2\/types\/post"}],"author":[{"embeddable":true,"href":"https:\/\/info.sadowne.pl\/index.php?rest_route=\/wp\/v2\/users\/1"}],"replies":[{"embeddable":true,"href":"https:\/\/info.sadowne.pl\/index.php?rest_route=%2Fwp%2Fv2%2Fcomments&post=24471"}],"version-history":[{"count":2,"href":"https:\/\/info.sadowne.pl\/index.php?rest_route=\/wp\/v2\/posts\/24471\/revisions"}],"predecessor-version":[{"id":24475,"href":"https:\/\/info.sadowne.pl\/index.php?rest_route=\/wp\/v2\/posts\/24471\/revisions\/24475"}],"wp:attachment":[{"href":"https:\/\/info.sadowne.pl\/index.php?rest_route=%2Fwp%2Fv2%2Fmedia&parent=24471"}],"wp:term":[{"taxonomy":"category","embeddable":true,"href":"https:\/\/info.sadowne.pl\/index.php?rest_route=%2Fwp%2Fv2%2Fcategories&post=24471"},{"taxonomy":"post_tag","embeddable":true,"href":"https:\/\/info.sadowne.pl\/index.php?rest_route=%2Fwp%2Fv2%2Ftags&post=24471"}],"curies":[{"name":"wp","href":"https:\/\/api.w.org\/{rel}","templated":true}]}}