{"id":24529,"date":"2021-04-13T12:26:47","date_gmt":"2021-04-13T10:26:47","guid":{"rendered":"http:\/\/info.sadowne.pl\/?p=24529"},"modified":"2021-04-13T12:26:47","modified_gmt":"2021-04-13T10:26:47","slug":"z-archiwum-panstwowego","status":"publish","type":"post","link":"https:\/\/info.sadowne.pl\/?p=24529","title":{"rendered":"Z Archiwum Pa\u0144stwowego&#8230;"},"content":{"rendered":"<p><strong><a href=\"http:\/\/info.sadowne.pl\/wp-content\/uploads\/2021\/04\/2021.04.13.5.jpg\"><img loading=\"lazy\" decoding=\"async\" class=\"alignleft size-thumbnail wp-image-24531\" src=\"http:\/\/info.sadowne.pl\/wp-content\/uploads\/2021\/04\/2021.04.13.5-180x130.jpg\" alt=\"\" width=\"180\" height=\"130\" \/><\/a>Dzi\u0119ki uprzejmo\u015bci p. Wojtka Ostaszewskiego mo\u017cemy Pa\u0144stwu zaprezentowa\u0107 akty ma\u0142\u017ce\u0144stwa i zgon\u00f3w z lat 1810 &#8211; 1811 zarejestrowanych w Parafii Sadowne. <\/strong><!--more--><\/p>\n<p style=\"text-align: center;\"><strong>AKTY MA\u0141\u017bE\u0143STWA<\/strong><br \/>\n<a href=\"http:\/\/info.sadowne.pl\/wp-content\/uploads\/2021\/04\/2021.04.13.5.jpg\"><br \/>\n<img loading=\"lazy\" decoding=\"async\" class=\"aligncenter size-full wp-image-24531\" src=\"http:\/\/info.sadowne.pl\/wp-content\/uploads\/2021\/04\/2021.04.13.5.jpg\" alt=\"\" width=\"605\" height=\"726\" srcset=\"https:\/\/info.sadowne.pl\/wp-content\/uploads\/2021\/04\/2021.04.13.5.jpg 605w, https:\/\/info.sadowne.pl\/wp-content\/uploads\/2021\/04\/2021.04.13.5-250x300.jpg 250w\" sizes=\"auto, (max-width: 605px) 100vw, 605px\" \/><\/a><\/p>\n<p style=\"text-align: center;\"><strong>AKTY ZGON\u00d3W<\/strong><a href=\"http:\/\/info.sadowne.pl\/wp-content\/uploads\/2021\/04\/2021.04.13.6.jpg\"><br \/>\n<img loading=\"lazy\" decoding=\"async\" class=\"aligncenter size-full wp-image-24534\" src=\"http:\/\/info.sadowne.pl\/wp-content\/uploads\/2021\/04\/2021.04.13.6.jpg\" alt=\"\" width=\"607\" height=\"1045\" srcset=\"https:\/\/info.sadowne.pl\/wp-content\/uploads\/2021\/04\/2021.04.13.6.jpg 607w, https:\/\/info.sadowne.pl\/wp-content\/uploads\/2021\/04\/2021.04.13.6-174x300.jpg 174w, https:\/\/info.sadowne.pl\/wp-content\/uploads\/2021\/04\/2021.04.13.6-595x1024.jpg 595w\" sizes=\"auto, (max-width: 607px) 100vw, 607px\" \/><\/a><a href=\"http:\/\/info.sadowne.pl\/wp-content\/uploads\/2021\/04\/2021.04.13.3.jpg\"><img loading=\"lazy\" decoding=\"async\" class=\"aligncenter size-full wp-image-24535\" src=\"http:\/\/info.sadowne.pl\/wp-content\/uploads\/2021\/04\/2021.04.13.3.jpg\" alt=\"\" width=\"532\" height=\"1243\" srcset=\"https:\/\/info.sadowne.pl\/wp-content\/uploads\/2021\/04\/2021.04.13.3.jpg 532w, https:\/\/info.sadowne.pl\/wp-content\/uploads\/2021\/04\/2021.04.13.3-128x300.jpg 128w, https:\/\/info.sadowne.pl\/wp-content\/uploads\/2021\/04\/2021.04.13.3-438x1024.jpg 438w\" sizes=\"auto, (max-width: 532px) 100vw, 532px\" \/><\/a><a href=\"http:\/\/info.sadowne.pl\/wp-content\/uploads\/2021\/04\/2021.04.13.4.jpg\"><img loading=\"lazy\" decoding=\"async\" class=\"aligncenter size-full wp-image-24536\" src=\"http:\/\/info.sadowne.pl\/wp-content\/uploads\/2021\/04\/2021.04.13.4.jpg\" alt=\"\" width=\"538\" height=\"543\" srcset=\"https:\/\/info.sadowne.pl\/wp-content\/uploads\/2021\/04\/2021.04.13.4.jpg 538w, https:\/\/info.sadowne.pl\/wp-content\/uploads\/2021\/04\/2021.04.13.4-297x300.jpg 297w\" sizes=\"auto, (max-width: 538px) 100vw, 538px\" \/><\/a><\/p>\n","protected":false},"excerpt":{"rendered":"<p>Dzi\u0119ki uprzejmo\u015bci p. Wojtka Ostaszewskiego mo\u017cemy Pa\u0144stwu zaprezentowa\u0107 akty ma\u0142\u017ce\u0144stwa i zgon\u00f3w z lat 1810 &#8211; 1811 zarejestrowanych w Parafii Sadowne.<\/p>\n","protected":false},"author":1,"featured_media":0,"comment_status":"closed","ping_status":"closed","sticky":false,"template":"","format":"standard","meta":{"footnotes":""},"categories":[5,1678,31],"tags":[1672,274,3544],"class_list":["post-24529","post","type-post","status-publish","format-standard","hentry","category-newsy","category-metryki","category-historia-gminy","tag-ksiegi-metrykalne-gminy-sadowne","tag-parafia-sadowne","tag-wojciech-ostaszewski"],"views":2549,"_links":{"self":[{"href":"https:\/\/info.sadowne.pl\/index.php?rest_route=\/wp\/v2\/posts\/24529","targetHints":{"allow":["GET"]}}],"collection":[{"href":"https:\/\/info.sadowne.pl\/index.php?rest_route=\/wp\/v2\/posts"}],"about":[{"href":"https:\/\/info.sadowne.pl\/index.php?rest_route=\/wp\/v2\/types\/post"}],"author":[{"embeddable":true,"href":"https:\/\/info.sadowne.pl\/index.php?rest_route=\/wp\/v2\/users\/1"}],"replies":[{"embeddable":true,"href":"https:\/\/info.sadowne.pl\/index.php?rest_route=%2Fwp%2Fv2%2Fcomments&post=24529"}],"version-history":[{"count":1,"href":"https:\/\/info.sadowne.pl\/index.php?rest_route=\/wp\/v2\/posts\/24529\/revisions"}],"predecessor-version":[{"id":24537,"href":"https:\/\/info.sadowne.pl\/index.php?rest_route=\/wp\/v2\/posts\/24529\/revisions\/24537"}],"wp:attachment":[{"href":"https:\/\/info.sadowne.pl\/index.php?rest_route=%2Fwp%2Fv2%2Fmedia&parent=24529"}],"wp:term":[{"taxonomy":"category","embeddable":true,"href":"https:\/\/info.sadowne.pl\/index.php?rest_route=%2Fwp%2Fv2%2Fcategories&post=24529"},{"taxonomy":"post_tag","embeddable":true,"href":"https:\/\/info.sadowne.pl\/index.php?rest_route=%2Fwp%2Fv2%2Ftags&post=24529"}],"curies":[{"name":"wp","href":"https:\/\/api.w.org\/{rel}","templated":true}]}}