{"id":24542,"date":"2021-04-13T15:05:43","date_gmt":"2021-04-13T13:05:43","guid":{"rendered":"http:\/\/info.sadowne.pl\/?p=24542"},"modified":"2021-04-13T15:27:56","modified_gmt":"2021-04-13T13:27:56","slug":"gdzie-jest-ten-zapomniany-pomnik","status":"publish","type":"post","link":"https:\/\/info.sadowne.pl\/?p=24542","title":{"rendered":"Gdzie jest ten zapomniany pomnik?"},"content":{"rendered":"<p><a href=\"http:\/\/info.sadowne.pl\/wp-content\/uploads\/2021\/04\/2021.04.13.21.jpg\" target=\"_blank\" rel=\"noopener\"><img loading=\"lazy\" decoding=\"async\" class=\"alignleft wp-image-24543 size-thumbnail\" src=\"http:\/\/info.sadowne.pl\/wp-content\/uploads\/2021\/04\/2021.04.13.21-180x130.jpg\" alt=\"\" width=\"180\" height=\"130\" \/><\/a><\/p>\n<p><strong>Zapewne wszyscy wiemy, \u017ce obok jednej z g\u0142\u00f3wnych dr\u00f3g w okolicach Sadownego. <\/strong><!--more--><\/p>\n<p>Stoi w tym samym miejscu od p\u00f3\u0142wiecza. Jest zapomniany przez wszystkich, wida\u0107 na nim nieub\u0142aganie i szybko mijaj\u0105ce lata. Co przedstawia? Mo\u017ce, ze wzgl\u0119du na sw\u00f3j stan i wygl\u0105d &#8211; zbli\u017caj\u0105c\u0105 si\u0119 katastrof\u0119 wsp\u00f3\u0142czesnego nam \u015bwiata, a mo\u017ce wci\u0105\u017c daje nadziej\u0119 na lepsze jutro.<\/p>\n<p><a href=\"http:\/\/info.sadowne.pl\/wp-content\/uploads\/2021\/04\/2021.04.13.23.jpg\" target=\"_blank\" rel=\"noopener\"><img loading=\"lazy\" decoding=\"async\" class=\"alignright wp-image-24544 size-thumbnail\" src=\"http:\/\/info.sadowne.pl\/wp-content\/uploads\/2021\/04\/2021.04.13.23-180x130.jpg\" alt=\"\" width=\"180\" height=\"130\" \/><\/a>Przypomina symbol preferowany przez obro\u0144c\u00f3w \u015brodowiska nosz\u0105cy nazw\u0119: \u201ePrzysz\u0142o\u015b\u0107 Ziemi wci\u0105\u017c jest w naszych r\u0119kach\u201d i\u2026 trzymajmy si\u0119 tego has\u0142a.<\/p>\n<p><strong>Kto o nim zapomnia\u0142?<\/strong> <strong>Wszyscy!!!<\/strong><\/p>\n<p><strong>Co z przysz\u0142o\u015bci\u0105 i chronionym przez nas \u015brodowiskiem?<\/strong> <em>Chocia\u017c jest to trudne, wci\u0105\u017c mo\u017cna i nale\u017cy wierzy\u0107, \u017ce jednak uda nam si\u0119 unikn\u0105\u0107 katastrofy<\/em> \u2013 m\u00f3wi Joanna Mieszkowicz z Fundacji Aeris Futuro na temat zmian klimatu oraz tego, co ka\u017cdy z nas na co dzie\u0144 mo\u017ce robi\u0107, by bardziej dba\u0107 o \u015brodowisko.<\/p>\n<p><em>Coraz wi\u0119cej ludzi chce \u017cy\u0107 na coraz wy\u017cszym poziomie i komfortowo: najlepiej mie\u0107 samoch\u00f3d, na wakacje podr\u00f3\u017cowa\u0107 samolotem, posiada\u0107 kolejne dobra materialne, wymienia\u0107 odzie\u017c, bo trzeba pod\u0105\u017ca\u0107 za mod\u0105. To wszystko nie zostaje bez znaczenia dla naszego \u015brodowiska i odbija si\u0119 na zmianach klimatu. Wszystko to wymaga bowiem korzystania z energii, kt\u00f3ra pochodzi najcz\u0119\u015bciej ze \u017ar\u00f3de\u0142 nieodnawialnych.<\/em><\/p>\n<p>Nie ma jednak mo\u017cliwo\u015bci, \u017ce b\u0119dziemy \u017cy\u0107 coraz lepiej w niesko\u0144czono\u015b\u0107. Globalne zmiany klimatu odbijaj\u0105 si\u0119 na naszym \u017cyciu, nawet je\u015bli nie wida\u0107 tego wprost.<\/p>\n<p><strong>Mo\u017cemy przeciwdzia\u0142a\u0107 tym zjawiskom na co dzie\u0144?<\/strong><\/p>\n<p><em>\u2013 Zacznijmy od ma\u0142ych rzeczy. Warto unika\u0107 samochodu i korzysta\u0107 z transportu zbiorowego, komunikacji miejskiej, a najlepiej spacerowa\u0107 lub jecha\u0107 rowerem. Coraz wi\u0119cej os\u00f3b unika podr\u00f3\u017cowania samolotem, szczeg\u00f3lnie na kr\u00f3tkich odcinkach, co ma spore znaczenie, bo maszyny te emituj\u0105 mn\u00f3stwo zanieczyszcze\u0144 przy starcie i l\u0105dowaniu. Mo\u017cna podejmowa\u0107 r\u00f3\u017cne dzia\u0142ania na etapie budowy lub remontu domu, by by\u0142 on energooszcz\u0119dny albo nawet pasywny, czyli taki, w kt\u00f3rym energi\u0119 czerpie si\u0119 z odnawialnych \u017ar\u00f3de\u0142 energii, na przyk\u0142ad fotowoltaiki. Koniecznie trzeba te\u017c wymieni\u0107 piec na nowszy, by nie kopci\u0142. Bardzo wa\u017cna jest nasza dieta \u2013 w tym przypadku mamy ogromne mo\u017cliwo\u015bci decyzyjne. Trzeba wiedzie\u0107, \u017ce produkcja wo\u0142owiny jest bardzo szkodliwa dla klimatu, chocia\u017cby dlatego, \u017ce zu\u017cywa si\u0119 przy niej mn\u00f3stwo litr\u00f3w wody. Kolejne dzia\u0142anie zwi\u0105zane jest z zieleni\u0105, mo\u017cna prowadzi\u0107 ogr\u00f3dek, zak\u0142ada\u0107 ogrody deszczowe lub wykorzystywa\u0107 deszcz\u00f3wk\u0119 do nawadniania ogrodu. Ziele\u0144 jest wa\u017cna tak\u017ce dlatego, \u017ce jej obecno\u015b\u0107 obni\u017ca temperatur\u0119, wi\u0119c tak\u017ce w miastach powinni\u015bmy mie\u0107 jak najwi\u0119cej zieleni i miejsc z wod\u0105. B\u0119dzie si\u0119 nam dzi\u0119ki temu te\u017c lepiej oddycha\u0107 i \u017cy\u0107. Warto wi\u0119c walczy\u0107 o zielone \u015bciany, dachy, czy nawet ma\u0142e skrzynki z ro\u015blinami zawieszone pod rynnami.<\/em><\/p>\n<p><strong>Jakie mog\u0105 by\u0107 indywidualne korzy\u015bci z takich dzia\u0142a\u0144? Moralne, finansowe, zdrowotne?<\/strong><\/p>\n<p><em>\u2013 Je\u015bli chodzi o finanse, to w przypadku wykorzystania deszcz\u00f3wki czy nawet nieje\u017cd\u017cenia samochodem do pracy jeste\u015bmy w stanie zaoszcz\u0119dzi\u0107 mn\u00f3stwo pieni\u0119dzy. A cz\u0119sto tak\u017ce czas, bo bywa, \u017ce komunikacja miejska jedzie szybciej. Mamy wi\u0119c czas dla siebie, nie trzeba si\u0119 stresowa\u0107 prowadzeniem auta, mo\u017cna poczyta\u0107 ksi\u0105\u017ck\u0119, pomy\u015ble\u0107 o czym\u015b. Tworz\u0105c ogr\u00f3dki warzywne, mo\u017cemy zaoszcz\u0119dzi\u0107 podczas zakup\u00f3w, a je\u015bli s\u0105 to ogr\u00f3dki prowadzone spo\u0142ecznie, nawi\u0105zujemy tak\u017ce wi\u0119zi z innymi lud\u017ami, kt\u00f3re s\u0105 bardzo potrzebne, szczeg\u00f3lnie w du\u017cych miastach. Warto te\u017c kupowa\u0107 produkty lokalne, mo\u017cna poszuka\u0107 kooperatyw, kt\u00f3re dzia\u0142aj\u0105 w pobli\u017cu. Z kolei dzi\u0119ki idei zero waste, kt\u00f3ra zak\u0142ada jak najmniejsz\u0105 produkcj\u0119 \u015bmieci, mo\u017cemy oszcz\u0119dzi\u0107 czas i energi\u0119. Im mniej opakowa\u0144 zu\u017cyjemy, im wi\u0119cej rzeczy b\u0119dziemy wykorzystywa\u0107 wiele razy, tym wi\u0119cej te\u017c zaoszcz\u0119dzimy pieni\u0119dzy.<\/em><\/p>\n<p><a href=\"http:\/\/info.sadowne.pl\/wp-content\/uploads\/2021\/04\/2021.04.13.22.jpg\" target=\"_blank\" rel=\"noopener\"><img loading=\"lazy\" decoding=\"async\" class=\"alignright wp-image-24545 size-thumbnail\" src=\"http:\/\/info.sadowne.pl\/wp-content\/uploads\/2021\/04\/2021.04.13.22-180x130.jpg\" alt=\"\" width=\"180\" height=\"130\" \/><\/a><\/p>\n<p><strong>No i gdzie jest ten pomnik?<\/strong> Oczywi\u015bcie pomnik czy te\u017c rze\u017aba znajduje si\u0119 przy dawnym Zak\u0142adzie \u201eSilikaty\u201d w Sadownem.<\/p>\n<p><strong>Tekst\/foto:<\/strong> S\u0142awek Chyli\u0144ski<\/p>\n<p><strong>\u0179r\u00f3d\u0142o:<\/strong> <a href=\"https:\/\/publicystyka.ngo.pl\/przyszlosc-ziemi-wciaz-jest-w-naszych-rekach\">https:\/\/publicystyka.ngo.pl\/przyszlosc-ziemi-wciaz-jest-w-naszych-rekach<\/a><\/p>\n","protected":false},"excerpt":{"rendered":"<p>Zapewne wszyscy wiemy, \u017ce obok jednej z g\u0142\u00f3wnych dr\u00f3g w okolicach Sadownego.<\/p>\n","protected":false},"author":1,"featured_media":0,"comment_status":"closed","ping_status":"closed","sticky":false,"template":"","format":"standard","meta":{"footnotes":""},"categories":[5,1],"tags":[3546,3548,25,3547],"class_list":["post-24542","post","type-post","status-publish","format-standard","hentry","category-newsy","category-inne","tag-pomnik","tag-przyszlosc-ziemi-w-naszych-rekach","tag-sadowne","tag-srodowisko"],"views":2888,"_links":{"self":[{"href":"https:\/\/info.sadowne.pl\/index.php?rest_route=\/wp\/v2\/posts\/24542","targetHints":{"allow":["GET"]}}],"collection":[{"href":"https:\/\/info.sadowne.pl\/index.php?rest_route=\/wp\/v2\/posts"}],"about":[{"href":"https:\/\/info.sadowne.pl\/index.php?rest_route=\/wp\/v2\/types\/post"}],"author":[{"embeddable":true,"href":"https:\/\/info.sadowne.pl\/index.php?rest_route=\/wp\/v2\/users\/1"}],"replies":[{"embeddable":true,"href":"https:\/\/info.sadowne.pl\/index.php?rest_route=%2Fwp%2Fv2%2Fcomments&post=24542"}],"version-history":[{"count":2,"href":"https:\/\/info.sadowne.pl\/index.php?rest_route=\/wp\/v2\/posts\/24542\/revisions"}],"predecessor-version":[{"id":24547,"href":"https:\/\/info.sadowne.pl\/index.php?rest_route=\/wp\/v2\/posts\/24542\/revisions\/24547"}],"wp:attachment":[{"href":"https:\/\/info.sadowne.pl\/index.php?rest_route=%2Fwp%2Fv2%2Fmedia&parent=24542"}],"wp:term":[{"taxonomy":"category","embeddable":true,"href":"https:\/\/info.sadowne.pl\/index.php?rest_route=%2Fwp%2Fv2%2Fcategories&post=24542"},{"taxonomy":"post_tag","embeddable":true,"href":"https:\/\/info.sadowne.pl\/index.php?rest_route=%2Fwp%2Fv2%2Ftags&post=24542"}],"curies":[{"name":"wp","href":"https:\/\/api.w.org\/{rel}","templated":true}]}}