{"id":24551,"date":"2021-04-15T10:38:57","date_gmt":"2021-04-15T08:38:57","guid":{"rendered":"http:\/\/info.sadowne.pl\/?p=24551"},"modified":"2021-04-15T10:38:57","modified_gmt":"2021-04-15T08:38:57","slug":"judym-nad-bugiem","status":"publish","type":"post","link":"https:\/\/info.sadowne.pl\/?p=24551","title":{"rendered":"JUDYM NAD BUGIEM"},"content":{"rendered":"<p><strong><a href=\"http:\/\/info.sadowne.pl\/wp-content\/uploads\/2021\/04\/Brok39.jpg\" target=\"_blank\" rel=\"noopener\"><img loading=\"lazy\" decoding=\"async\" class=\"alignleft wp-image-24552 size-thumbnail\" src=\"http:\/\/info.sadowne.pl\/wp-content\/uploads\/2021\/04\/Brok39-180x130.jpg\" alt=\"\" width=\"180\" height=\"130\" \/><\/a>Pewien starszy wiekiem podr\u00f3\u017cny, odwiedzaj\u0105c na prze\u0142omie XIX i XX w. zakopia\u0144sk\u0105 nekropoli\u0119 odni\u00f3s\u0142 ca\u0142kiem sympatyczne wra\u017cenie: <\/strong><!--more--><\/p>\n<p>\u201eCmentarzyk bardzo zach\u0119caj\u0105cy, bo bardzo ma\u0142y; widocznie w Zakopanem niewielu musi by\u0107 lekarzy, st\u0105d i wi\u0119ksza \u015bmiertelno\u015b\u0107 nie wesz\u0142a jeszcze w mod\u0119\u201d.<\/p>\n<p>Myli\u0142 si\u0119 \u00f3w w\u0119drowiec, bo by\u0142a w\u00f3wczas w Zakopanem armijka medyk\u00f3w, a po\u015br\u00f3d nich i g\u0142\u00f3wny nasz bohater. Zanim jednak do jego czcigodnej osoby przejdziemy, spotkajmy si\u0119 z inn\u0105, lecz nie mniej zacn\u0105. Jest czerwiec roku 1903 i Stanis\u0142aw Witkiewicz \u2013 z profesji znany artysta, malarz, pisarz i redaktor \u2013 przygotowuje si\u0119 w swym zakopia\u0144skim mieszkaniu do wyjazdu do Lwowa. Dla pi\u0119\u0107dziesi\u0119cioletniego, schorowanego cz\u0142owieka taka wyprawa to nie fraszka, zw\u0142aszcza gdy ma si\u0119 ledwie zaleczon\u0105 gru\u017alic\u0119. Zrezygnowa\u0107 z podr\u00f3\u017cy nie mo\u017ce, bo we Lwowie odb\u0119dzie si\u0119 proces wytoczony arty\u015bcie przez rz\u0105dz\u0105c\u0105 Zakopanem klik\u0119, a dok\u0142adniej przez m\u0142odego lekarza Jana Gaika. Gaik to jedynie figurant, kt\u00f3remu tego\u017c szwagier, w\u0142adaj\u0105cy Zakopanem dr Andrzej Chramiec wyznaczy\u0142 rol\u0119 pogromcy Witkiewicza. Ten ostatni jest cz\u0142owiekiem z gruntu w wi\u0119kszo\u015bci spraw \u017cyciowych niepraktycznym, wi\u0119c i w tej sprawie sam jest sobie winien. Winien tego, \u017ce pomimo swej wielkiej \u0142agodno\u015bci straci\u0142 w ko\u0144cu cierpliwo\u015b\u0107 i po kilkunastu latach przygl\u0105dania si\u0119 zakopia\u0144skim matactwom opisa\u0142 tutejsze stosunki w ksi\u0105\u017ceczce pod wiele m\u00f3wi\u0105cym tytu\u0142em\u00a0<em>Bagno<\/em>. Czar\u0119 goryczy artysty przela\u0142a bezwzgl\u0119dno\u015b\u0107, z jak\u0105 grupa Chramca zwalcza\u0142a lekarza stacji klimatycznej w Zakopanem dr. Tomasza Wiktora Janiszewskiego.<\/p>\n<p><strong>Wi\u0119cej na stronie <span style=\"color: #0000ff;\"><a style=\"color: #0000ff;\" href=\"http:\/\/madzelan.cba.pl\/judym-nad-bugiem\/\" target=\"_blank\" rel=\"noopener\">http:\/\/madzelan.cba.pl\/judym-nad-bugiem\/<\/a><\/span><\/strong><\/p>\n","protected":false},"excerpt":{"rendered":"<p>Pewien starszy wiekiem podr\u00f3\u017cny, odwiedzaj\u0105c na prze\u0142omie XIX i XX w. zakopia\u0144sk\u0105 nekropoli\u0119 odni\u00f3s\u0142 ca\u0142kiem sympatyczne wra\u017cenie:<\/p>\n","protected":false},"author":1,"featured_media":0,"comment_status":"closed","ping_status":"closed","sticky":false,"template":"","format":"standard","meta":{"footnotes":""},"categories":[5,3436,31],"tags":[3004,3551,2956,3550],"class_list":["post-24551","post","type-post","status-publish","format-standard","hentry","category-newsy","category-opowiesci-historie-legendy-brokowskie-i-nie-tylko","category-historia-gminy","tag-jerzy-madzelan","tag-judym-nad-bugiem","tag-opowiesci-historie-legendy-brokowskie-i-nie-tylko","tag-tomasz-wiktor-janiszewski"],"views":2052,"_links":{"self":[{"href":"https:\/\/info.sadowne.pl\/index.php?rest_route=\/wp\/v2\/posts\/24551","targetHints":{"allow":["GET"]}}],"collection":[{"href":"https:\/\/info.sadowne.pl\/index.php?rest_route=\/wp\/v2\/posts"}],"about":[{"href":"https:\/\/info.sadowne.pl\/index.php?rest_route=\/wp\/v2\/types\/post"}],"author":[{"embeddable":true,"href":"https:\/\/info.sadowne.pl\/index.php?rest_route=\/wp\/v2\/users\/1"}],"replies":[{"embeddable":true,"href":"https:\/\/info.sadowne.pl\/index.php?rest_route=%2Fwp%2Fv2%2Fcomments&post=24551"}],"version-history":[{"count":1,"href":"https:\/\/info.sadowne.pl\/index.php?rest_route=\/wp\/v2\/posts\/24551\/revisions"}],"predecessor-version":[{"id":24553,"href":"https:\/\/info.sadowne.pl\/index.php?rest_route=\/wp\/v2\/posts\/24551\/revisions\/24553"}],"wp:attachment":[{"href":"https:\/\/info.sadowne.pl\/index.php?rest_route=%2Fwp%2Fv2%2Fmedia&parent=24551"}],"wp:term":[{"taxonomy":"category","embeddable":true,"href":"https:\/\/info.sadowne.pl\/index.php?rest_route=%2Fwp%2Fv2%2Fcategories&post=24551"},{"taxonomy":"post_tag","embeddable":true,"href":"https:\/\/info.sadowne.pl\/index.php?rest_route=%2Fwp%2Fv2%2Ftags&post=24551"}],"curies":[{"name":"wp","href":"https:\/\/api.w.org\/{rel}","templated":true}]}}