{"id":24581,"date":"2021-04-26T10:41:35","date_gmt":"2021-04-26T08:41:35","guid":{"rendered":"http:\/\/info.sadowne.pl\/?p=24581"},"modified":"2021-04-26T10:41:35","modified_gmt":"2021-04-26T08:41:35","slug":"kronika-strazacka-19-25-kwietnia-2021","status":"publish","type":"post","link":"https:\/\/info.sadowne.pl\/?p=24581","title":{"rendered":"Kronika stra\u017cacka 19 \u2013 25 kwietnia 2021"},"content":{"rendered":"<p><strong><a href=\"http:\/\/info.sadowne.pl\/wp-content\/uploads\/2013\/07\/straz3.jpg\"><img loading=\"lazy\" decoding=\"async\" class=\"alignleft size-thumbnail wp-image-2625\" src=\"http:\/\/info.sadowne.pl\/wp-content\/uploads\/2013\/07\/straz3-180x130.jpg\" alt=\"\" width=\"180\" height=\"130\" \/><\/a>W<\/strong><strong> okresie<\/strong><strong> od <\/strong><strong>19 do <\/strong><strong>25.04.2021 r.<\/strong><strong> na<\/strong><strong> terenie<\/strong><strong> powiatu<\/strong><strong> w\u0119growskiego<\/strong><strong> zanotowano: <\/strong><strong>18 zdarze\u0144,<\/strong><strong> przy<\/strong><strong> kt\u00f3rych<\/strong><strong> interweniowa\u0142y<\/strong><strong> jednostki<\/strong><strong> ochrony<\/strong><strong> przeciwpo\u017carowej, w tym:<\/strong><strong> 8 po\u017car\u00f3w i 10 miejscowych zagro\u017ce\u0144.<\/strong><!--more--><\/p>\n<p>21.04.2021 &#8211; W\u0119gr\u00f3w \u2013 Wypadek dw\u00f3ch samochod\u00f3w osobowych.<\/p>\n<p>Dy\u017curny SK PSP zadysponowa\u0142 do zdarzenia 2 zast\u0119py ratownicze. Po przybyciu na miejsce zdarzenia, stra\u017cacy stwierdzili, \u017ce na skrzy\u017cowaniu ulic Mickiewicza-Ko\u015bciuszki dosz\u0142o do zdarzenia drogowego z udzia\u0142em 2 samochod\u00f3w osobowych. Kierowca samochodu marki Mondeo opu\u015bci\u0142 pojazd o w\u0142asnych si\u0142ach natomiast w samochodzie marki Mazda znajdowa\u0142y si\u0119 trzy osoby przytomne b\u0119d\u0105ce w trakcie badania na COVID przeprowadzonego przez zesp\u00f3\u0142 ZRM, kt\u00f3ry przyby\u0142a miejsce zdarzenia przed zast\u0119pami stra\u017cy po\u017carnej. Badanie uczestnik\u00f3w zdarzenia przez ZRM wykluczy\u0142o konieczno\u015b\u0107 hospitalizacji. Dzia\u0142ania zast\u0119p\u00f3w polega\u0142y na zabezpieczeniu miejsca zdarzenia, od\u0142\u0105czania akumulator\u00f3w w pojazdach oraz sprawdzenia ewentualnych wyciek\u00f3w p\u0142yn\u00f3w eksploatacyjnych (nie stwierdzono). Po przekazaniu miejsca zdarzenia przyby\u0142emu patrolowi Policji, dzia\u0142ania zako\u0144czono, a zast\u0119py powr\u00f3ci\u0142y do koszar. W dzia\u0142ania bra\u0142 udzia\u0142 2 zast\u0119py \u2013 6 ratownik\u00f3w.<strong>\u00a0<\/strong><\/p>\n<p>23.04.2021 \u2013 Polk\u00f3w Saga\u0142y, gm. Gr\u0119bk\u00f3w \u2013 Dachowanie samochodu.<\/p>\n<p>Dy\u017curny SK na miejsce zdarzenia zadysponowa\u0142 zast\u0119py PSP: 2 zast\u0119py z JRG PSP Wegr\u00f3w i 1 zast\u0119p OSP Polk\u00f3w Saga\u0142y. Po doje\u017adzie na miejsce zdarzenia stra\u017cacy stwierdzili, \u017ce dosz\u0142o do dachowania pojazdu osobowego, kt\u00f3re wypad\u0142o poza pas drogowy i znajduj\u0119 si\u0119 na pobliskiej \u0142\u0105ce na dachu (brak innych s\u0142u\u017cb na miejscu). Pojazdem podr\u00f3\u017cowa\u0142y 2 osoby (kieruj\u0105cy pojazdem m\u0119\u017cczyzna oraz jego 10-letni syn) i opu\u015bcili oni pojazd przed przyjazdem s\u0142u\u017cb. Kieruj\u0105cy pojazdem nie odni\u00f3s\u0142 \u017cadnych obra\u017ce\u0144, ch\u0142opiec by\u0142 w szoku pod wp\u0142ywem zdarzenia- z uwagi na padaj\u0105cy deszcz udzielono mu wsparcia psychicznego w poje\u017adzie OSP, wykonano badanie urazowe, za\u0142o\u017cono opatrunek os\u0142aniaj\u0105cy na niewielkie rozci\u0119cie na lewej d\u0142oni i zebrano wywiad medyczny. Na miejsce przyby\u0142 patrol policji, a nast\u0119pnie ZRM, kt\u00f3remu przekazano ma\u0142oletniego. Ch\u0142opiec zosta\u0142 zabrany do szpitala. Po przekazaniu miejsca zdarzenia Policji dzia\u0142ania zako\u0144czono i zast\u0119py wr\u00f3ci\u0142y do baz. W dzia\u0142ania bra\u0142o udzia\u0142 3 zast\u0119py \u2013 12 ratownik\u00f3w.<\/p>\n<p><strong>24.04.2021 \u2013 Zieleniec, gm. Sadowne \u2013 Po\u017car torfowiska.<\/strong><\/p>\n<p>Do SKKP PSP wp\u0142yn\u0119\u0142a informacja o po\u017carze lasu w miejscowo\u015bci Zieleniec. Do zdarzenia zadysponowano zast\u0119p JRG z posterunku w Ostr\u00f3wku oraz cztery zast\u0119py OSP. Po dotarciu na miejsce zast\u0119pu JRG, Kieruj\u0105cy Dzia\u0142aniami Ratowniczymi po przeprowadzeniu rozpoznania stwierdzi\u0142, \u017ce pali si\u0119 oko\u0142o 2 ha u\u017cytku ekologicznego na podmok\u0142ym terenie. KDR poprosi\u0142 o zadysponowanie dodatkowych si\u0142 i \u015brodk\u00f3w oraz wyda\u0142 polecenie gaszenia po\u017caru przy u\u017cyciu t\u0142umic i jednocze\u015bnie zbudowania dw\u00f3ch linii ga\u015bniczych. Ze wzgl\u0119du na silny wiatr oraz trudne warunki terenowe po\u017car rozprzestrzenia\u0142 si\u0119. Przyby\u0142e dodatkowe zast\u0119py OSP wspar\u0142y dzia\u0142ania ju\u017c prowadzone oraz prowadzi\u0142y dowo\u017cenie wody z sieci wodoci\u0105gowej, z hydrantu oddalonego od po\u017caru ok. 2 km. W dalszej cz\u0119\u015bci dzia\u0142a\u0144 dogaszono pojedyncze zarzewia, a ca\u0142y teren zosta\u0142 przelany wod\u0105. Na miejsce po\u017caru przylecia\u0142 samolot ga\u015bniczy, kt\u00f3ry dokona\u0142 jednego zrzutu wody. W dzia\u0142aniach bra\u0142o udzia\u0142 16 zast\u0119p\u00f3w \u2013 85 ratownik\u00f3w. Straty: 5 h u\u017cytku ekologicznego.<\/p>\n<p><strong>KP PSP W\u0119gr\u00f3w<\/strong><\/p>\n","protected":false},"excerpt":{"rendered":"<p>W okresie od 19 do 25.04.2021 r. na terenie powiatu w\u0119growskiego zanotowano: 18 zdarze\u0144, przy kt\u00f3rych interweniowa\u0142y jednostki ochrony przeciwpo\u017carowej, w tym: 8 po\u017car\u00f3w i 10 miejscowych zagro\u017ce\u0144.<\/p>\n","protected":false},"author":1,"featured_media":0,"comment_status":"closed","ping_status":"closed","sticky":false,"template":"","format":"standard","meta":{"footnotes":""},"categories":[5,4,267],"tags":[491,643],"class_list":["post-24581","post","type-post","status-publish","format-standard","hentry","category-newsy","category-policja-straz-pozarna-pogotowie-ratunkowe","category-straz-pozarna-policja-straz-pozarna-pogotowie-ratunkowe","tag-komenda-powiatowa-panstwowej-strazy-pozarnej-w-wegrowie","tag-kronika-strazacka"],"views":2009,"_links":{"self":[{"href":"https:\/\/info.sadowne.pl\/index.php?rest_route=\/wp\/v2\/posts\/24581","targetHints":{"allow":["GET"]}}],"collection":[{"href":"https:\/\/info.sadowne.pl\/index.php?rest_route=\/wp\/v2\/posts"}],"about":[{"href":"https:\/\/info.sadowne.pl\/index.php?rest_route=\/wp\/v2\/types\/post"}],"author":[{"embeddable":true,"href":"https:\/\/info.sadowne.pl\/index.php?rest_route=\/wp\/v2\/users\/1"}],"replies":[{"embeddable":true,"href":"https:\/\/info.sadowne.pl\/index.php?rest_route=%2Fwp%2Fv2%2Fcomments&post=24581"}],"version-history":[{"count":1,"href":"https:\/\/info.sadowne.pl\/index.php?rest_route=\/wp\/v2\/posts\/24581\/revisions"}],"predecessor-version":[{"id":24582,"href":"https:\/\/info.sadowne.pl\/index.php?rest_route=\/wp\/v2\/posts\/24581\/revisions\/24582"}],"wp:attachment":[{"href":"https:\/\/info.sadowne.pl\/index.php?rest_route=%2Fwp%2Fv2%2Fmedia&parent=24581"}],"wp:term":[{"taxonomy":"category","embeddable":true,"href":"https:\/\/info.sadowne.pl\/index.php?rest_route=%2Fwp%2Fv2%2Fcategories&post=24581"},{"taxonomy":"post_tag","embeddable":true,"href":"https:\/\/info.sadowne.pl\/index.php?rest_route=%2Fwp%2Fv2%2Ftags&post=24581"}],"curies":[{"name":"wp","href":"https:\/\/api.w.org\/{rel}","templated":true}]}}