{"id":24604,"date":"2021-05-01T19:03:27","date_gmt":"2021-05-01T17:03:27","guid":{"rendered":"http:\/\/info.sadowne.pl\/?p=24604"},"modified":"2021-05-01T19:03:27","modified_gmt":"2021-05-01T17:03:27","slug":"spis-malzenstw-gmina-sadowne-rok-1812","status":"publish","type":"post","link":"https:\/\/info.sadowne.pl\/?p=24604","title":{"rendered":"Spis Ma\u0142\u017ce\u0144stw &#8211; Gmina Sadowne &#8211; rok 1812"},"content":{"rendered":"<p><strong><a href=\"http:\/\/info.sadowne.pl\/wp-content\/uploads\/2021\/05\/2021.05.01.1.jpg\"><img loading=\"lazy\" decoding=\"async\" class=\"alignleft size-thumbnail wp-image-24605\" src=\"http:\/\/info.sadowne.pl\/wp-content\/uploads\/2021\/05\/2021.05.01.1-180x130.jpg\" alt=\"\" width=\"180\" height=\"130\" \/><\/a>Tym razem p. Wojtek Ostaszewski prezentuje Pa\u0144stwu akty ma\u0142\u017ce\u0144stwa \u2013 rok 1812.<\/strong><!--more--><\/p>\n<p style=\"text-align: center;\"><strong>AKTY MA\u0141\u017bE\u0143STWA<\/strong><\/p>\n<p><a href=\"http:\/\/info.sadowne.pl\/wp-content\/uploads\/2021\/05\/2021.05.01.1.jpg\"><img loading=\"lazy\" decoding=\"async\" class=\"aligncenter size-full wp-image-24605\" src=\"http:\/\/info.sadowne.pl\/wp-content\/uploads\/2021\/05\/2021.05.01.1.jpg\" alt=\"\" width=\"393\" height=\"565\" srcset=\"https:\/\/info.sadowne.pl\/wp-content\/uploads\/2021\/05\/2021.05.01.1.jpg 393w, https:\/\/info.sadowne.pl\/wp-content\/uploads\/2021\/05\/2021.05.01.1-209x300.jpg 209w\" sizes=\"auto, (max-width: 393px) 100vw, 393px\" \/><\/a><\/p>\n","protected":false},"excerpt":{"rendered":"<p>Tym razem p. Wojtek Ostaszewski prezentuje Pa\u0144stwu akty ma\u0142\u017ce\u0144stwa \u2013 rok 1812.<\/p>\n","protected":false},"author":1,"featured_media":0,"comment_status":"closed","ping_status":"closed","sticky":false,"template":"","format":"standard","meta":{"footnotes":""},"categories":[5,1678,31],"tags":[3563,3287,3544],"class_list":["post-24604","post","type-post","status-publish","format-standard","hentry","category-newsy","category-metryki","category-historia-gminy","tag-akty-malzenstwa-parafii-sadowne","tag-metryki","tag-wojciech-ostaszewski"],"views":2526,"_links":{"self":[{"href":"https:\/\/info.sadowne.pl\/index.php?rest_route=\/wp\/v2\/posts\/24604","targetHints":{"allow":["GET"]}}],"collection":[{"href":"https:\/\/info.sadowne.pl\/index.php?rest_route=\/wp\/v2\/posts"}],"about":[{"href":"https:\/\/info.sadowne.pl\/index.php?rest_route=\/wp\/v2\/types\/post"}],"author":[{"embeddable":true,"href":"https:\/\/info.sadowne.pl\/index.php?rest_route=\/wp\/v2\/users\/1"}],"replies":[{"embeddable":true,"href":"https:\/\/info.sadowne.pl\/index.php?rest_route=%2Fwp%2Fv2%2Fcomments&post=24604"}],"version-history":[{"count":1,"href":"https:\/\/info.sadowne.pl\/index.php?rest_route=\/wp\/v2\/posts\/24604\/revisions"}],"predecessor-version":[{"id":24606,"href":"https:\/\/info.sadowne.pl\/index.php?rest_route=\/wp\/v2\/posts\/24604\/revisions\/24606"}],"wp:attachment":[{"href":"https:\/\/info.sadowne.pl\/index.php?rest_route=%2Fwp%2Fv2%2Fmedia&parent=24604"}],"wp:term":[{"taxonomy":"category","embeddable":true,"href":"https:\/\/info.sadowne.pl\/index.php?rest_route=%2Fwp%2Fv2%2Fcategories&post=24604"},{"taxonomy":"post_tag","embeddable":true,"href":"https:\/\/info.sadowne.pl\/index.php?rest_route=%2Fwp%2Fv2%2Ftags&post=24604"}],"curies":[{"name":"wp","href":"https:\/\/api.w.org\/{rel}","templated":true}]}}