{"id":24637,"date":"2021-05-10T16:46:05","date_gmt":"2021-05-10T14:46:05","guid":{"rendered":"http:\/\/info.sadowne.pl\/?p=24637"},"modified":"2021-05-10T16:46:05","modified_gmt":"2021-05-10T14:46:05","slug":"kronika-strazacka-03-09-maja-2021","status":"publish","type":"post","link":"https:\/\/info.sadowne.pl\/?p=24637","title":{"rendered":"Kronika stra\u017cacka 03 \u2013 09 maja 2021"},"content":{"rendered":"<p><strong><a href=\"http:\/\/info.sadowne.pl\/wp-content\/uploads\/2013\/07\/straz3.jpg\"><img loading=\"lazy\" decoding=\"async\" class=\"alignleft size-thumbnail wp-image-2625\" src=\"http:\/\/info.sadowne.pl\/wp-content\/uploads\/2013\/07\/straz3-180x130.jpg\" alt=\"\" width=\"180\" height=\"130\" \/><\/a>W<\/strong><strong> okresie<\/strong><strong> od<\/strong><strong> 03 do 09.05.2021 na<\/strong><strong> terenie<\/strong><strong> powiatu<\/strong><strong> w\u0119growskiego<\/strong><strong> zanotowano: <\/strong><strong>19 zdarze\u0144,<\/strong><strong> przy<\/strong><strong> kt\u00f3rych<\/strong><strong> interweniowa\u0142y<\/strong><strong> jednostki<\/strong><strong> ochrony<\/strong><strong> przeciwpo\u017carowej, w tym:<\/strong><strong> 2 po\u017cary, 15 miejscowych zagro\u017ce\u0144 i 2 alarmy fa\u0142szywe.<\/strong><!--more--><\/p>\n<p><strong>05.05.2021 \u2013 P\u0142atkownica, gm. Sadowne \u2013 Wypadek komunikacyjny.<\/strong><\/p>\n<p>Na drodze krajowej DK-50 w P\u0142atkownicy samoch\u00f3d osobowy wypad\u0142 z drogi i uderzy\u0142 w drzewo. Do dzia\u0142a\u0144 ratowniczych zadysponowano JRG PSP Posterunek i s\u0105siednie OSP Sadowne i Morzyczyn W\u0142o\u015bcia\u0144ski. KP PSP Ostr\u00f3w Maz. tak\u017ce zadysponowa\u0142 zast\u0119p JRG. Samoch\u00f3d znajdowa\u0142 si\u0119 na poboczu przy drodze, m\u0119\u017cczyzna jad\u0105cy pojazdem sta\u0142 przy samochodzie. Dzia\u0142ania zast\u0119p\u00f3w OSP polega\u0142y na zabezpieczeniu i oznakowaniu miejsca zdarzenia, od\u0142\u0105czono akumulator w poje\u017adzie. M\u0119\u017cczyzna jad\u0105cy samochodem nie odni\u00f3s\u0142 \u017cadnych obra\u017ce\u0144 i odm\u00f3wi\u0142 pisemnie na karcie udzielonej KPP &#8211; pomocy medycznej. Do czasu przybycia Policji zabezpieczano ruch drogowy.<\/p>\n<p><strong>05.05.2021 \u2013 W\u0119gr\u00f3w \u2013 Po\u017car samochodu.<\/strong><\/p>\n<p>Pierwszy na miejsce zdarzenia przyby\u0142 zast\u0119p JRG PSP W\u0119gr\u00f3w. Stra\u017cacy po przybyciu na miejsce zdarzenia stwierdzili, \u017ce na DW 637 (wyjazd z W\u0119growa w stron\u0119 Liwa) pali si\u0119 samoch\u00f3d osobowy (po\u017car w komorze silnikowej). Jedna osoba jad\u0105ca opu\u015bci\u0142a pojazd w pocz\u0105tkowej fazie po\u017caru. Dzia\u0142ania zast\u0119pu JRG polega\u0142y na zabezpieczeniu miejsca zdarzenia, a nast\u0119pnie podaniu pr\u0105du piany ga\u015bniczej w natarciu na po\u017car. Doprowadzi\u0142o to do jego lokalizacji. Zadysponowane zast\u0119py OSP W\u0119gr\u00f3w i OSP Liw dojecha\u0142y na miejsce i wspar\u0142y dzia\u0142ania. Tl\u0105ce si\u0119 elementy samochodu przelano wod\u0105. Doprowadzi\u0142o to do ca\u0142kowitego ugaszenia po\u017caru. Po pisemnym przekazaniu pojazdu w\u0142a\u015bcicielowi, zast\u0119py wr\u00f3ci\u0142y do baz.<\/p>\n<p><strong>09.05.2021 \u2013 W\u0119gr\u00f3w DK-62 \u2013 Wypadek komunikacyjny.<\/strong><\/p>\n<p>Po doje\u017adzie na miejsce zdarzenia 2 zast\u0119p\u00f3w JRG PSP, stra\u017cacy stwierdzili, \u017ce jad\u0105cy DK-62 motocykl prawdopodobnie uderzy\u0142 w sarn\u0119, kt\u00f3ra wtargn\u0119\u0142a na drog\u0119. Pojazd znajdowa\u0142 si\u0119 poza drog\u0105. Motocyklem jecha\u0142 m\u0119\u017cczyzna (przytomny, zg\u0142aszaj\u0105cy b\u00f3l w klatce piersiowej i obojczyka, trudno\u015bci z oddychaniem), nie by\u0142o innych s\u0142u\u017cb, droga cz\u0119\u015bciowo przejezdna. Dzia\u0142ania zast\u0119pu polega\u0142y na zabezpieczeniu miejsca zdarzenia oraz udzieleniu poszkodowanemu kwalifikowanej pierwszej pomocy. W mi\u0119dzyczasie dojecha\u0142 ZRM, kt\u00f3ry przej\u0105\u0142 dalsze dzia\u0142ania medyczne. Do czasu przybycia Policji zast\u0119py JRG zabezpiecza\u0142y ruch na DK-62. Na miejsce dzia\u0142a\u0144 przyby\u0142a s\u0142u\u017cba drogowa, kt\u00f3ra zaj\u0119\u0142a si\u0119 martw\u0105 sarn\u0105. Po odje\u017adzie ZRM z poszkodowanym do szpitala, zast\u0119py JRG zako\u0144czy\u0142y dzia\u0142ania i wr\u00f3ci\u0142y do bazy.<\/p>\n<p><strong>KP PSP W\u0119gr\u00f3w<\/strong><\/p>\n","protected":false},"excerpt":{"rendered":"<p>W okresie od 03 do 09.05.2021 na terenie powiatu w\u0119growskiego zanotowano: 19 zdarze\u0144, przy kt\u00f3rych interweniowa\u0142y jednostki ochrony przeciwpo\u017carowej, w tym: 2 po\u017cary, 15 miejscowych zagro\u017ce\u0144 i 2 alarmy fa\u0142szywe.<\/p>\n","protected":false},"author":1,"featured_media":0,"comment_status":"closed","ping_status":"closed","sticky":false,"template":"","format":"standard","meta":{"footnotes":""},"categories":[5,4,267],"tags":[491,643],"class_list":["post-24637","post","type-post","status-publish","format-standard","hentry","category-newsy","category-policja-straz-pozarna-pogotowie-ratunkowe","category-straz-pozarna-policja-straz-pozarna-pogotowie-ratunkowe","tag-komenda-powiatowa-panstwowej-strazy-pozarnej-w-wegrowie","tag-kronika-strazacka"],"views":2418,"_links":{"self":[{"href":"https:\/\/info.sadowne.pl\/index.php?rest_route=\/wp\/v2\/posts\/24637","targetHints":{"allow":["GET"]}}],"collection":[{"href":"https:\/\/info.sadowne.pl\/index.php?rest_route=\/wp\/v2\/posts"}],"about":[{"href":"https:\/\/info.sadowne.pl\/index.php?rest_route=\/wp\/v2\/types\/post"}],"author":[{"embeddable":true,"href":"https:\/\/info.sadowne.pl\/index.php?rest_route=\/wp\/v2\/users\/1"}],"replies":[{"embeddable":true,"href":"https:\/\/info.sadowne.pl\/index.php?rest_route=%2Fwp%2Fv2%2Fcomments&post=24637"}],"version-history":[{"count":1,"href":"https:\/\/info.sadowne.pl\/index.php?rest_route=\/wp\/v2\/posts\/24637\/revisions"}],"predecessor-version":[{"id":24638,"href":"https:\/\/info.sadowne.pl\/index.php?rest_route=\/wp\/v2\/posts\/24637\/revisions\/24638"}],"wp:attachment":[{"href":"https:\/\/info.sadowne.pl\/index.php?rest_route=%2Fwp%2Fv2%2Fmedia&parent=24637"}],"wp:term":[{"taxonomy":"category","embeddable":true,"href":"https:\/\/info.sadowne.pl\/index.php?rest_route=%2Fwp%2Fv2%2Fcategories&post=24637"},{"taxonomy":"post_tag","embeddable":true,"href":"https:\/\/info.sadowne.pl\/index.php?rest_route=%2Fwp%2Fv2%2Ftags&post=24637"}],"curies":[{"name":"wp","href":"https:\/\/api.w.org\/{rel}","templated":true}]}}