{"id":24650,"date":"2021-05-13T18:24:01","date_gmt":"2021-05-13T16:24:01","guid":{"rendered":"http:\/\/info.sadowne.pl\/?p=24650"},"modified":"2021-05-13T18:24:01","modified_gmt":"2021-05-13T16:24:01","slug":"list-marcina-malkinskiego-mieszkanca-broku-do-tygodnika-zorza","status":"publish","type":"post","link":"https:\/\/info.sadowne.pl\/?p=24650","title":{"rendered":"List Marcina Ma\u0142ki\u0144skiego, mieszka\u0144ca Broku do tygodnika \u201eZorza\u201d"},"content":{"rendered":"<p><strong><a href=\"http:\/\/info.sadowne.pl\/wp-content\/uploads\/2021\/05\/Brok42.jpg\" target=\"_blank\" rel=\"noopener\"><img loading=\"lazy\" decoding=\"async\" class=\"alignleft wp-image-24651 size-thumbnail\" src=\"http:\/\/info.sadowne.pl\/wp-content\/uploads\/2021\/05\/Brok42-180x130.jpg\" alt=\"\" width=\"180\" height=\"130\" \/><\/a>16 wrze\u015bnia 1909 roku ukaza\u0142 si\u0119 nr 38 pisma \u201eZorza\u201d. Na stronach 599 i 600 zamieszczono list Marcina Ma\u0142ki\u0144skiego z Broku. <\/strong><!--more--><\/p>\n<p>Redakcja informowa\u0142a na stronie tytu\u0142owej, \u017ce by\u0142o to pismo \u201epo\u015bwi\u0119cone sprawom o\u015bwiaty, dobrobytu i rozwoju spo\u0142ecznego ludu\u201d. Nie wiemy, czy autorem listu by\u0142 urodzony w 1832 r. Marcin m\u0105\u017c Marianny z Szumskich, czy urodzony w 1887 r. Marcin syn Kazimierza i Franciszki z Pop\u0142awskich.<\/p>\n<p>Wa\u017cne jest natomiast, \u017ce by\u0142 czytelnikiem czasopisma \u201eZorza\u201d i pragn\u0105\u0142 podzieli\u0107 si\u0119 uwagami o \u017cyciu w swej miejscowo\u015bci z innymi czytelnikami tygodnika. Wraz z listem zamieszczono fotografi\u0119 ruin brokowskiego zamku i zbiorow\u0105 fotografi\u0119 cz\u0142onk\u00f3w ochotniczej stra\u017cy ogniowej.<\/p>\n<p><strong>Wi\u0119cej na stronie <span style=\"color: #0000ff;\"><a style=\"color: #0000ff;\" href=\"http:\/\/madzelan.cba.pl\/list-marcina-malkinskiego-mieszkanca-broku-do-tygodnika-zorza\/\" target=\"_blank\" rel=\"noopener\">http:\/\/madzelan.cba.pl\/list-marcina-malkinskiego-mieszkanca-broku-do-tygodnika-zorza\/<\/a><\/span><\/strong><\/p>\n","protected":false},"excerpt":{"rendered":"<p>16 wrze\u015bnia 1909 roku ukaza\u0142 si\u0119 nr 38 pisma \u201eZorza\u201d. Na stronach 599 i 600 zamieszczono list Marcina Ma\u0142ki\u0144skiego z Broku.<\/p>\n","protected":false},"author":1,"featured_media":0,"comment_status":"closed","ping_status":"closed","sticky":false,"template":"","format":"standard","meta":{"footnotes":""},"categories":[5,3436,31],"tags":[3004,2956],"class_list":["post-24650","post","type-post","status-publish","format-standard","hentry","category-newsy","category-opowiesci-historie-legendy-brokowskie-i-nie-tylko","category-historia-gminy","tag-jerzy-madzelan","tag-opowiesci-historie-legendy-brokowskie-i-nie-tylko"],"views":2038,"_links":{"self":[{"href":"https:\/\/info.sadowne.pl\/index.php?rest_route=\/wp\/v2\/posts\/24650","targetHints":{"allow":["GET"]}}],"collection":[{"href":"https:\/\/info.sadowne.pl\/index.php?rest_route=\/wp\/v2\/posts"}],"about":[{"href":"https:\/\/info.sadowne.pl\/index.php?rest_route=\/wp\/v2\/types\/post"}],"author":[{"embeddable":true,"href":"https:\/\/info.sadowne.pl\/index.php?rest_route=\/wp\/v2\/users\/1"}],"replies":[{"embeddable":true,"href":"https:\/\/info.sadowne.pl\/index.php?rest_route=%2Fwp%2Fv2%2Fcomments&post=24650"}],"version-history":[{"count":1,"href":"https:\/\/info.sadowne.pl\/index.php?rest_route=\/wp\/v2\/posts\/24650\/revisions"}],"predecessor-version":[{"id":24652,"href":"https:\/\/info.sadowne.pl\/index.php?rest_route=\/wp\/v2\/posts\/24650\/revisions\/24652"}],"wp:attachment":[{"href":"https:\/\/info.sadowne.pl\/index.php?rest_route=%2Fwp%2Fv2%2Fmedia&parent=24650"}],"wp:term":[{"taxonomy":"category","embeddable":true,"href":"https:\/\/info.sadowne.pl\/index.php?rest_route=%2Fwp%2Fv2%2Fcategories&post=24650"},{"taxonomy":"post_tag","embeddable":true,"href":"https:\/\/info.sadowne.pl\/index.php?rest_route=%2Fwp%2Fv2%2Ftags&post=24650"}],"curies":[{"name":"wp","href":"https:\/\/api.w.org\/{rel}","templated":true}]}}