{"id":24671,"date":"2021-05-17T10:02:12","date_gmt":"2021-05-17T08:02:12","guid":{"rendered":"http:\/\/info.sadowne.pl\/?p=24671"},"modified":"2021-05-17T10:02:41","modified_gmt":"2021-05-17T08:02:41","slug":"kronika-strazacka-10-16-maja-2021","status":"publish","type":"post","link":"https:\/\/info.sadowne.pl\/?p=24671","title":{"rendered":"Kronika stra\u017cacka 10 \u2013 16 maja 2021"},"content":{"rendered":"<p><strong><a href=\"http:\/\/info.sadowne.pl\/wp-content\/uploads\/2013\/07\/straz3.jpg\"><img loading=\"lazy\" decoding=\"async\" class=\"alignleft size-thumbnail wp-image-2625\" src=\"http:\/\/info.sadowne.pl\/wp-content\/uploads\/2013\/07\/straz3-180x130.jpg\" alt=\"\" width=\"180\" height=\"130\" \/><\/a>W<\/strong><strong> okresie<\/strong><strong> od <\/strong><strong>10 &#8211; <\/strong><strong>16.05.2021 r.<\/strong><strong> na<\/strong><strong> terenie<\/strong><strong> powiatu<\/strong><strong> w\u0119growskiego<\/strong><strong> zanotowano: <\/strong><strong>19 zdarze\u0144,<\/strong><strong> przy<\/strong><strong> kt\u00f3rych<\/strong><strong> interweniowa\u0142y<\/strong><strong> jednostki<\/strong><strong> ochrony<\/strong><strong> przeciwpo\u017carowej, w tym: <\/strong><strong>11 po\u017car\u00f3w i 8 miejscowych zagro\u017ce\u0144.<\/strong><!--more--><\/p>\n<p><strong>10.05.2021- D\u0105browa, gm. \u0141och\u00f3w \u2013 po\u017car trawy<\/strong><\/p>\n<p>Po doje\u017adzie na miejsce zdarzenia zast\u0119pu Posterunku JRG, stra\u017cacy stwierdzili, \u017ce pali si\u0119 ok. 2 ar trawy przy drodze asfaltowej, bezpo\u015brednio pod lini\u0105 niskiego napi\u0119cia. Na wysoko\u015bci linii znajdowa\u0142y si\u0119 ga\u0142\u0119zie przydro\u017cnej ro\u015blinno\u015bci, co przy dosy\u0107 silnym wietrze prawdopodobnie spowodowa\u0142o zetkni\u0119cie si\u0119 linii i jej iskrzenie, powoduj\u0105c po\u017car. Dzia\u0142ania zast\u0119pu polega\u0142y na zabezpieczeniu miejsca zdarzenia i podaniu jednego pr\u0105du wody w natarciu, co doprowadzi\u0142o do lokalizacji i ugaszenia po\u017caru. Po ugaszeniu po\u017caru dzia\u0142ania zako\u0144czono. W trakcie dzia\u0142a\u0144 zosta\u0142 powiadomiony Zak\u0142ad Energetyczny.<\/p>\n<p><strong>11.05.2021 \u2013 Zaj\u0105c, gm. Liw \u2013 dachowanie samochodu osobowego<\/strong><\/p>\n<p>Po przybyciu na miejsce dw\u00f3ch zast\u0119p\u00f3w JRG W\u0119gr\u00f3w stwierdzono, \u017ce samoch\u00f3d wpad\u0142 w po\u015blizg i dachowa\u0142 do rowu. Samochodem podr\u00f3\u017cowa\u0142a jedna osoba, kt\u00f3ra znajdowa\u0142a si\u0119 poza pojazdem. Dzia\u0142ania zast\u0119p\u00f3w polega\u0142y na zabezpieczeniu miejsca zdarzenia, od\u0142\u0105czeniu akumulatora oraz udzieleniu poszkodowanej osobie kwalifikowanej pomocy przedmedycznej. Na miejsce dzia\u0142a\u0144 przyby\u0142 ZRM, kt\u00f3ry przej\u0105\u0142 poszkodowanego oraz zast\u0119p OSP Ruchna, kt\u00f3ry wspar\u0142 prowadzone dzia\u0142ania. Poszkodowana osoba zosta\u0142a przetransportowana do szpitala. Po zabraniu pojazdu przez lawet\u0119 dzia\u0142ania zako\u0144czono, a zast\u0119p OSP Ruchna wr\u00f3ci\u0142 do koszar.<\/p>\n<p><strong>11.05.2021 \u2013 Zieleniec, gm. Sadowne \u2013<\/strong><strong> po\u017car \u015bci\u00f3\u0142ki le\u015bnej<\/strong><\/p>\n<p>Do SKKP wp\u0142yn\u0119\u0142a informacja o po\u017carze trawy w lesie. Po przybyciu na miejsce zast\u0119pu JRG Posterunek w Ostr\u00f3wku KDR stwierdzi\u0142, \u017ce pali si\u0119 oko\u0142o 30 ar\u00f3w \u015bci\u00f3\u0142ki w lesie sosnowym. Podano dwa pr\u0105dy wody w natarciu co doprowadzi\u0142o do zlokalizowania po\u017caru. Przyby\u0142e na miejsce zast\u0119py OSP wspar\u0142y prowadzone dzia\u0142ania oraz dowozi\u0142y wod\u0119. Dzia\u0142ania te doprowadzi\u0142y do ugaszenia po\u017caru, a zast\u0119py powr\u00f3ci\u0142y do koszar.<\/p>\n<p><strong>12.05.2021 \u2013 Jasior\u00f3wka, gm. \u0141och\u00f3w \u2013 kolizja dw\u00f3ch samochod\u00f3w osobowych<\/strong><\/p>\n<p>Po doje\u017adzie na miejsce zdarzenia zast\u0119pu Posterunku JRG, KDR po przeprowadzeniu rozpoznania stwierdzi\u0142, \u017ce przy zje\u017adzie z przejazdu kolejowego na DK 50 w miejscowo\u015bci Jasior\u00f3wka dosz\u0142o do kolizji dw\u00f3ch samochod\u00f3w osobowych &#8211; Opel Astra i Seat Leon. Samochodem marki Seat podr\u00f3\u017cowa\u0142y 3 osoby, w tym 2,5-letnie dziecko (umieszczone prawid\u0142owo w foteliku), za\u015b pojazdem marki Opel tylko kierowca. \u00a0R\u00f3wnocze\u015bnie z zast\u0119pem PSP na miejsce dotar\u0142y Policja i ZRM. W wyniku zdarzenia \u017cadna z uczestnicz\u0105cych w nim os\u00f3b nie odnios\u0142a obra\u017ce\u0144, natomiast dosz\u0142o do wycieku p\u0142ynu ch\u0142odniczego na DK 50. ZRM dokona\u0142 sprawdzenia stanu zdrowia dziecka, nie stwierdzaj\u0105c konieczno\u015bci hospitalizacji. Dzia\u0142ania zast\u0119pu polega\u0142y na zabezpieczeniu miejsca zdarzenia, usuni\u0119cia powsta\u0142ej plamy z p\u0142ynu ch\u0142odniczego. Pojazdy i drog\u0119 przekazano protoko\u0142em Policji, na tym dzia\u0142ania zako\u0144czono.<\/p>\n<p><strong>KP PSP W\u0119gr\u00f3w<\/strong><\/p>\n","protected":false},"excerpt":{"rendered":"<p>W okresie od 10 &#8211; 16.05.2021 r. na terenie powiatu w\u0119growskiego zanotowano: 19 zdarze\u0144, przy kt\u00f3rych interweniowa\u0142y jednostki ochrony przeciwpo\u017carowej, w tym: 11 po\u017car\u00f3w i 8 miejscowych zagro\u017ce\u0144.<\/p>\n","protected":false},"author":1,"featured_media":0,"comment_status":"closed","ping_status":"closed","sticky":false,"template":"","format":"standard","meta":{"footnotes":""},"categories":[5,4,267],"tags":[491,643],"class_list":["post-24671","post","type-post","status-publish","format-standard","hentry","category-newsy","category-policja-straz-pozarna-pogotowie-ratunkowe","category-straz-pozarna-policja-straz-pozarna-pogotowie-ratunkowe","tag-komenda-powiatowa-panstwowej-strazy-pozarnej-w-wegrowie","tag-kronika-strazacka"],"views":2929,"_links":{"self":[{"href":"https:\/\/info.sadowne.pl\/index.php?rest_route=\/wp\/v2\/posts\/24671","targetHints":{"allow":["GET"]}}],"collection":[{"href":"https:\/\/info.sadowne.pl\/index.php?rest_route=\/wp\/v2\/posts"}],"about":[{"href":"https:\/\/info.sadowne.pl\/index.php?rest_route=\/wp\/v2\/types\/post"}],"author":[{"embeddable":true,"href":"https:\/\/info.sadowne.pl\/index.php?rest_route=\/wp\/v2\/users\/1"}],"replies":[{"embeddable":true,"href":"https:\/\/info.sadowne.pl\/index.php?rest_route=%2Fwp%2Fv2%2Fcomments&post=24671"}],"version-history":[{"count":2,"href":"https:\/\/info.sadowne.pl\/index.php?rest_route=\/wp\/v2\/posts\/24671\/revisions"}],"predecessor-version":[{"id":24673,"href":"https:\/\/info.sadowne.pl\/index.php?rest_route=\/wp\/v2\/posts\/24671\/revisions\/24673"}],"wp:attachment":[{"href":"https:\/\/info.sadowne.pl\/index.php?rest_route=%2Fwp%2Fv2%2Fmedia&parent=24671"}],"wp:term":[{"taxonomy":"category","embeddable":true,"href":"https:\/\/info.sadowne.pl\/index.php?rest_route=%2Fwp%2Fv2%2Fcategories&post=24671"},{"taxonomy":"post_tag","embeddable":true,"href":"https:\/\/info.sadowne.pl\/index.php?rest_route=%2Fwp%2Fv2%2Ftags&post=24671"}],"curies":[{"name":"wp","href":"https:\/\/api.w.org\/{rel}","templated":true}]}}