{"id":24680,"date":"2021-05-24T13:44:53","date_gmt":"2021-05-24T11:44:53","guid":{"rendered":"http:\/\/info.sadowne.pl\/?p=24680"},"modified":"2021-05-24T13:44:53","modified_gmt":"2021-05-24T11:44:53","slug":"kronika-strazacka-17-23-maja-2021","status":"publish","type":"post","link":"https:\/\/info.sadowne.pl\/?p=24680","title":{"rendered":"Kronika stra\u017cacka 17 \u2013 23 maja 2021"},"content":{"rendered":"<p><strong><a href=\"http:\/\/info.sadowne.pl\/wp-content\/uploads\/2013\/07\/straz3.jpg\"><img loading=\"lazy\" decoding=\"async\" class=\"alignleft size-thumbnail wp-image-2625\" src=\"http:\/\/info.sadowne.pl\/wp-content\/uploads\/2013\/07\/straz3-180x130.jpg\" alt=\"\" width=\"180\" height=\"130\" \/><\/a>W<\/strong><strong> okresie<\/strong><strong> 17 &#8211; 23.05.2021 na<\/strong><strong> terenie<\/strong><strong> powiatu<\/strong><strong> w\u0119growskiego<\/strong><strong> zanotowano:<\/strong><strong> 6 zdarze\u0144,<\/strong><strong> przy<\/strong><strong> kt\u00f3rych<\/strong><strong> interweniowa\u0142y<\/strong><strong> jednostki<\/strong><strong> ochrony<\/strong><strong> przeciwpo\u017carowej, w tym:<\/strong><strong> 3 po\u017cary, 3 miejscowe zagro\u017cenia.<\/strong><strong>\u00a0<\/strong><!--more--><\/p>\n<p><strong>17.05.2021 \u2013 Drgicz, gm. Stoczek \u2013 Plama oleju.<\/strong><\/p>\n<p>Dyspozytor do neutralizacji plamy oleju zadysponowa\u0142 JRG PSP oraz OSP Stoczek. Pierwszy przyby\u0142y zast\u0119p OSP stwierdzi\u0142, \u017ce na d\u0142ugo\u015bci ok. 50 m jednego pasa ruchu (Drgicz &#8211; Stoczek), znajduje si\u0119 rozje\u017cd\u017cona plama oleju. Po przybyciu na miejsce zdarzenia zast\u0119pu JRG Posterunek, dow\u00f3dca przej\u0105\u0142 dowodzenie i wspar\u0142 dzia\u0142ania OSP. Dzia\u0142ania zast\u0119p\u00f3w polega\u0142y na zabezpieczeniu miejsca zdarzenia, a nast\u0119pnie przy pomocy sorbentu zebrano zanieczyszczenia, a nast\u0119pnie zmyto jezdni\u0119 preparatem i pr\u0105dem wody. Na tym dzia\u0142ania zako\u0144czono.<strong>\u00a0<\/strong><\/p>\n<p><strong>17.05.2021 <\/strong>\u2013 <strong>Orze\u0142ek, gm. Sadowne \u2013 Po\u017car stodo\u0142y.<\/strong><\/p>\n<p>Dy\u017curny SK do zdarzenia zadysponowa\u0142 zast\u0119py: JRG Ostr\u00f3wek, 2x OSP Sadowne, 2x OSP Sok\u00f3\u0142ka, OSP Zieleniec oraz OSP Prosty\u0144 (z s\u0105siedniego powiatu). Jako pierwsze na miejsce zdarzenia przyby\u0142y zast\u0119py OSP Sok\u00f3\u0142ka oraz OSP Sadowne. Po przybyciu na miejsce zdarzenia stra\u017cacy zastali ca\u0142kowicie pal\u0105c\u0105 si\u0119 stodo\u0142\u0119 drewnian\u0105. W pobli\u017cu znajdowa\u0142 si\u0119 budynek mieszkalny. KDR zg\u0142osi\u0142 r\u00f3wnie\u017c, \u017ce po\u017carem obj\u0119ta jest przyleg\u0142a do stodo\u0142y, drewniana szopka, w kt\u00f3rej by\u0142o drewno na opa\u0142 oraz blaszany gara\u017c. Dzia\u0142ania ga\u015bnicze doprowadzi\u0142y do likwidacji po\u017caru. Po dok\u0142adnym przelaniu ca\u0142ego pogorzeliska, dzia\u0142ania zako\u0144czono.<\/p>\n<p><strong>18.05.2021 <\/strong>\u2013 <strong>\u0141och\u00f3w \u2013 Po\u017car auta osobowego.<\/strong><\/p>\n<p>Do SKKP wp\u0142yn\u0119\u0142a formatka &#8211; po\u017car \u0141och\u00f3w o tre\u015bci: ,,PRZY PRZEJE\u017bDZIE KOLEJOWYM W MIEJSCU BUDOWY WIADUKTU\u00a0 PO\u017bAR AUTA OSOBOWEGO RENAULT&#8221;. Dy\u017curny SKKP zadysponowa\u0142 zast\u0119p JRG Posterunek i ze wzgl\u0119du na ewentualny utrudniony dojazd do miejsca zdarzenia (w kt\u00f3rym trwa przebudowa skrzy\u017cowania dr\u00f3g krajowych i budowa wiaduktu nad lini\u0105 kolejow\u0105) najbli\u017csze OSP (umiejscowione po obu stronach budowanego wiaduktu nad lini\u0105 kolejow\u0105). Po przybyciu na miejsce zdarzenia zast\u0119p\u00f3w JOP, KDR po rozpoznaniu stwierdzi\u0142, \u017ce na poboczu DK-50 (przy przeje\u017adzie kolejowym) pali\u0142 si\u0119 samoch\u00f3d osobowy (po\u017car w komorze silnikowej). Po\u017car zosta\u0142 przyt\u0142umiony przez kierowc\u0119 i osoby postronne za pomoc\u0105 ga\u015bnic &#8211; kieruj\u0105cy pojazdem nie potrzebowa\u0142 pomocy medycznej. Dzia\u0142ania zast\u0119p\u00f3w JOP polega\u0142y na zabezpieczeniu miejsca zdarzenia, a nast\u0119pnie na podaniu jednego pr\u0105du piany ci\u0119\u017ckiej, zakr\u0119ceniu zaworu iglicowego instalacji LPG oraz od\u0142\u0105czeniu minusowej klemy akumulatora. Podj\u0119te dzia\u0142ania doprowadzi\u0142y to do ca\u0142kowitego ugaszenia po\u017caru. Zast\u0119py wr\u00f3ci\u0142y do baz.<\/p>\n<p><strong>20.05.2021 \u2013 Ruchna, gm. Liw \u2013 Korona<\/strong><strong>wirus &#8211; dekontaminacja.<\/strong><\/p>\n<p>Zast\u0119p OSP Ruchna na polecenie Urz\u0119du gminy Liw, przeprowadzi\u0142 dezynfekcj\u0119 otwartej przestrzeni publicznej na terenie gminy w: Ruchnie, Szarutach, Zaj\u0105cu, Pierzcha\u0142ach, Jarnicach). Stra\u017cacy OSP za pomoc\u0105 opryskiwacza r\u0119cznego zdezynfekowali powierzchnie w publicznych miejscach ucz\u0119szczanych przez mieszka\u0144c\u00f3w gminy. Na tym dzia\u0142ania zosta\u0142y zako\u0144czone.<\/p>\n<p><strong>KP PSP W\u0119gr\u00f3w<\/strong><\/p>\n","protected":false},"excerpt":{"rendered":"<p>W okresie 17 &#8211; 23.05.2021 na terenie powiatu w\u0119growskiego zanotowano: 6 zdarze\u0144, przy kt\u00f3rych interweniowa\u0142y jednostki ochrony przeciwpo\u017carowej, w tym: 3 po\u017cary, 3 miejscowe zagro\u017cenia.\u00a0<\/p>\n","protected":false},"author":1,"featured_media":0,"comment_status":"closed","ping_status":"closed","sticky":false,"template":"","format":"standard","meta":{"footnotes":""},"categories":[5,4,267],"tags":[491,643],"class_list":["post-24680","post","type-post","status-publish","format-standard","hentry","category-newsy","category-policja-straz-pozarna-pogotowie-ratunkowe","category-straz-pozarna-policja-straz-pozarna-pogotowie-ratunkowe","tag-komenda-powiatowa-panstwowej-strazy-pozarnej-w-wegrowie","tag-kronika-strazacka"],"views":1995,"_links":{"self":[{"href":"https:\/\/info.sadowne.pl\/index.php?rest_route=\/wp\/v2\/posts\/24680","targetHints":{"allow":["GET"]}}],"collection":[{"href":"https:\/\/info.sadowne.pl\/index.php?rest_route=\/wp\/v2\/posts"}],"about":[{"href":"https:\/\/info.sadowne.pl\/index.php?rest_route=\/wp\/v2\/types\/post"}],"author":[{"embeddable":true,"href":"https:\/\/info.sadowne.pl\/index.php?rest_route=\/wp\/v2\/users\/1"}],"replies":[{"embeddable":true,"href":"https:\/\/info.sadowne.pl\/index.php?rest_route=%2Fwp%2Fv2%2Fcomments&post=24680"}],"version-history":[{"count":1,"href":"https:\/\/info.sadowne.pl\/index.php?rest_route=\/wp\/v2\/posts\/24680\/revisions"}],"predecessor-version":[{"id":24681,"href":"https:\/\/info.sadowne.pl\/index.php?rest_route=\/wp\/v2\/posts\/24680\/revisions\/24681"}],"wp:attachment":[{"href":"https:\/\/info.sadowne.pl\/index.php?rest_route=%2Fwp%2Fv2%2Fmedia&parent=24680"}],"wp:term":[{"taxonomy":"category","embeddable":true,"href":"https:\/\/info.sadowne.pl\/index.php?rest_route=%2Fwp%2Fv2%2Fcategories&post=24680"},{"taxonomy":"post_tag","embeddable":true,"href":"https:\/\/info.sadowne.pl\/index.php?rest_route=%2Fwp%2Fv2%2Ftags&post=24680"}],"curies":[{"name":"wp","href":"https:\/\/api.w.org\/{rel}","templated":true}]}}