{"id":24684,"date":"2021-05-25T20:33:45","date_gmt":"2021-05-25T18:33:45","guid":{"rendered":"http:\/\/info.sadowne.pl\/?p=24684"},"modified":"2021-05-25T20:33:45","modified_gmt":"2021-05-25T18:33:45","slug":"srebro-na-mistrzostwach-karate-kyokushin","status":"publish","type":"post","link":"https:\/\/info.sadowne.pl\/?p=24684","title":{"rendered":"Srebro na Mistrzostwach Karate Kyokushin"},"content":{"rendered":"<p><strong><a href=\"http:\/\/info.sadowne.pl\/wp-content\/uploads\/2021\/05\/2021.05.25.1.jpg\" target=\"_blank\" rel=\"noopener\"><img loading=\"lazy\" decoding=\"async\" class=\"alignleft wp-image-24685 size-thumbnail\" src=\"http:\/\/info.sadowne.pl\/wp-content\/uploads\/2021\/05\/2021.05.25.1-180x130.jpg\" alt=\"\" width=\"180\" height=\"130\" \/><\/a>Zosia Perzan, reprezentuj\u0105ca Brokowski Klub Karate Kyokushinai, wywalczy\u0142a srebrny medal na Mistrzostwach Makroregionu Wschodniego w karate kyokushin.<\/strong><!--more--><\/p>\n<p>W dniu 22 maja 2021 r. w Bia\u0142ej Podlaskiej odby\u0142y si\u0119 Mistrzostwa Makroregionu Wschodniego i Mi\u0119dzywojew\u00f3dzkie Mistrzostwa M\u0142odzik\u00f3w w Karate Kyokushin. W turnieju udzia\u0142 wzi\u0119\u0142o 53. reprezentacje klub\u00f3w z regionu.<\/p>\n<p><a href=\"http:\/\/info.sadowne.pl\/wp-content\/uploads\/2021\/05\/2021.05.25.2.jpg\" target=\"_blank\" rel=\"noopener\"><img loading=\"lazy\" decoding=\"async\" class=\"alignright wp-image-24686 size-medium\" src=\"http:\/\/info.sadowne.pl\/wp-content\/uploads\/2021\/05\/2021.05.25.2-225x300.jpg\" alt=\"\" width=\"225\" height=\"300\" srcset=\"https:\/\/info.sadowne.pl\/wp-content\/uploads\/2021\/05\/2021.05.25.2-225x300.jpg 225w, https:\/\/info.sadowne.pl\/wp-content\/uploads\/2021\/05\/2021.05.25.2.jpg 600w\" sizes=\"auto, (max-width: 225px) 100vw, 225px\" \/><\/a>Zosia startowa\u0142a w kategorii juniorek. Zosia zdecydowanie i jednog\u0142o\u015bnie wygra\u0142a swoje pojedynki w eliminacjach. W strefie medalowej Zosia dotar\u0142a do fina\u0142u, w kt\u00f3rym nie zdo\u0142a\u0142a pokona\u0107 swojej r\u00f3wie\u015bniczki, tym samym srebro dla Zosi.<\/p>\n<p><strong>Tekst\/foto:<\/strong> Zbigniew W\u00f3jcicki<\/p>\n","protected":false},"excerpt":{"rendered":"<p>Zosia Perzan, reprezentuj\u0105ca Brokowski Klub Karate Kyokushinai, wywalczy\u0142a srebrny medal na Mistrzostwach Makroregionu Wschodniego w karate kyokushin.<\/p>\n","protected":false},"author":1,"featured_media":0,"comment_status":"closed","ping_status":"closed","sticky":false,"template":"","format":"standard","meta":{"footnotes":""},"categories":[5,2029,7],"tags":[794,2030,3332],"class_list":["post-24684","post","type-post","status-publish","format-standard","hentry","category-newsy","category-karate","category-sport","tag-brokowski-klub-karate-kyokushinkai","tag-zbigniew-wojcicki","tag-zofia-perzan"],"views":2041,"_links":{"self":[{"href":"https:\/\/info.sadowne.pl\/index.php?rest_route=\/wp\/v2\/posts\/24684","targetHints":{"allow":["GET"]}}],"collection":[{"href":"https:\/\/info.sadowne.pl\/index.php?rest_route=\/wp\/v2\/posts"}],"about":[{"href":"https:\/\/info.sadowne.pl\/index.php?rest_route=\/wp\/v2\/types\/post"}],"author":[{"embeddable":true,"href":"https:\/\/info.sadowne.pl\/index.php?rest_route=\/wp\/v2\/users\/1"}],"replies":[{"embeddable":true,"href":"https:\/\/info.sadowne.pl\/index.php?rest_route=%2Fwp%2Fv2%2Fcomments&post=24684"}],"version-history":[{"count":1,"href":"https:\/\/info.sadowne.pl\/index.php?rest_route=\/wp\/v2\/posts\/24684\/revisions"}],"predecessor-version":[{"id":24687,"href":"https:\/\/info.sadowne.pl\/index.php?rest_route=\/wp\/v2\/posts\/24684\/revisions\/24687"}],"wp:attachment":[{"href":"https:\/\/info.sadowne.pl\/index.php?rest_route=%2Fwp%2Fv2%2Fmedia&parent=24684"}],"wp:term":[{"taxonomy":"category","embeddable":true,"href":"https:\/\/info.sadowne.pl\/index.php?rest_route=%2Fwp%2Fv2%2Fcategories&post=24684"},{"taxonomy":"post_tag","embeddable":true,"href":"https:\/\/info.sadowne.pl\/index.php?rest_route=%2Fwp%2Fv2%2Ftags&post=24684"}],"curies":[{"name":"wp","href":"https:\/\/api.w.org\/{rel}","templated":true}]}}