{"id":24691,"date":"2021-05-27T17:36:17","date_gmt":"2021-05-27T15:36:17","guid":{"rendered":"http:\/\/info.sadowne.pl\/?p=24691"},"modified":"2021-05-27T17:36:17","modified_gmt":"2021-05-27T15:36:17","slug":"maj-w-wierszu","status":"publish","type":"post","link":"https:\/\/info.sadowne.pl\/?p=24691","title":{"rendered":"Maj w wierszu&#8230;"},"content":{"rendered":"<p><a href=\"http:\/\/info.sadowne.pl\/wp-content\/uploads\/2021\/05\/2021.05.27.1.jpg\" target=\"_blank\" rel=\"noopener\"><img loading=\"lazy\" decoding=\"async\" class=\"alignleft wp-image-24693 size-thumbnail\" src=\"http:\/\/info.sadowne.pl\/wp-content\/uploads\/2021\/05\/2021.05.27.1-180x130.jpg\" alt=\"\" width=\"180\" height=\"130\" \/><\/a><\/p>\n<p><strong>\u015awiat\u0142o, pejza\u017c, ziele\u0144&#8230;<\/strong><!--more--><\/p>\n<p style=\"text-align: center;\">\u00a0* * *<\/p>\n<p style=\"text-align: center;\">Tyle \u015bpiewu w przecieku \u015bwiat\u0142a.<\/p>\n<p style=\"text-align: center;\">\u00a0Jakie\u017c dr\u017cenie, jaka\u017c nadzieja.<\/p>\n<p style=\"text-align: center;\">Noc w brzasku przepad\u0142a.<\/p>\n<p style=\"text-align: center;\">Pejza\u017c rysuje si\u0119 od nowa.<\/p>\n<p style=\"text-align: center;\">Ptak w muzyk\u0119 ziele\u0144 przystraja.<\/p>\n<p style=\"text-align: center;\">*<\/p>\n<p style=\"text-align: center;\">A przecie\u017c takie chwile-<\/p>\n<p style=\"text-align: center;\">mgnienie oka,<\/p>\n<p style=\"text-align: center;\">oceanicznego czasu per\u0142a.<\/p>\n<p style=\"text-align: center;\">*<\/p>\n<p style=\"text-align: center;\">Dla jednych codzienno\u015bci\u0105 p\u0142ytka,<\/p>\n<p style=\"text-align: center;\">dla drugich jak ostatnie spojrzenie g\u0142\u0119boka.<\/p>\n<p style=\"text-align: center;\">*<\/p>\n<p style=\"text-align: center;\">A mnie dziw bierze i zachwyt,<\/p>\n<p style=\"text-align: center;\">\u017ce stw\u00f3rca nadal &#8211; ot tak sobie-<\/p>\n<p style=\"text-align: center;\">tworzy arcydzie\u0142a.<\/p>\n<p style=\"text-align: center;\">***<\/p>\n<p style=\"text-align: center;\"><strong>Tryptyk ilustrowany<\/strong><\/p>\n<p style=\"text-align: center;\">*<\/p>\n<p style=\"text-align: center;\">Poluj\u0119 na wyobra\u017ani\u0119<\/p>\n<p style=\"text-align: center;\">w pospolitej scenerii.<\/p>\n<p style=\"text-align: center;\">Z kor\u0105 s\u0142o\u0144ca na twarzy \u017ceglarza<\/p>\n<p style=\"text-align: center;\">chwytam bursztynowe zastoje istnienia,<\/p>\n<p style=\"text-align: center;\">pod niebem przykrytym granitami chmur,<\/p>\n<p style=\"text-align: center;\">kt\u00f3re jest ucieczk\u0105<\/p>\n<p style=\"text-align: center;\">i przystani\u0105 zarazem.<\/p>\n<p style=\"text-align: center;\">*<\/p>\n<p style=\"text-align: center;\">Chc\u0119 si\u0119 tarza\u0107<\/p>\n<p style=\"text-align: center;\">z wyobra\u017ani\u0105 jak z psiakiem.<\/p>\n<p style=\"text-align: center;\">Pie\u015bci\u0107 s\u0142owa wplatane w obrazy.<\/p>\n<p style=\"text-align: center;\">\u00a0Poczu\u0107 t\u0119tno i zapach metafor,<\/p>\n<p style=\"text-align: center;\">tak jak wiosn\u0105 bez pod oknami.<\/p>\n<p style=\"text-align: center;\">*<\/p>\n<p style=\"text-align: center;\">A gdy ze mn\u0105 zata\u0144czy,<\/p>\n<p style=\"text-align: center;\">w bia\u0142ej z kwiat\u00f3w sukience.<\/p>\n<p style=\"text-align: center;\">W trelach, kt\u00f3re s\u0142owikom<\/p>\n<p style=\"text-align: center;\">tylko wolnym s\u0105 dane.<\/p>\n<p style=\"text-align: center;\">Nigdy wi\u0119cej nie zw\u0105tpi\u0119<\/p>\n<p style=\"text-align: center;\">w zamy\u015blone me r\u0119ce,<\/p>\n<p style=\"text-align: center;\">zwisaj\u0105ce jak konar<\/p>\n<p style=\"text-align: center;\">nad papieru ekranem.<\/p>\n<p><strong>Autor:<\/strong> Wies\u0142aw Maliszewski<\/p>\n","protected":false},"excerpt":{"rendered":"<p>\u015awiat\u0142o, pejza\u017c, ziele\u0144&#8230;<\/p>\n","protected":false},"author":1,"featured_media":0,"comment_status":"closed","ping_status":"closed","sticky":false,"template":"","format":"standard","meta":{"footnotes":""},"categories":[5,48,6,108],"tags":[3579,49,51],"class_list":["post-24691","post","type-post","status-publish","format-standard","hentry","category-newsy","category-kacik-literacki","category-kultura-rozrywka-edukacja","category-okienko-poetyckie","tag-maj-w-wierszach","tag-wiersze","tag-wieslaw-maliszewski"],"views":2344,"_links":{"self":[{"href":"https:\/\/info.sadowne.pl\/index.php?rest_route=\/wp\/v2\/posts\/24691","targetHints":{"allow":["GET"]}}],"collection":[{"href":"https:\/\/info.sadowne.pl\/index.php?rest_route=\/wp\/v2\/posts"}],"about":[{"href":"https:\/\/info.sadowne.pl\/index.php?rest_route=\/wp\/v2\/types\/post"}],"author":[{"embeddable":true,"href":"https:\/\/info.sadowne.pl\/index.php?rest_route=\/wp\/v2\/users\/1"}],"replies":[{"embeddable":true,"href":"https:\/\/info.sadowne.pl\/index.php?rest_route=%2Fwp%2Fv2%2Fcomments&post=24691"}],"version-history":[{"count":2,"href":"https:\/\/info.sadowne.pl\/index.php?rest_route=\/wp\/v2\/posts\/24691\/revisions"}],"predecessor-version":[{"id":24694,"href":"https:\/\/info.sadowne.pl\/index.php?rest_route=\/wp\/v2\/posts\/24691\/revisions\/24694"}],"wp:attachment":[{"href":"https:\/\/info.sadowne.pl\/index.php?rest_route=%2Fwp%2Fv2%2Fmedia&parent=24691"}],"wp:term":[{"taxonomy":"category","embeddable":true,"href":"https:\/\/info.sadowne.pl\/index.php?rest_route=%2Fwp%2Fv2%2Fcategories&post=24691"},{"taxonomy":"post_tag","embeddable":true,"href":"https:\/\/info.sadowne.pl\/index.php?rest_route=%2Fwp%2Fv2%2Ftags&post=24691"}],"curies":[{"name":"wp","href":"https:\/\/api.w.org\/{rel}","templated":true}]}}