{"id":24701,"date":"2021-05-31T19:26:22","date_gmt":"2021-05-31T17:26:22","guid":{"rendered":"http:\/\/info.sadowne.pl\/?p=24701"},"modified":"2021-05-31T19:26:22","modified_gmt":"2021-05-31T17:26:22","slug":"kronika-strazacka-24-30-maja-2021","status":"publish","type":"post","link":"https:\/\/info.sadowne.pl\/?p=24701","title":{"rendered":"Kronika stra\u017cacka 24 -30 maja 2021"},"content":{"rendered":"<p><strong><a href=\"http:\/\/info.sadowne.pl\/wp-content\/uploads\/2013\/07\/straz3.jpg\"><img loading=\"lazy\" decoding=\"async\" class=\"alignleft size-thumbnail wp-image-2625\" src=\"http:\/\/info.sadowne.pl\/wp-content\/uploads\/2013\/07\/straz3-180x130.jpg\" alt=\"\" width=\"180\" height=\"130\" \/><\/a>W<\/strong><strong> okresie<\/strong><strong> 24 &#8211; 30.05.2021 na<\/strong><strong> terenie<\/strong><strong> powiatu<\/strong><strong> w\u0119growskiego<\/strong><strong> zanotowano: <\/strong><strong>9 zdarze\u0144,<\/strong><strong> przy<\/strong><strong> kt\u00f3rych<\/strong><strong> interweniowa\u0142y<\/strong><strong> jednostki<\/strong><strong> ochrony<\/strong><strong> przeciwpo\u017carowej, w tym:<\/strong><strong> 2 po\u017cary, 5 miejscowych zagro\u017ce\u0144 i 2 alarmy fa\u0142szywe.<\/strong><strong>\u00a0<\/strong><!--more--><\/p>\n<p><strong>28.05.2021 \u2013 Zieleniec, gm. Sadowne \u2013 Po\u017car lasu.<\/strong><\/p>\n<p>Zast\u0119py Stra\u017cy Po\u017carnej gasi\u0142y po\u017car \u015bci\u00f3\u0142ki le\u015bnej, spaleniu uleg\u0142o oko\u0142o 15 ar\u00f3w \u015bci\u00f3\u0142ki w lesie sosnowym. W dzia\u0142aniach udzia\u0142 bra\u0142o PSP 1 zast\u0119p OSP 2 zast\u0119py. Przyczyna \u2013 podpalenie.<\/p>\n<p>Pozosta\u0142e to dekontaminacja, owady i zalana piwnica.<\/p>\n<p><strong>KP PSP W\u0119gr\u00f3w<\/strong><\/p>\n","protected":false},"excerpt":{"rendered":"<p>W okresie 24 &#8211; 30.05.2021 na terenie powiatu w\u0119growskiego zanotowano: 9 zdarze\u0144, przy kt\u00f3rych interweniowa\u0142y jednostki ochrony przeciwpo\u017carowej, w tym: 2 po\u017cary, 5 miejscowych zagro\u017ce\u0144 i 2 alarmy fa\u0142szywe.\u00a0<\/p>\n","protected":false},"author":1,"featured_media":0,"comment_status":"closed","ping_status":"closed","sticky":false,"template":"","format":"standard","meta":{"footnotes":""},"categories":[5,4,267],"tags":[491,643],"class_list":["post-24701","post","type-post","status-publish","format-standard","hentry","category-newsy","category-policja-straz-pozarna-pogotowie-ratunkowe","category-straz-pozarna-policja-straz-pozarna-pogotowie-ratunkowe","tag-komenda-powiatowa-panstwowej-strazy-pozarnej-w-wegrowie","tag-kronika-strazacka"],"views":2088,"_links":{"self":[{"href":"https:\/\/info.sadowne.pl\/index.php?rest_route=\/wp\/v2\/posts\/24701","targetHints":{"allow":["GET"]}}],"collection":[{"href":"https:\/\/info.sadowne.pl\/index.php?rest_route=\/wp\/v2\/posts"}],"about":[{"href":"https:\/\/info.sadowne.pl\/index.php?rest_route=\/wp\/v2\/types\/post"}],"author":[{"embeddable":true,"href":"https:\/\/info.sadowne.pl\/index.php?rest_route=\/wp\/v2\/users\/1"}],"replies":[{"embeddable":true,"href":"https:\/\/info.sadowne.pl\/index.php?rest_route=%2Fwp%2Fv2%2Fcomments&post=24701"}],"version-history":[{"count":1,"href":"https:\/\/info.sadowne.pl\/index.php?rest_route=\/wp\/v2\/posts\/24701\/revisions"}],"predecessor-version":[{"id":24702,"href":"https:\/\/info.sadowne.pl\/index.php?rest_route=\/wp\/v2\/posts\/24701\/revisions\/24702"}],"wp:attachment":[{"href":"https:\/\/info.sadowne.pl\/index.php?rest_route=%2Fwp%2Fv2%2Fmedia&parent=24701"}],"wp:term":[{"taxonomy":"category","embeddable":true,"href":"https:\/\/info.sadowne.pl\/index.php?rest_route=%2Fwp%2Fv2%2Fcategories&post=24701"},{"taxonomy":"post_tag","embeddable":true,"href":"https:\/\/info.sadowne.pl\/index.php?rest_route=%2Fwp%2Fv2%2Ftags&post=24701"}],"curies":[{"name":"wp","href":"https:\/\/api.w.org\/{rel}","templated":true}]}}