{"id":24708,"date":"2021-06-07T14:48:36","date_gmt":"2021-06-07T12:48:36","guid":{"rendered":"http:\/\/info.sadowne.pl\/?p=24708"},"modified":"2021-06-07T14:57:47","modified_gmt":"2021-06-07T12:57:47","slug":"kronika-strazacka-30-maja-6-czerwca-2021","status":"publish","type":"post","link":"https:\/\/info.sadowne.pl\/?p=24708","title":{"rendered":"Kronika stra\u017cacka 30 maja \u2013 06 czerwca 2021"},"content":{"rendered":"<p><strong><a href=\"http:\/\/info.sadowne.pl\/wp-content\/uploads\/2013\/07\/straz3.jpg\"><img loading=\"lazy\" decoding=\"async\" class=\"alignleft size-thumbnail wp-image-2625\" src=\"http:\/\/info.sadowne.pl\/wp-content\/uploads\/2013\/07\/straz3-180x130.jpg\" alt=\"\" width=\"180\" height=\"130\" \/><\/a>W<\/strong><strong> okresie<\/strong><strong> 30.05 &#8211; 06.06.2021 na<\/strong><strong> terenie<\/strong><strong> powiatu<\/strong><strong> w\u0119growskiego<\/strong><strong> zanotowano: <\/strong><strong>18 zdarze\u0144,<\/strong><strong> przy<\/strong><strong> kt\u00f3rych<\/strong><strong> interweniowa\u0142y<\/strong><strong> jednostki<\/strong><strong> ochrony<\/strong><strong> przeciwpo\u017carowej, w tym:<\/strong><strong> 7 po\u017car\u00f3w, 10 miejscowych zagro\u017ce\u0144 i 1 alarm fa\u0142szywy.<\/strong><!--more--><\/p>\n<p><strong>02.06.2021 <\/strong>\u2013 <strong>W\u0119gr\u00f3w, ul. S\u0142owackiego \u2013 otwarcie mieszkania.<\/strong><\/p>\n<p>Do SKKP wp\u0142yn\u0119\u0142a informacja od dy\u017curnego Policji z \u017c\u0105daniem pomocy w otwarciu mieszkania na parterze w budynku wielorodzinnym. SK na miejsce zdarzenia zadysponowa\u0142o zast\u0119p JRG. Po przybyciu na miejsce zdarzenia zast\u0119pu, stra\u017cacy uzyskali informacj\u0119 od policji, \u017ce w mieszkaniu na parterze mo\u017ce kto\u015b przebywa\u0107 &#8211; brak kontaktu. Dzia\u0142ania zast\u0119pu polega\u0142y na dotarciu ratownik\u00f3w na balkon przy pomocy drabiny przystawnej, a nast\u0119pnie otwarciu okna oraz dotarciu do mieszkania i otwarciu drzwi innym s\u0142u\u017cbom. Przyby\u0142y na miejsce lekarz ZRM stwierdzi\u0142 zgon osoby przebywaj\u0105cej wewn\u0105trz mieszkania.<\/p>\n<p><strong>03.06.2021 <\/strong>\u2013 <strong>Krupi\u0144skie, gm. Sadowne \u2013 po\u017car lasu.<\/strong><\/p>\n<p>Do dzia\u0142a\u0144 ga\u015bniczych zosta\u0142y zadysponowane 3 zast\u0119py stra\u017cy po\u017carnej. Po doje\u017adzie na miejsce zdarzenia stra\u017cacy stwierdzili, \u017ce po\u017carem obj\u0119ta jest \u015bci\u00f3\u0142ka i ro\u015blinno\u015b\u0107 ni\u017cszych pi\u0119ter lasu o powierzchni ok. 2 hektar\u00f3w, w lesie mieszanym, stanowi\u0105cym w\u0142asno\u015b\u0107 prywatn\u0105. Dzia\u0142ania zast\u0119p\u00f3w w pierwszej chwili polega\u0142y na podaniu 4 pr\u0105d\u00f3w wody w natarciu na po\u017car. Przewiduj\u0105c trudno\u015bci zwi\u0105zane ze skutecznym zorganizowaniem zaopatrzenia wodnego KDR poprosi\u0142 o zadysponowanie kolejnych trzech zast\u0119p\u00f3w na miejsce zdarzenia. Dzia\u0142ania te doprowadzi\u0142y do ugaszenia po\u017caru. Miejsca zdarzenia nie przekazano z powodu braku obecno\u015bci w\u0142a\u015bcicieli. Na tym dzia\u0142ania zako\u0144czono.<\/p>\n<p>Uleg\u0142o spaleniu: ok. 2 ha \u015bci\u00f3\u0142ki i ro\u015blinno\u015bci le\u015bnej. W dzia\u0142aniach bra\u0142o udzia\u0142 6 zast\u0119p\u00f3w stra\u017cy po\u017carnej i 34 ratownik\u00f3w.<\/p>\n<p><strong>W podanym okresie czasu dowieziono czterech mieszka\u0144c\u00f3w powiatu na szczepienia ochronne przeciw korona-wirusowi COVID-19.<\/strong><strong>\u00a0<\/strong><\/p>\n<p><strong>KP PSP W\u0119gr\u00f3w<\/strong><\/p>\n","protected":false},"excerpt":{"rendered":"<p>W okresie 30.05 &#8211; 06.06.2021 na terenie powiatu w\u0119growskiego zanotowano: 18 zdarze\u0144, przy kt\u00f3rych interweniowa\u0142y jednostki ochrony przeciwpo\u017carowej, w tym: 7 po\u017car\u00f3w, 10 miejscowych zagro\u017ce\u0144 i 1 alarm fa\u0142szywy.<\/p>\n","protected":false},"author":1,"featured_media":0,"comment_status":"closed","ping_status":"closed","sticky":false,"template":"","format":"standard","meta":{"footnotes":""},"categories":[5,4,267],"tags":[491,643],"class_list":["post-24708","post","type-post","status-publish","format-standard","hentry","category-newsy","category-policja-straz-pozarna-pogotowie-ratunkowe","category-straz-pozarna-policja-straz-pozarna-pogotowie-ratunkowe","tag-komenda-powiatowa-panstwowej-strazy-pozarnej-w-wegrowie","tag-kronika-strazacka"],"views":2037,"_links":{"self":[{"href":"https:\/\/info.sadowne.pl\/index.php?rest_route=\/wp\/v2\/posts\/24708","targetHints":{"allow":["GET"]}}],"collection":[{"href":"https:\/\/info.sadowne.pl\/index.php?rest_route=\/wp\/v2\/posts"}],"about":[{"href":"https:\/\/info.sadowne.pl\/index.php?rest_route=\/wp\/v2\/types\/post"}],"author":[{"embeddable":true,"href":"https:\/\/info.sadowne.pl\/index.php?rest_route=\/wp\/v2\/users\/1"}],"replies":[{"embeddable":true,"href":"https:\/\/info.sadowne.pl\/index.php?rest_route=%2Fwp%2Fv2%2Fcomments&post=24708"}],"version-history":[{"count":2,"href":"https:\/\/info.sadowne.pl\/index.php?rest_route=\/wp\/v2\/posts\/24708\/revisions"}],"predecessor-version":[{"id":24713,"href":"https:\/\/info.sadowne.pl\/index.php?rest_route=\/wp\/v2\/posts\/24708\/revisions\/24713"}],"wp:attachment":[{"href":"https:\/\/info.sadowne.pl\/index.php?rest_route=%2Fwp%2Fv2%2Fmedia&parent=24708"}],"wp:term":[{"taxonomy":"category","embeddable":true,"href":"https:\/\/info.sadowne.pl\/index.php?rest_route=%2Fwp%2Fv2%2Fcategories&post=24708"},{"taxonomy":"post_tag","embeddable":true,"href":"https:\/\/info.sadowne.pl\/index.php?rest_route=%2Fwp%2Fv2%2Ftags&post=24708"}],"curies":[{"name":"wp","href":"https:\/\/api.w.org\/{rel}","templated":true}]}}