{"id":24718,"date":"2021-06-10T11:32:28","date_gmt":"2021-06-10T09:32:28","guid":{"rendered":"http:\/\/info.sadowne.pl\/?p=24718"},"modified":"2021-06-10T11:32:28","modified_gmt":"2021-06-10T09:32:28","slug":"poczytajmy","status":"publish","type":"post","link":"https:\/\/info.sadowne.pl\/?p=24718","title":{"rendered":"PoczytajMY!"},"content":{"rendered":"<p><strong><a href=\"http:\/\/info.sadowne.pl\/wp-content\/uploads\/2021\/06\/2021.06.10.1.jpg\"><img loading=\"lazy\" decoding=\"async\" class=\"alignleft size-thumbnail wp-image-24726\" src=\"http:\/\/info.sadowne.pl\/wp-content\/uploads\/2021\/06\/2021.06.10.1-180x130.jpg\" alt=\"\" width=\"180\" height=\"130\" \/><\/a>W ZSP w Sadownem zako\u0144czy\u0142a si\u0119 realizacja projektu PoczytajMY. Akcja mia\u0142a na celu popularyzacj\u0119 czytania ksi\u0105\u017cek w\u015br\u00f3d dzieci i m\u0142odzie\u017cy.<\/strong><!--more--><\/p>\n<p><strong>G<\/strong>rupa uczni\u00f3w z Liceum Og\u00f3lnokszta\u0142c\u0105cego w Sadownem, w ramach wolontariatu, czyta\u0142a dzieciom i m\u0142odzie\u017cy ciekawe ksi\u0105\u017cki. Przygotowa\u0142a sze\u015b\u0107 spotka\u0144 czytelniczych dla m\u0142odszych koleg\u00f3w z przedszkola i szko\u0142y podstawowej w Sadownem. W grupach przedszkolnych oraz zer\u00f3wkach dziewcz\u0119ta z liceum przeczyta\u0142y wiersz Jana Brzechwy \u201eNa straganie\u201d. Z m\u0142odzie\u017c\u0105 w klasach \u00f3smych, opowiadanie o przyja\u017ani pt: \u201eKoszulka z numerem 6\u201d. Po wsp\u00f3lnej lekturze odbywa\u0142y si\u0119 ciekawe gry i zabawy dotycz\u0105ce przeczytanych ksi\u0105\u017cek. By\u0142y: quizy, ko\u0142o fortuny, zagadki, mi\u0142e rozmowy. Uczestnicy (\u0142\u0105cznie ok. 90 os\u00f3b), na zako\u0144czenie, otrzymali zak\u0142adk\u0119 do ksi\u0105\u017cek i ma\u0142y pocz\u0119stunek. Spotkania przebieg\u0142y w bardzo mi\u0142ej atmosferze i z pewno\u015bci\u0105 pozostan\u0105 u wszystkich na d\u0142ugo w pami\u0119ci.<\/p>\n<p>Wsp\u00f3lne czytanie ksi\u0105\u017cek zaanga\u017cowa\u0142o nasz\u0105 m\u0142odzie\u017c w czytelnictwo i wolontariat, by\u0142o okazj\u0105 do bardzo sympatycznych spotka\u0144 i rozm\u00f3w na temat ksi\u0105\u017cek. W trakcie akcji czytelniczych m\u0142odzie\u017c w nietuzinkowy spos\u00f3b pokaza\u0142a swoim m\u0142odszym kolegom, jak wci\u0105gaj\u0105ce jest czytanie, jak du\u017co mo\u017ce przynie\u015b\u0107 rado\u015bci i satysfakcji.<\/p>\n<p>W ramach realizacji tego samego projektu przeprowadzony zosta\u0142 ponadto w ZSP w Sadownem, Szkolny Konkurs Fotograficzny pt: \u201eOdkrywamy Norwida\u201d. Uczestnicy mieli za zadanie zilustrowa\u0107 cytaty Cypriana Kamila Norwida fotografi\u0105. Nap\u0142yn\u0119\u0142o niemal 70 prac, z kt\u00f3rych wyr\u00f3\u017cniono 4. Ponadto jedna praca zosta\u0142a nagrodzona nagrod\u0105 publiczno\u015bci. Konkurs mia\u0142 na celu przypomnienie postaci naszego wieszcza oraz popularyzacj\u0119 jego wierszy w Roku Norwida.<\/p>\n<p>Wszyscy wiemy, \u017ce kszta\u0142towanie nawyk\u00f3w czytelniczych zaczyna si\u0119 od ju\u017c od najm\u0142odszych lat. Czytanie w\u0142a\u015bnie najm\u0142odszym przez ich starszych koleg\u00f3w jest do tego bardzo skuteczn\u0105 metod\u0105. Chcieli\u015bmy pokaza\u0107, \u017ce czytanie nie ko\u0144czy si\u0119 w szkole, na nie zawsze ciekawych lekturach. Jest przede wszystkim kluczem do zdobycia kompetencji spo\u0142ecznych, do sukces\u00f3w w bardzo wielu obszarach \u017cycia.<\/p>\n<p><em>Projekt PoczytajMY zrealizowany zosta\u0142 w ramach og\u00f3lnopolskiej akcji promocji czytelnictwa organizowanej przez CEO.<\/em><\/p>\n<p><strong>Miros\u0142awa Renik<\/strong><\/p>\n\n\t\t<style type=\"text\/css\">\n\t\t\t#gallery-1 {\n\t\t\t\tmargin: auto;\n\t\t\t}\n\t\t\t#gallery-1 .gallery-item {\n\t\t\t\tfloat: left;\n\t\t\t\tmargin-top: 10px;\n\t\t\t\ttext-align: center;\n\t\t\t\twidth: 33%;\n\t\t\t}\n\t\t\t#gallery-1 img {\n\t\t\t\tborder: 2px solid #cfcfcf;\n\t\t\t}\n\t\t\t#gallery-1 .gallery-caption {\n\t\t\t\tmargin-left: 0;\n\t\t\t}\n\t\t\t\/* see gallery_shortcode() in wp-includes\/media.php *\/\n\t\t<\/style>\n\t\t<div id='gallery-1' class='gallery galleryid-24718 gallery-columns-3 gallery-size-thumbnail'><dl class='gallery-item'>\n\t\t\t<dt class='gallery-icon landscape'>\n\t\t\t\t<a href='https:\/\/info.sadowne.pl\/wp-content\/uploads\/2021\/06\/2021.06.10.1.jpg'><img loading=\"lazy\" decoding=\"async\" width=\"180\" height=\"130\" src=\"https:\/\/info.sadowne.pl\/wp-content\/uploads\/2021\/06\/2021.06.10.1-180x130.jpg\" class=\"attachment-thumbnail size-thumbnail\" alt=\"\" \/><\/a>\n\t\t\t<\/dt><\/dl><dl class='gallery-item'>\n\t\t\t<dt class='gallery-icon portrait'>\n\t\t\t\t<a href='https:\/\/info.sadowne.pl\/wp-content\/uploads\/2021\/06\/2021.06.10-1.jpg'><img loading=\"lazy\" decoding=\"async\" width=\"180\" height=\"130\" src=\"https:\/\/info.sadowne.pl\/wp-content\/uploads\/2021\/06\/2021.06.10-1-180x130.jpg\" class=\"attachment-thumbnail size-thumbnail\" alt=\"\" \/><\/a>\n\t\t\t<\/dt><\/dl><dl class='gallery-item'>\n\t\t\t<dt class='gallery-icon landscape'>\n\t\t\t\t<a href='https:\/\/info.sadowne.pl\/wp-content\/uploads\/2021\/06\/2021.06.10-2.jpg'><img loading=\"lazy\" decoding=\"async\" width=\"180\" height=\"130\" src=\"https:\/\/info.sadowne.pl\/wp-content\/uploads\/2021\/06\/2021.06.10-2-180x130.jpg\" class=\"attachment-thumbnail size-thumbnail\" alt=\"\" \/><\/a>\n\t\t\t<\/dt><\/dl><br style=\"clear: both\" \/><dl class='gallery-item'>\n\t\t\t<dt class='gallery-icon portrait'>\n\t\t\t\t<a href='https:\/\/info.sadowne.pl\/wp-content\/uploads\/2021\/06\/2021.06.10-3.jpg'><img loading=\"lazy\" decoding=\"async\" width=\"180\" height=\"130\" src=\"https:\/\/info.sadowne.pl\/wp-content\/uploads\/2021\/06\/2021.06.10-3-180x130.jpg\" class=\"attachment-thumbnail size-thumbnail\" alt=\"\" \/><\/a>\n\t\t\t<\/dt><\/dl><dl class='gallery-item'>\n\t\t\t<dt class='gallery-icon landscape'>\n\t\t\t\t<a href='https:\/\/info.sadowne.pl\/wp-content\/uploads\/2021\/06\/2021.06.10-4.jpg'><img loading=\"lazy\" decoding=\"async\" width=\"180\" height=\"130\" src=\"https:\/\/info.sadowne.pl\/wp-content\/uploads\/2021\/06\/2021.06.10-4-180x130.jpg\" class=\"attachment-thumbnail size-thumbnail\" alt=\"\" \/><\/a>\n\t\t\t<\/dt><\/dl><dl class='gallery-item'>\n\t\t\t<dt class='gallery-icon landscape'>\n\t\t\t\t<a href='https:\/\/info.sadowne.pl\/wp-content\/uploads\/2021\/06\/2021.06.10-5.jpg'><img loading=\"lazy\" decoding=\"async\" width=\"180\" height=\"130\" src=\"https:\/\/info.sadowne.pl\/wp-content\/uploads\/2021\/06\/2021.06.10-5-180x130.jpg\" class=\"attachment-thumbnail size-thumbnail\" alt=\"\" \/><\/a>\n\t\t\t<\/dt><\/dl><br style=\"clear: both\" \/><dl class='gallery-item'>\n\t\t\t<dt class='gallery-icon landscape'>\n\t\t\t\t<a href='https:\/\/info.sadowne.pl\/wp-content\/uploads\/2021\/06\/2021.06.10-6.jpg'><img loading=\"lazy\" decoding=\"async\" width=\"180\" height=\"130\" src=\"https:\/\/info.sadowne.pl\/wp-content\/uploads\/2021\/06\/2021.06.10-6-180x130.jpg\" class=\"attachment-thumbnail size-thumbnail\" alt=\"\" \/><\/a>\n\t\t\t<\/dt><\/dl><dl class='gallery-item'>\n\t\t\t<dt class='gallery-icon landscape'>\n\t\t\t\t<a href='https:\/\/info.sadowne.pl\/wp-content\/uploads\/2021\/06\/2021.06.10-7.jpg'><img loading=\"lazy\" decoding=\"async\" width=\"180\" height=\"130\" src=\"https:\/\/info.sadowne.pl\/wp-content\/uploads\/2021\/06\/2021.06.10-7-180x130.jpg\" class=\"attachment-thumbnail size-thumbnail\" alt=\"\" \/><\/a>\n\t\t\t<\/dt><\/dl>\n\t\t\t<br style='clear: both' \/>\n\t\t<\/div>\n\n<p>&nbsp;<\/p>\n","protected":false},"excerpt":{"rendered":"<p>W ZSP w Sadownem zako\u0144czy\u0142a si\u0119 realizacja projektu PoczytajMY. Akcja mia\u0142a na celu popularyzacj\u0119 czytania ksi\u0105\u017cek w\u015br\u00f3d dzieci i m\u0142odzie\u017cy.<\/p>\n","protected":false},"author":1,"featured_media":0,"comment_status":"closed","ping_status":"closed","sticky":false,"template":"","format":"standard","meta":{"footnotes":""},"categories":[5],"tags":[428,3581,3197],"class_list":["post-24718","post","type-post","status-publish","format-standard","hentry","category-newsy","tag-miroslawa-renik","tag-projekt-ppoczytajmy","tag-zespol-szkol-ponadpodstawowych-w-sadownem"],"views":2426,"_links":{"self":[{"href":"https:\/\/info.sadowne.pl\/index.php?rest_route=\/wp\/v2\/posts\/24718","targetHints":{"allow":["GET"]}}],"collection":[{"href":"https:\/\/info.sadowne.pl\/index.php?rest_route=\/wp\/v2\/posts"}],"about":[{"href":"https:\/\/info.sadowne.pl\/index.php?rest_route=\/wp\/v2\/types\/post"}],"author":[{"embeddable":true,"href":"https:\/\/info.sadowne.pl\/index.php?rest_route=\/wp\/v2\/users\/1"}],"replies":[{"embeddable":true,"href":"https:\/\/info.sadowne.pl\/index.php?rest_route=%2Fwp%2Fv2%2Fcomments&post=24718"}],"version-history":[{"count":1,"href":"https:\/\/info.sadowne.pl\/index.php?rest_route=\/wp\/v2\/posts\/24718\/revisions"}],"predecessor-version":[{"id":24728,"href":"https:\/\/info.sadowne.pl\/index.php?rest_route=\/wp\/v2\/posts\/24718\/revisions\/24728"}],"wp:attachment":[{"href":"https:\/\/info.sadowne.pl\/index.php?rest_route=%2Fwp%2Fv2%2Fmedia&parent=24718"}],"wp:term":[{"taxonomy":"category","embeddable":true,"href":"https:\/\/info.sadowne.pl\/index.php?rest_route=%2Fwp%2Fv2%2Fcategories&post=24718"},{"taxonomy":"post_tag","embeddable":true,"href":"https:\/\/info.sadowne.pl\/index.php?rest_route=%2Fwp%2Fv2%2Ftags&post=24718"}],"curies":[{"name":"wp","href":"https:\/\/api.w.org\/{rel}","templated":true}]}}