{"id":24737,"date":"2021-06-16T12:17:35","date_gmt":"2021-06-16T10:17:35","guid":{"rendered":"http:\/\/info.sadowne.pl\/?p=24737"},"modified":"2021-06-16T12:17:35","modified_gmt":"2021-06-16T10:17:35","slug":"konkurs-plastyczny-skad-moj-rod-drzewo-genealogiczne-mojej-rodziny","status":"publish","type":"post","link":"https:\/\/info.sadowne.pl\/?p=24737","title":{"rendered":"Konkurs plastyczny \u201eSk\u0105d m\u00f3j r\u00f3d? Drzewo genealogiczne mojej rodziny\u201d"},"content":{"rendered":"<p><strong><a href=\"http:\/\/info.sadowne.pl\/wp-content\/uploads\/2021\/06\/2021.06.16.1.jpg\" target=\"_blank\" rel=\"noopener\"><img loading=\"lazy\" decoding=\"async\" class=\"alignleft wp-image-24738 size-thumbnail\" src=\"http:\/\/info.sadowne.pl\/wp-content\/uploads\/2021\/06\/2021.06.16.1-180x130.jpg\" alt=\"\" width=\"180\" height=\"130\" \/><\/a>Przedszkole \u00a0w Sadownem zaprasza dzieci (wraz z rodzicami) z oddzia\u0142\u00f3w przedszkolnych na terenie gminy Sadowne do udzia\u0142u\u00a0w Konkursie Plastycznym.<\/strong><!--more--><\/p>\n<p><strong>Cel konkursu:<\/strong><\/p>\n<p>&#8211; integracja rodzin, promowanie wsp\u00f3lnego sp\u0119dzania czasu wolnego,<\/p>\n<p>&#8211; zainteresowanie histori\u0105 swojej rodziny,<\/p>\n<p>&#8211; propagowanie \u015bwiadomo\u015bci warto\u015bci rodziny,<\/p>\n<p>&#8211; rozwijanie zainteresowa\u0144 plastycznych, poszukiwanie ciekawych form wyrazu artystycznego,<\/p>\n<p>&#8211; rozwijanie inwencji tw\u00f3rczej dzieci.<\/p>\n<p><strong>Regulamin konkursu:<\/strong><\/p>\n<ol>\n<li>Prace konkursowe wykonuj\u0105 dzieci przedszkolne wraz z rodzicami.<\/li>\n<li>Zadaniem uczestnik\u00f3w konkursu jest wykonanie pracy plastycznej: \u201eSk\u0105d m\u00f3j r\u00f3d? Drzewo genealogiczne mojej rodziny\u201d.<\/li>\n<li>Prace plastyczne o formacie do wyboru: A3, A2.<\/li>\n<li>Technika dowolna (wyklucza si\u0119 prace przestrzenne).<\/li>\n<li>Przyjmowane b\u0119d\u0105 prace opisane zgodnie z podanym wzorem: Imi\u0119 i nazwisko uczestnika, wiek, przedszkole\/szko\u0142a, grupa, adres, opiekun, telefon kontaktowy oraz wype\u0142niony formularz zg\u0142oszeniowy.<\/li>\n<\/ol>\n<ol start=\"6\">\n<li>Kryteria oceny prac:<\/li>\n<\/ol>\n<p>&#8211; ilo\u015b\u0107 informacji (stopie\u0144 znajomo\u015bci swojej rodziny),<\/p>\n<p>&#8211; forma prezentacji,<\/p>\n<p>&#8211; pomys\u0142owo\u015b\u0107 i estetyka.<\/p>\n<ol start=\"7\">\n<li>Nagrody:<\/li>\n<\/ol>\n<p>&#8211; zwyci\u0119zcy konkursu otrzymuj\u0105 dyplomy oraz nagrody rzeczowe,<\/p>\n<p>&#8211; dyplomy otrzymuj\u0105 r\u00f3wnie\u017c opiekunowie laureat\u00f3w,<\/p>\n<p>&#8211; o ilo\u015bci nagr\u00f3d decyduj\u0105 organizatorzy i jurorzy.<\/p>\n<ol start=\"8\">\n<li>Prace nale\u017cy dostarczy\u0107 do przedszkola do dnia 23.06.2021 r.<\/li>\n<li>Rozstrzygni\u0119cie konkursu nast\u0105pi do dnia 25.06.2021 r.<\/li>\n<li>Prace oceniane b\u0119d\u0105 przez Jury powo\u0142ane przez Organizatora.<\/li>\n<li>Lista nagrodzonych zostanie opublikowana na stronie internetowej przedszkola: https:\/\/psadowne.szkolnastrona.pl\/. Z wszystkich prac konkursowych zostanie utworzona galeria.<\/li>\n<li>Przyst\u0119puj\u0105c do konkursu wyra\u017caj\u0105 Pa\u0144stwo zgod\u0119 na przetwarzanie danych osobowych dzieci jak i wszystkich cz\u0142onk\u00f3w rodziny wymienionych w pracy.<\/li>\n<li>Miejsce sk\u0142adania prac:<\/li>\n<\/ol>\n<p><strong>Przedszkole w Sadownem<\/strong><br \/>\n<strong>ul. Ko\u015bciuszki 72<\/strong><br \/>\n<strong>07-140 Sadowne<\/strong><br \/>\n<strong>sala grupy \u201eBiedronki\u201d<\/strong>.<\/p>\n<p><strong>UWAGA!<\/strong><\/p>\n<p>Nades\u0142anie pracy na konkurs jest r\u00f3wnoznaczne z wyra\u017ceniem zgody przez Uczestnik\u00f3w na przetwarzanie ich danych osobowych przez Organizatora, wykorzystanie pracy plastycznej<br \/>\ni nazwiska Uczestnik\u00f3w oraz ich Opiekun\u00f3w dla potrzeb konkursu. Prace nades\u0142ane na konkurs, jak te\u017c prawa autorskie z nimi zwi\u0105zane, pozostan\u0105 w\u0142asno\u015bci\u0105 organizatora. Prace konkursowe nie b\u0119d\u0105 zwracane.<\/p>\n<p>Na podstawie art. 13 Rozporz\u0105dzenia Parlamentu Europejskiego i Rady (UE) 2016\/679 z dnia 27 kwietnia 2016 r. w sprawie ochrony os\u00f3b fizycznych w zwi\u0105zku z przetwarzaniem danych osobowych i w sprawie swobodnego przep\u0142ywu takich danych oraz uchylenia dyrektywy 95\/46\/WE (og\u00f3lne rozporz\u0105dzenie o ochronie danych \u201eRODO\u201d), informujemy o zasadach przetwarzania danych osobowych oraz o przys\u0142uguj\u0105cych prawach z tym zwi\u0105zanych.<\/p>\n<p><strong>KLAUZULA INFORMACYJNA:<br \/>\n<\/strong>1. Administratorem danych osobowych jest Przedszkole w Sadownem ul. Plac Ko\u015bcielny 8, adres e-mail: przedszkolesadowne@wp.pl.<br \/>\n2. Dane przetwarzane s\u0105 w celu wzi\u0119cia przez dziecko udzia\u0142u w Konkursie Plastycznym \u201eSk\u0105d m\u00f3j r\u00f3d? Drzewo genealogiczne mojej rodziny\u201d, obs\u0142ugi uczestnik\u00f3w konkursu oraz zapewnienia prawid\u0142owej organizacji konkursu.<\/p>\n<p><strong><em>Organizator \u2013 Przedszkole w Sadownem<\/em><\/strong><\/p>\n<p><strong>Regulamin i Formularz zg\u0142oszeniowy s\u0105 dost\u0119pne na stronie <span style=\"color: #0000ff;\"><a style=\"color: #0000ff;\" href=\"https:\/\/psadowne.szkolnastrona.pl\/art,460,konkurs-plastyczny-skad-moj-rod-drzewo-genealogiczne-mojej-rodziny\" target=\"_blank\" rel=\"noopener\">https:\/\/psadowne.szkolnastrona.pl\/art,460,konkurs-plastyczny-skad-moj-rod-drzewo-genealogiczne-mojej-rodziny<\/a><\/span><\/strong><\/p>\n","protected":false},"excerpt":{"rendered":"<p>Przedszkole \u00a0w Sadownem zaprasza dzieci (wraz z rodzicami) z oddzia\u0142\u00f3w przedszkolnych na terenie gminy Sadowne do udzia\u0142u\u00a0w Konkursie Plastycznym.<\/p>\n","protected":false},"author":1,"featured_media":0,"comment_status":"closed","ping_status":"closed","sticky":false,"template":"","format":"standard","meta":{"footnotes":""},"categories":[5,1752,561],"tags":[3585,2286],"class_list":["post-24737","post","type-post","status-publish","format-standard","hentry","category-newsy","category-edukacja","category-przedszkole-w-sadownem","tag-konkurs-plastyczny-skad-moj-rod-drzewo-genealogiczne-mojej-rodziny","tag-przedszkole-w-sadownem"],"views":2833,"_links":{"self":[{"href":"https:\/\/info.sadowne.pl\/index.php?rest_route=\/wp\/v2\/posts\/24737","targetHints":{"allow":["GET"]}}],"collection":[{"href":"https:\/\/info.sadowne.pl\/index.php?rest_route=\/wp\/v2\/posts"}],"about":[{"href":"https:\/\/info.sadowne.pl\/index.php?rest_route=\/wp\/v2\/types\/post"}],"author":[{"embeddable":true,"href":"https:\/\/info.sadowne.pl\/index.php?rest_route=\/wp\/v2\/users\/1"}],"replies":[{"embeddable":true,"href":"https:\/\/info.sadowne.pl\/index.php?rest_route=%2Fwp%2Fv2%2Fcomments&post=24737"}],"version-history":[{"count":1,"href":"https:\/\/info.sadowne.pl\/index.php?rest_route=\/wp\/v2\/posts\/24737\/revisions"}],"predecessor-version":[{"id":24739,"href":"https:\/\/info.sadowne.pl\/index.php?rest_route=\/wp\/v2\/posts\/24737\/revisions\/24739"}],"wp:attachment":[{"href":"https:\/\/info.sadowne.pl\/index.php?rest_route=%2Fwp%2Fv2%2Fmedia&parent=24737"}],"wp:term":[{"taxonomy":"category","embeddable":true,"href":"https:\/\/info.sadowne.pl\/index.php?rest_route=%2Fwp%2Fv2%2Fcategories&post=24737"},{"taxonomy":"post_tag","embeddable":true,"href":"https:\/\/info.sadowne.pl\/index.php?rest_route=%2Fwp%2Fv2%2Ftags&post=24737"}],"curies":[{"name":"wp","href":"https:\/\/api.w.org\/{rel}","templated":true}]}}