{"id":24749,"date":"2021-06-18T19:14:23","date_gmt":"2021-06-18T17:14:23","guid":{"rendered":"http:\/\/info.sadowne.pl\/?p=24749"},"modified":"2021-06-18T19:14:23","modified_gmt":"2021-06-18T17:14:23","slug":"trwa-rok-norwidowski","status":"publish","type":"post","link":"https:\/\/info.sadowne.pl\/?p=24749","title":{"rendered":"Trwa Rok Norwidowski"},"content":{"rendered":"<p><a href=\"http:\/\/info.sadowne.pl\/wp-content\/uploads\/2021\/06\/2021.06.18.1.jpg\" target=\"_blank\" rel=\"noopener\"><img loading=\"lazy\" decoding=\"async\" class=\"alignleft wp-image-24750 size-thumbnail\" src=\"http:\/\/info.sadowne.pl\/wp-content\/uploads\/2021\/06\/2021.06.18.1-180x130.jpg\" alt=\"\" width=\"180\" height=\"130\" \/><\/a><\/p>\n<p><strong>18 czerwca w Zespole Szk\u00f3\u0142 Ponadpodstawowych w Sadownem odby\u0142a si\u0119 uroczysta akademia po\u015bwi\u0119cona wybitnemu poecie Cyprianowi Kamilowi Norwidowi.<\/strong><!--more--><\/p>\n<p>Cyprian Kamil Norwid urodzi\u0142 si\u0119 24 wrze\u015bnia 1821 roku w Laskowie \u2013 G\u0142uchach, w powiecie wyszkowskim (zmar\u0142 23 maja 1883 roku w Pary\u017cu) \u2013 polski poeta, prozaik, dramatopisarz, eseista, grafik, rze\u017abiarz, malarz i filozof. Cz\u0119sto uznawany za ostatniego z czterech najwa\u017cniejszych polskich poet\u00f3w\u00a0romantycznych.<\/p>\n<p>W tym roku minie dwusetna rocznica urodzin\u00a0Cypriana Kamila Norwida, st\u0105d pomys\u0142, aby cz\u0142owieka wyrastaj\u0105cego poza swoj\u0105 epok\u0119, tworz\u0105cego dzie\u0142a w pe\u0142ni oddaj\u0105ce warto\u015bci buduj\u0105ce polsk\u0105 to\u017csamo\u015b\u0107 kulturow\u0105 i narodow\u0105, uhonorowa\u0107 i ustanowi\u0107 patronem roku 2021 \u2013 Sejm i Senat RP w roku ubieg\u0142ym podj\u0119\u0142y w tej sprawie w\u0142a\u015bciwe uchwa\u0142y.<\/p>\n<p>Po og\u0142oszeniu Roku Norwidowskiego jego program wci\u0105\u017c ewoluuje &#8211; ci\u0105gle pojawiaj\u0105 si\u0119 projekty nowych wydarze\u0144, ale z powodu pandemii wi\u0119kszo\u015b\u0107 z nich mo\u017cna by\u0142o zrealizowa\u0107 wy\u0142\u0105cznie on-line.<\/p>\n<p>W ramach Roku Norwidowskiego 18 czerwca w Zespole Szk\u00f3\u0142 Ponadpodstawowych w Sadownem odby\u0142a si\u0119 uroczysta akademia upami\u0119tniaj\u0105ca Cypriana Kamila Norwida. Po wprowadzeniu sztandaru szko\u0142y oraz od\u015bpiewaniu hymnu pa\u0144stwowego, Dyrektor ZSP S\u0142awomir Ryszawa powita\u0142 przyby\u0142ych na uroczysto\u015b\u0107 p.p.: Marka Renika \u2013 Wicestarost\u0119 Powiatu W\u0119growskiego, ks. Antoniego Kunickiego \u2013 proboszcza parafii Sadowne, Waldemara Cyrana &#8211; W\u00f3jta Gminy Sadowne, Tadeusza Krup\u0119 \u2013 kierownika Wydzia\u0142u O\u015bwiaty, Kultury, Sportu i Turystyki Starostwa Powiatowego w W\u0119growie, Ma\u0142gorzat\u0119 Koro\u015b \u2013 Dyrektora Szko\u0142y Podstawowej w Sadownem, Ew\u0119 Pi\u00f3rkowsk\u0105 \u2013 Dyrektora Gminnego O\u015brodka Kultury w Sadownem, Agat\u0119 S\u0119dek \u2013 Dyrektora Przedszkola w Sadownem oraz nauczycieli i uczni\u00f3w Zespo\u0142u Szk\u00f3\u0142 Ponadpodstawowych w Sadownem.<\/p>\n<p>Dyrektor S\u0142awomir Ryszawa pokr\u00f3tce om\u00f3wi\u0142 wydarzenia szkolne zwi\u0105zane z Rokiem Norwidowskim, a tak\u017ce podzi\u0119kowa\u0142 sponsorom za sfinansowanie remontu sali gimnastycznej, w kt\u00f3rej odbywa\u0142a si\u0119 ta uroczysto\u015b\u0107. Nast\u0119pnie g\u0142os zabrali niekt\u00f3rzy z go\u015bci odnosz\u0105c si\u0119 do \u017cycia i tw\u00f3rczo\u015bci Norwida, a tak\u017ce \u017cycz\u0105c nauczycielom i uczniom udanych wakacji, kt\u00f3re rozpoczn\u0105 si\u0119 za kilka dni.<\/p>\n<p>Po cz\u0119\u015bci oficjalnej przyszed\u0142 czas na szybki przegl\u0105d tw\u00f3rczo\u015bci norwidowskiej. Zebrani mieli okazj\u0119 ogl\u0105da\u0107 i uczestniczy\u0107 na \u017cywo w monta\u017cu s\u0142owno \u2013 muzycznym, kt\u00f3ry pod okiem p. Marioli Konik i p. Beaty Bodzon przygotowali uczniowie ZSP. Opraw\u0119 techniczn\u0105 i podk\u0142ad muzyczny zapewni\u0142 p. Kamil Kie\u0142ek, a o dekoracj\u0119 zadba\u0142 p. Mariusz W\u00f3jcik. Podsumowaniem uroczysto\u015bci i wyst\u0119p\u00f3w uczni\u00f3w by\u0142 taniec \u2013 polonez w wykonaniu Zespo\u0142u Ta\u0144ca Ludowego \u201eOrkan\u201d, kt\u00f3ry w ZSP prowadz\u0105 panie: Miros\u0142awa Renik i Marta Osman.<\/p>\n<p>Jak informowa\u0142 p. S\u0142awomir Ryszawa, by\u0142a to pierwsza akademia w dobie pandemii &#8211; otwarta dla widz\u00f3w. Oczywi\u015bcie nie by\u0142 to ostatni akcent ZSP w Roku Norwidowskim, gdy\u017c w okolicach dwusetnej rocznicy urodzin Norwida przewiduje si\u0119 wiele uroczysto\u015bci z udzia\u0142em uczni\u00f3w sadowie\u0144skich szk\u00f3\u0142 \u015brednich.<\/p>\n<p><strong>Zdj\u0119cia na stronie <span style=\"color: #0000ff;\"><a style=\"color: #0000ff;\" href=\"https:\/\/photos.app.goo.gl\/jFumC3vgRoJeSEEF7\" target=\"_blank\" rel=\"noopener\">https:\/\/photos.app.goo.gl\/jFumC3vgRoJeSEEF7<\/a><\/span><\/strong><\/p>\n<p><strong>Tekst\/foto:<\/strong> S\u0142awek Chyli\u0144ski<\/p>\n","protected":false},"excerpt":{"rendered":"<p>18 czerwca w Zespole Szk\u00f3\u0142 Ponadpodstawowych w Sadownem odby\u0142a si\u0119 uroczysta akademia po\u015bwi\u0119cona wybitnemu poecie Cyprianowi Kamilowi Norwidowi.<\/p>\n","protected":false},"author":1,"featured_media":0,"comment_status":"closed","ping_status":"closed","sticky":false,"template":"","format":"standard","meta":{"footnotes":""},"categories":[5,1752,85],"tags":[3589,25,3197],"class_list":["post-24749","post","type-post","status-publish","format-standard","hentry","category-newsy","category-edukacja","category-zsp","tag-rok-norwidowski","tag-sadowne","tag-zespol-szkol-ponadpodstawowych-w-sadownem"],"views":2554,"_links":{"self":[{"href":"https:\/\/info.sadowne.pl\/index.php?rest_route=\/wp\/v2\/posts\/24749","targetHints":{"allow":["GET"]}}],"collection":[{"href":"https:\/\/info.sadowne.pl\/index.php?rest_route=\/wp\/v2\/posts"}],"about":[{"href":"https:\/\/info.sadowne.pl\/index.php?rest_route=\/wp\/v2\/types\/post"}],"author":[{"embeddable":true,"href":"https:\/\/info.sadowne.pl\/index.php?rest_route=\/wp\/v2\/users\/1"}],"replies":[{"embeddable":true,"href":"https:\/\/info.sadowne.pl\/index.php?rest_route=%2Fwp%2Fv2%2Fcomments&post=24749"}],"version-history":[{"count":1,"href":"https:\/\/info.sadowne.pl\/index.php?rest_route=\/wp\/v2\/posts\/24749\/revisions"}],"predecessor-version":[{"id":24751,"href":"https:\/\/info.sadowne.pl\/index.php?rest_route=\/wp\/v2\/posts\/24749\/revisions\/24751"}],"wp:attachment":[{"href":"https:\/\/info.sadowne.pl\/index.php?rest_route=%2Fwp%2Fv2%2Fmedia&parent=24749"}],"wp:term":[{"taxonomy":"category","embeddable":true,"href":"https:\/\/info.sadowne.pl\/index.php?rest_route=%2Fwp%2Fv2%2Fcategories&post=24749"},{"taxonomy":"post_tag","embeddable":true,"href":"https:\/\/info.sadowne.pl\/index.php?rest_route=%2Fwp%2Fv2%2Ftags&post=24749"}],"curies":[{"name":"wp","href":"https:\/\/api.w.org\/{rel}","templated":true}]}}