{"id":24758,"date":"2021-06-20T12:52:44","date_gmt":"2021-06-20T10:52:44","guid":{"rendered":"http:\/\/info.sadowne.pl\/?p=24758"},"modified":"2021-06-20T12:52:44","modified_gmt":"2021-06-20T10:52:44","slug":"stoj-zakaz-korzystania-z-jeziora-kotlo","status":"publish","type":"post","link":"https:\/\/info.sadowne.pl\/?p=24758","title":{"rendered":"St\u00f3j! Zakaz korzystania z Jeziora Kot\u0142o!"},"content":{"rendered":"<p><a href=\"http:\/\/info.sadowne.pl\/wp-content\/uploads\/2021\/06\/2021.06.20.1-1.jpg\" target=\"_blank\" rel=\"noopener\"><img loading=\"lazy\" decoding=\"async\" class=\"alignleft wp-image-24764 size-thumbnail\" src=\"http:\/\/info.sadowne.pl\/wp-content\/uploads\/2021\/06\/2021.06.20.1-1-180x130.jpg\" alt=\"\" width=\"180\" height=\"130\" \/><\/a><strong>Przysz\u0142y upa\u0142y, a wkr\u00f3tce rozpoczn\u0105 si\u0119 te\u017c wakacje. Czy w tym roku b\u0119dzie mo\u017cliwo\u015b\u0107 korzystania z k\u0105pieli wodnych w akwenach gminy Sadowne? Chyba nie ze wszystkich.<\/strong><!--more--><\/p>\n<p><strong>Ju\u017c w ubieg\u0142ym roku mieszka\u0144cy gminy nie mogli skorzysta\u0107 ze zlokalizowanego w Sadownem odkrytego basenu k\u0105pielowego.<\/strong> Jak si\u0119 okazuje, mia\u0142y na to wp\u0142yw decyzje powiatowego SANEPID-u po badaniach wody z p\u00f3\u0142wiecznego basenu. W tym roku te\u017c nic si\u0119 nie zmieni, basen nie b\u0119dzie dopuszczony do u\u017cytku.<\/p>\n<p><strong>Jest problem<\/strong>, bo s\u0105 upa\u0142y, susza i wielka ch\u0119\u0107 skorzystania z k\u0105pieli wodnej, a na terenie gminy Sadowne aktualnie brak jest legalnego k\u0105pieliska. Co prawda, s\u0105 tu akweny wodne, ale nie s\u0105 strze\u017cone, a wr\u0119cz niekt\u00f3re z nich, np. Jezioro Kot\u0142o, ze wzgl\u0119du na przypadki utoni\u0119\u0107 posiada oznaczenie \u201eCzarnego Punktu Wodnego\u201d. Mi\u0142o\u015bnikom k\u0105pieli wodnych jednak to nie przeszkadza i zagl\u0105daj\u0105 na obrze\u017ca jeziora i korzystaj\u0105 z wody. Jezioro jest dla nich, a tak\u017ce w\u0119dkarzy, przyjazne, ale wr\u0119cz przeciwnie prawdopodobnie niekt\u00f3rzy mieszka\u0144cy pobliskiej wsi Wilczog\u0119by.<\/p>\n<p>Kilka lat wstecz pisali\u015bmy o blokowaniu przez tutejszych mieszka\u0144c\u00f3w dojazdu do jeziora i rzeki Bug poprzez grodzenie przejazd\u00f3w przez wa\u0142 przeciwpowodziowy i dr\u00f3g za nim. Przyjezdni, jak i mieszka\u0144cy, posiadali swoje racje, a problem pozosta\u0142 nierozwi\u0105zany. Prosili\u015bmy wtedy o podej\u015bcie ugodowe i pozostawianie pojazd\u00f3w przed wa\u0142em przeciwpowodziowym oraz porz\u0105dku na obrze\u017cu Jeziora Kot\u0142o, a tak\u017ce rzeki Bug.<\/p>\n<p><strong>W tym roku ponownie problem dost\u0119pu do jeziora staje si\u0119 problematyczny.<\/strong> Internauci, za po\u015brednictwem naszego Portalu, prosz\u0105 miejscowe w\u0142adze o interwencj\u0119 w tej sprawie. W czym rzecz?<\/p>\n<p>Jezioro Kot\u0142o po\u0142o\u017cone jest na terenie wsi Wilczog\u0119by. Jest starorzeczem rzeki Bug i od wielu, wielu lat wykorzystywane by\u0142o przez w\u0119dkarzy, mieszka\u0144c\u00f3w okolicznych miejscowo\u015bci i go\u015bci &#8211; mi\u0142o\u015bnik\u00f3w k\u0105pieli oraz spokojnego wypoczynku. S\u0142u\u017cy\u0142o jako lokalne k\u0105pielisko, oczywi\u015bcie niestrze\u017cone, z niewielk\u0105 pla\u017c\u0105.<\/p>\n<p><strong>Nie b\u0119dziemy zajmowa\u0107 si\u0119 problematycznym dojazdem do jeziora, ale brakiem mo\u017cliwo\u015bci swobodnego wej\u015bcia do wody z malutkiej pla\u017cy. Ostatnio pojawi\u0142o si\u0119 tam szk\u0142o<\/strong>, pot\u0142uczone i rozsypane szk\u0142o, kt\u00f3re stanowi niebezpiecze\u0144stwo dla zdrowia, a nawet \u017cycia os\u00f3b, kt\u00f3re zechc\u0105 pokona\u0107 przygotowane przez kogo\u015b to \u201epole minowe\u201d. Niekt\u00f3rzy podejrzewaj\u0105, i\u017c mo\u017ce to by\u0107 \u201erobota\u201d mieszka\u0144c\u00f3w wsi zaanga\u017cowanych wcze\u015bniej w blokowanie dojazd\u00f3w do jeziora i rzeki. Pytaj\u0105, czy nie jest to dzia\u0142anie umy\u015blne i czy nie mo\u017cna ju\u017c podci\u0105gn\u0105\u0107 tego pod przest\u0119pstwo przeciwko zdrowi i \u017cyciu ludzi chc\u0105cych tylko odpocz\u0105\u0107 na \u0142onie natury? Czy dzia\u0142ania niebezpieczne sko\u0144cz\u0105 si\u0119 na rozsypaniu szk\u0142a na pla\u017cy czy te\u017c mog\u0105 eskalowa\u0107?<\/p>\n<p><strong>Za po\u015brednictwem Portalu Info Sadowne internauci prosz\u0105 o zaj\u0119cie si\u0119 t\u0105 spraw\u0105 przez Urz\u0105d Gminy w Sadownem, a raczej Pana W\u00f3jta, kt\u00f3rego prosz\u0105 r\u00f3wnie\u017c o opublikowanie na Portalu informacji o wynikach podj\u0119tych dzia\u0142a\u0144.<\/strong><\/p>\n\n\t\t<style type=\"text\/css\">\n\t\t\t#gallery-1 {\n\t\t\t\tmargin: auto;\n\t\t\t}\n\t\t\t#gallery-1 .gallery-item {\n\t\t\t\tfloat: left;\n\t\t\t\tmargin-top: 10px;\n\t\t\t\ttext-align: center;\n\t\t\t\twidth: 50%;\n\t\t\t}\n\t\t\t#gallery-1 img {\n\t\t\t\tborder: 2px solid #cfcfcf;\n\t\t\t}\n\t\t\t#gallery-1 .gallery-caption {\n\t\t\t\tmargin-left: 0;\n\t\t\t}\n\t\t\t\/* see gallery_shortcode() in wp-includes\/media.php *\/\n\t\t<\/style>\n\t\t<div id='gallery-1' class='gallery galleryid-24758 gallery-columns-2 gallery-size-thumbnail'><dl class='gallery-item'>\n\t\t\t<dt class='gallery-icon portrait'>\n\t\t\t\t<a href='https:\/\/info.sadowne.pl\/wp-content\/uploads\/2021\/06\/2021.06.20.2.jpg'><img loading=\"lazy\" decoding=\"async\" width=\"180\" height=\"130\" src=\"https:\/\/info.sadowne.pl\/wp-content\/uploads\/2021\/06\/2021.06.20.2-180x130.jpg\" class=\"attachment-thumbnail size-thumbnail\" alt=\"\" \/><\/a>\n\t\t\t<\/dt><\/dl><dl class='gallery-item'>\n\t\t\t<dt class='gallery-icon portrait'>\n\t\t\t\t<a href='https:\/\/info.sadowne.pl\/wp-content\/uploads\/2021\/06\/2021.06.20.3.jpg'><img loading=\"lazy\" decoding=\"async\" width=\"180\" height=\"130\" src=\"https:\/\/info.sadowne.pl\/wp-content\/uploads\/2021\/06\/2021.06.20.3-180x130.jpg\" class=\"attachment-thumbnail size-thumbnail\" alt=\"\" \/><\/a>\n\t\t\t<\/dt><\/dl><br style=\"clear: both\" \/><dl class='gallery-item'>\n\t\t\t<dt class='gallery-icon portrait'>\n\t\t\t\t<a href='https:\/\/info.sadowne.pl\/wp-content\/uploads\/2021\/06\/2021.06.20.4.jpg'><img loading=\"lazy\" decoding=\"async\" width=\"180\" height=\"130\" src=\"https:\/\/info.sadowne.pl\/wp-content\/uploads\/2021\/06\/2021.06.20.4-180x130.jpg\" class=\"attachment-thumbnail size-thumbnail\" alt=\"\" \/><\/a>\n\t\t\t<\/dt><\/dl><dl class='gallery-item'>\n\t\t\t<dt class='gallery-icon portrait'>\n\t\t\t\t<a href='https:\/\/info.sadowne.pl\/wp-content\/uploads\/2021\/06\/2021.06.20.5.jpg'><img loading=\"lazy\" decoding=\"async\" width=\"180\" height=\"130\" src=\"https:\/\/info.sadowne.pl\/wp-content\/uploads\/2021\/06\/2021.06.20.5-180x130.jpg\" class=\"attachment-thumbnail size-thumbnail\" alt=\"\" \/><\/a>\n\t\t\t<\/dt><\/dl><br style=\"clear: both\" \/>\n\t\t<\/div>\n\n<p><strong>Tekst:<\/strong> S\u0142awek Chyli\u0144ski<\/p>\n<p><strong>Foto:<\/strong> S\u0142awek Chyli\u0144ski\/zdj\u0119cia przes\u0142ane przez internaut\u0119<\/p>\n","protected":false},"excerpt":{"rendered":"<p>Przysz\u0142y upa\u0142y, a wkr\u00f3tce rozpoczn\u0105 si\u0119 te\u017c wakacje. Czy w tym roku b\u0119dzie mo\u017cliwo\u015b\u0107 korzystania z k\u0105pieli wodnych w akwenach gminy Sadowne? Chyba nie ze wszystkich.<\/p>\n","protected":false},"author":1,"featured_media":0,"comment_status":"closed","ping_status":"closed","sticky":false,"template":"","format":"standard","meta":{"footnotes":""},"categories":[5,1,2449],"tags":[303,2436,3591,912],"class_list":["post-24758","post","type-post","status-publish","format-standard","hentry","category-newsy","category-inne","category-mieszkancy-pytaja","tag-jezioro-kotlo","tag-mieszkancy-pytaja","tag-prosba-o-interwencje","tag-wilczogeby"],"views":4779,"_links":{"self":[{"href":"https:\/\/info.sadowne.pl\/index.php?rest_route=\/wp\/v2\/posts\/24758","targetHints":{"allow":["GET"]}}],"collection":[{"href":"https:\/\/info.sadowne.pl\/index.php?rest_route=\/wp\/v2\/posts"}],"about":[{"href":"https:\/\/info.sadowne.pl\/index.php?rest_route=\/wp\/v2\/types\/post"}],"author":[{"embeddable":true,"href":"https:\/\/info.sadowne.pl\/index.php?rest_route=\/wp\/v2\/users\/1"}],"replies":[{"embeddable":true,"href":"https:\/\/info.sadowne.pl\/index.php?rest_route=%2Fwp%2Fv2%2Fcomments&post=24758"}],"version-history":[{"count":2,"href":"https:\/\/info.sadowne.pl\/index.php?rest_route=\/wp\/v2\/posts\/24758\/revisions"}],"predecessor-version":[{"id":24766,"href":"https:\/\/info.sadowne.pl\/index.php?rest_route=\/wp\/v2\/posts\/24758\/revisions\/24766"}],"wp:attachment":[{"href":"https:\/\/info.sadowne.pl\/index.php?rest_route=%2Fwp%2Fv2%2Fmedia&parent=24758"}],"wp:term":[{"taxonomy":"category","embeddable":true,"href":"https:\/\/info.sadowne.pl\/index.php?rest_route=%2Fwp%2Fv2%2Fcategories&post=24758"},{"taxonomy":"post_tag","embeddable":true,"href":"https:\/\/info.sadowne.pl\/index.php?rest_route=%2Fwp%2Fv2%2Ftags&post=24758"}],"curies":[{"name":"wp","href":"https:\/\/api.w.org\/{rel}","templated":true}]}}