{"id":24786,"date":"2021-06-28T16:58:13","date_gmt":"2021-06-28T14:58:13","guid":{"rendered":"http:\/\/info.sadowne.pl\/?p=24786"},"modified":"2021-06-28T16:58:13","modified_gmt":"2021-06-28T14:58:13","slug":"kronika-strazacka-21-27-czerwca-2021","status":"publish","type":"post","link":"https:\/\/info.sadowne.pl\/?p=24786","title":{"rendered":"Kronika stra\u017cacka 21 &#8211; 27 czerwca 2021"},"content":{"rendered":"<p><strong><a href=\"http:\/\/info.sadowne.pl\/wp-content\/uploads\/2013\/07\/straz3.jpg\"><img loading=\"lazy\" decoding=\"async\" class=\"alignleft size-thumbnail wp-image-2625\" src=\"http:\/\/info.sadowne.pl\/wp-content\/uploads\/2013\/07\/straz3-180x130.jpg\" alt=\"\" width=\"180\" height=\"130\" \/><\/a>W<\/strong><strong> okresie<\/strong><strong> od<\/strong><strong> 21 &#8211; 27 czerwca 2021 na<\/strong><strong> terenie<\/strong><strong> powiatu<\/strong><strong> w\u0119growskiego<\/strong><strong> zanotowano: <\/strong><strong>54 zdarzenia,<\/strong><strong> przy<\/strong><strong> kt\u00f3rych<\/strong><strong> interweniowa\u0142y<\/strong><strong> jednostki<\/strong><strong> ochrony<\/strong><strong> przeciwpo\u017carowej, w tym:<\/strong><strong> 6 po\u017car\u00f3w, 46 miejscowych zagro\u017ce\u0144 i 2 alarmy fa\u0142szywe.<\/strong><strong>\u00a0<\/strong><!--more--><\/p>\n<p><strong>21.06.2021 \u2013 Starawie\u015b, gm. Liw \u2013 \u017cmija w domu<\/strong><\/p>\n<p>Po przybyciu na miejsce stra\u017cak\u00f3w z OSP Starawie\u015b stwierdzono \u017cmija zygzakowata d\u0142ugo\u015bci ok. 1 metra le\u017cy mi\u0119dzy \u0142\u00f3\u017ckiem a szafk\u0105 w pokoju budynku mieszkalnego. Dzia\u0142ania zast\u0119pu polega\u0142y na umieszczeniu \u017cmii w worku i wywiezieniu jej do lasu gdzie wypuszczono gada.<\/p>\n<p><strong>22.06.2021 <\/strong>\u2013 <strong>W\u0119gr\u00f3w, ul. Wierzbowa \u2013 wypadek komunikacyjny<\/strong><\/p>\n<p>Dosz\u0142o do zdarzenia drogowego z udzia\u0142em 2 samochod\u00f3w osobowych oraz samochodu ci\u0119\u017carowego- betonomieszarki. Pojazdami podr\u00f3\u017cowa\u0142y \u0142\u0105cznie 4 osoby, wszystkie opu\u015bci\u0142y pojazdy przed przyjazdem s\u0142u\u017cb. Droga zosta\u0142a zablokowana w obu kierunkach przez przyby\u0142y na miejsce patrol policji. Dzia\u0142ania zast\u0119p\u00f3w w pierwszej fazie polega\u0142y na zabezpieczeniu miejsca zdarzenia, od\u0142\u0105czeniu akumulator\u00f3w w pojazdach i udzieleniu kwalifikowanej pomocy przedmedycznej osobie poszkodowanej (wsparcie psychiczne, stabilizacja odcinka szyjnego kr\u0119gos\u0142upa, opatrzenie ran g\u0142owy i lewego przedramienia- otarcia nask\u00f3rka, badanie urazowe). Osoba poszkodowana zosta\u0142a przekazana ZRM, a nast\u0119pnie zabrana do szpitala. Dalsze dzia\u0142ania polega\u0142y na pomocy policji w zabezpieczeniu drogi oraz zebraniu p\u0142yn\u00f3w eksploatacyjnych pojazd\u00f3w z jezdni. Z uwagi na prowadzenie prac przez grup\u0119 dochodzeniowo-\u015bledcz\u0105 policji, na miejsce zadysponowano zast\u0119p OSP W\u0119gr\u00f3w w celu zabezpieczenia miejsca zdarzenia. Przyczyny wypadku ustala policja.<\/p>\n<p><strong>24.06.2021 <\/strong>\u2013 <strong>powiat w\u0119growski \u2013 usuwanie skutk\u00f3w nawa\u0142nicy<\/strong><\/p>\n<p>Na skutek nawa\u0142nicy, kt\u00f3ra przesz\u0142a nad powiatem w\u0119growskim, jednostki Stra\u017cy Po\u017carnej podj\u0119\u0142y 35 interwencji. G\u0142\u00f3wnie usuwano po\u0142amane drzewa i konary z dr\u00f3g. W m. Rostki i Wrotn\u00f3w gm. Miedzna zabezpieczano uszkodzone przez wiatr dachy na budynkach mieszkalnych i gospodarczych na 5 posesjach. W \u0141ochowie dosz\u0142o do 4 lokalnych podtopie\u0144 nap\u0142ywaj\u0105c\u0105 wod\u0105 deszczow\u0105. W 3 przypadkach zabezpieczano uszkodzone przez po\u0142amane konary drzew napowietrzne linie elektryczne.<\/p>\n<p><strong>25.06.2021 <\/strong>\u2013 <strong>Jerzyska, gm. \u0141och\u00f3w \u2013 kolizja samochodu z drzewem<\/strong><\/p>\n<p>Na pro\u015bb\u0119 policji zast\u0119p posterunku JRG zosta\u0142 zadysponowany do usuni\u0119cia drzewa, kt\u00f3re zosta\u0142o uszkodzone i powalone na drog\u0119 w wyniku wcze\u015bniejszej kolizji drogowej. Po doje\u017adzie na miejsce zast\u0119pu JRG, stra\u017cacy stwierdzili, \u017ce na drodze znajduje si\u0119 z\u0142amany d\u0105b, kt\u00f3ry zablokowa\u0142 przejazd oraz utrudnia\u0142 wyci\u0105gni\u0119cie samochodu osobowego, kt\u00f3ry wcze\u015bniej w wyniku po\u015blizgu w niego uderzy\u0142. Dzia\u0142ania zast\u0119pu polega\u0142y na poci\u0119ciu drzewa przy pomocy pi\u0142y mechanicznej i usuni\u0119ciu z drogi. Na tym dzia\u0142ania zako\u0144czono.<\/p>\n<p><strong>KP PSP W\u0119gr\u00f3w<\/strong><\/p>\n","protected":false},"excerpt":{"rendered":"<p>W okresie od 21 &#8211; 27 czerwca 2021 na terenie powiatu w\u0119growskiego zanotowano: 54 zdarzenia, przy kt\u00f3rych interweniowa\u0142y jednostki ochrony przeciwpo\u017carowej, w tym: 6 po\u017car\u00f3w, 46 miejscowych zagro\u017ce\u0144 i 2 alarmy fa\u0142szywe.\u00a0<\/p>\n","protected":false},"author":1,"featured_media":0,"comment_status":"closed","ping_status":"closed","sticky":false,"template":"","format":"standard","meta":{"footnotes":""},"categories":[5,4,267],"tags":[491,643],"class_list":["post-24786","post","type-post","status-publish","format-standard","hentry","category-newsy","category-policja-straz-pozarna-pogotowie-ratunkowe","category-straz-pozarna-policja-straz-pozarna-pogotowie-ratunkowe","tag-komenda-powiatowa-panstwowej-strazy-pozarnej-w-wegrowie","tag-kronika-strazacka"],"views":2008,"_links":{"self":[{"href":"https:\/\/info.sadowne.pl\/index.php?rest_route=\/wp\/v2\/posts\/24786","targetHints":{"allow":["GET"]}}],"collection":[{"href":"https:\/\/info.sadowne.pl\/index.php?rest_route=\/wp\/v2\/posts"}],"about":[{"href":"https:\/\/info.sadowne.pl\/index.php?rest_route=\/wp\/v2\/types\/post"}],"author":[{"embeddable":true,"href":"https:\/\/info.sadowne.pl\/index.php?rest_route=\/wp\/v2\/users\/1"}],"replies":[{"embeddable":true,"href":"https:\/\/info.sadowne.pl\/index.php?rest_route=%2Fwp%2Fv2%2Fcomments&post=24786"}],"version-history":[{"count":1,"href":"https:\/\/info.sadowne.pl\/index.php?rest_route=\/wp\/v2\/posts\/24786\/revisions"}],"predecessor-version":[{"id":24787,"href":"https:\/\/info.sadowne.pl\/index.php?rest_route=\/wp\/v2\/posts\/24786\/revisions\/24787"}],"wp:attachment":[{"href":"https:\/\/info.sadowne.pl\/index.php?rest_route=%2Fwp%2Fv2%2Fmedia&parent=24786"}],"wp:term":[{"taxonomy":"category","embeddable":true,"href":"https:\/\/info.sadowne.pl\/index.php?rest_route=%2Fwp%2Fv2%2Fcategories&post=24786"},{"taxonomy":"post_tag","embeddable":true,"href":"https:\/\/info.sadowne.pl\/index.php?rest_route=%2Fwp%2Fv2%2Ftags&post=24786"}],"curies":[{"name":"wp","href":"https:\/\/api.w.org\/{rel}","templated":true}]}}