{"id":24801,"date":"2021-06-29T17:35:53","date_gmt":"2021-06-29T15:35:53","guid":{"rendered":"http:\/\/info.sadowne.pl\/?p=24801"},"modified":"2021-06-29T17:35:53","modified_gmt":"2021-06-29T15:35:53","slug":"nad-rzeka","status":"publish","type":"post","link":"https:\/\/info.sadowne.pl\/?p=24801","title":{"rendered":"Nad rzek\u0105\u2026"},"content":{"rendered":"<p><strong><em><a href=\"http:\/\/info.sadowne.pl\/wp-content\/uploads\/2021\/03\/2018.05.12.1.jpg\" target=\"_blank\" rel=\"noopener\"><img loading=\"lazy\" decoding=\"async\" class=\"alignleft wp-image-24444 size-thumbnail\" src=\"http:\/\/info.sadowne.pl\/wp-content\/uploads\/2021\/03\/2018.05.12.1-180x130.jpg\" alt=\"\" width=\"180\" height=\"130\" \/><\/a>Mojemu nauczycielowi historii <\/em><em>Adamowi Stankiewiczowi.<\/em><\/strong><!--more--><\/p>\n<p style=\"text-align: center;\">*<\/p>\n<p style=\"text-align: center;\">*<\/p>\n<p style=\"text-align: center;\">*<\/p>\n<p style=\"text-align: center;\">Tak d\u0142ugo ju\u017c czuwam nad t\u0105 rzek\u0105,<\/p>\n<p style=\"text-align: center;\">oczy mi rz\u0119s\u0105 poros\u0142y.<\/p>\n<p style=\"text-align: center;\">W p\u00f3\u0142\u015bnie teraz<\/p>\n<p style=\"text-align: center;\">jakby wp\u00f3\u0142 drogi.<\/p>\n<p style=\"text-align: center;\">Rzucony na wiejskie rozstaje<\/p>\n<p style=\"text-align: center;\">p\u00f3\u0142kamie\u0144,<\/p>\n<p style=\"text-align: center;\">wp\u00f3\u0142 rozmy\u015blony.<\/p>\n<p style=\"text-align: center;\">O\u015bci\u0105 i ostem pok\u0142uty<\/p>\n<p style=\"text-align: center;\">w obie r\u0119ce i nogi<\/p>\n<p style=\"text-align: center;\">odchodz\u0105c,<\/p>\n<p style=\"text-align: center;\">ci\u0105gle zostaj\u0119.<\/p>\n<p style=\"text-align: center;\">*<\/p>\n<p style=\"text-align: center;\">Rzeka odbija si\u0119 we mnie<\/p>\n<p style=\"text-align: center;\">wios\u0142em, sitowiem, ksi\u0119\u017cycem.<\/p>\n<p style=\"text-align: center;\">I gwiazd w swoich oczach nie zlicz\u0119,<\/p>\n<p style=\"text-align: center;\">gdy noc\u0105 wtulam si\u0119 w szuwary i \u015bpiewam,<\/p>\n<p style=\"text-align: center;\">nie umiem ju\u017c krzycze\u0107,<\/p>\n<p style=\"text-align: center;\">zieleni pe\u0142nymi ustami<\/p>\n<p style=\"text-align: center;\">w zielon\u0105 cisz\u0119.<\/p>\n<p><strong>Autor:<\/strong> Wies\u0142aw Maliszewski<\/p>\n","protected":false},"excerpt":{"rendered":"<p>Mojemu nauczycielowi historii Adamowi Stankiewiczowi.<\/p>\n","protected":false},"author":1,"featured_media":0,"comment_status":"closed","ping_status":"closed","sticky":false,"template":"","format":"standard","meta":{"footnotes":""},"categories":[5,48,6,108],"tags":[49,51],"class_list":["post-24801","post","type-post","status-publish","format-standard","hentry","category-newsy","category-kacik-literacki","category-kultura-rozrywka-edukacja","category-okienko-poetyckie","tag-wiersze","tag-wieslaw-maliszewski"],"views":2406,"_links":{"self":[{"href":"https:\/\/info.sadowne.pl\/index.php?rest_route=\/wp\/v2\/posts\/24801","targetHints":{"allow":["GET"]}}],"collection":[{"href":"https:\/\/info.sadowne.pl\/index.php?rest_route=\/wp\/v2\/posts"}],"about":[{"href":"https:\/\/info.sadowne.pl\/index.php?rest_route=\/wp\/v2\/types\/post"}],"author":[{"embeddable":true,"href":"https:\/\/info.sadowne.pl\/index.php?rest_route=\/wp\/v2\/users\/1"}],"replies":[{"embeddable":true,"href":"https:\/\/info.sadowne.pl\/index.php?rest_route=%2Fwp%2Fv2%2Fcomments&post=24801"}],"version-history":[{"count":1,"href":"https:\/\/info.sadowne.pl\/index.php?rest_route=\/wp\/v2\/posts\/24801\/revisions"}],"predecessor-version":[{"id":24802,"href":"https:\/\/info.sadowne.pl\/index.php?rest_route=\/wp\/v2\/posts\/24801\/revisions\/24802"}],"wp:attachment":[{"href":"https:\/\/info.sadowne.pl\/index.php?rest_route=%2Fwp%2Fv2%2Fmedia&parent=24801"}],"wp:term":[{"taxonomy":"category","embeddable":true,"href":"https:\/\/info.sadowne.pl\/index.php?rest_route=%2Fwp%2Fv2%2Fcategories&post=24801"},{"taxonomy":"post_tag","embeddable":true,"href":"https:\/\/info.sadowne.pl\/index.php?rest_route=%2Fwp%2Fv2%2Ftags&post=24801"}],"curies":[{"name":"wp","href":"https:\/\/api.w.org\/{rel}","templated":true}]}}