{"id":24824,"date":"2021-07-04T17:33:23","date_gmt":"2021-07-04T15:33:23","guid":{"rendered":"http:\/\/info.sadowne.pl\/?p=24824"},"modified":"2021-09-01T20:50:02","modified_gmt":"2021-09-01T18:50:02","slug":"2021-bieg-grzymaly-w-sadownem","status":"publish","type":"post","link":"https:\/\/info.sadowne.pl\/?p=24824","title":{"rendered":"2021 \u2013 Bieg Grzyma\u0142y w Sadownem"},"content":{"rendered":"<p><a href=\"http:\/\/info.sadowne.pl\/wp-content\/uploads\/2021\/07\/2021.07.04.1.jpg\" target=\"_blank\" rel=\"noopener\"><img loading=\"lazy\" decoding=\"async\" class=\"alignleft wp-image-24825 size-thumbnail\" src=\"http:\/\/info.sadowne.pl\/wp-content\/uploads\/2021\/07\/2021.07.04.1-180x130.jpg\" alt=\"\" width=\"180\" height=\"130\" \/><\/a><\/p>\n<p><strong>W niedziel\u0119 4 lipca w Sadownem odby\u0142 si\u0119 VIII Bieg i IV Marsz Nordic Walking ku czci b\u0142. ks. Edwarda Grzyma\u0142y. Bieg wygra\u0142 Wojciech Skory z Warszawy.<\/strong><!--more--><\/p>\n<p><strong>Na starcie do dziewi\u0119ciokilometrowego Marszu Nordic Walking stan\u0119\u0142o 27 zawodnik\u00f3w, a na d\u0142u\u017csz\u0105 o kilometr tras\u0119 biegu wyruszy\u0142o 52 mi\u0142o\u015bnik\u00f3w biegania.<\/strong> Rejestracj\u0105 i systemem elektronicznego pomiaru czasu podczas zawod\u00f3w zajmowa\u0142a si\u0119 znana ju\u017c nam firma Chiptiming, kt\u00f3ra na swojej stronie internetowej prezentuje list\u0119 zawodnik\u00f3w i ostateczn\u0105 klasyfikacj\u0119 zawod\u00f3w.<\/p>\n<p><strong>G\u0142\u00f3wnym celem tej imprezy by\u0142o przybli\u017cenie uczestnikom postaci zamordowanego przez hitlerowc\u00f3w b\u0142ogos\u0142awionego ksi\u0119dza doktora Edwarda Grzyma\u0142y<\/strong> (w najbli\u017cszym czasie stanie si\u0119 on Patronem Gminy Sadowne), ale te\u017c propagowanie zdrowego trybu \u017cycia w\u015br\u00f3d lokalnej spo\u0142eczno\u015bci, popularyzacja biegania i marszu nordic walking, jako najprostszych form rekreacji fizycznej oraz promocja Sadownego i Gminy Sadowne &#8211; miejsc atrakcyjnych dla zdrowego wypoczynku.<\/p>\n<p><strong>Organizatorami tegorocznej imprezy sportowej byli: <\/strong>Gmina Sadowne, Klub Sportowy \u201eWicher\u201d Sadowne, Gminny O\u015brodek Kultury w Sadownem i Nadle\u015bnictwo w \u0141ochowie, a patronat medialny nad imprez\u0105 sprawowa\u0142 Portal INFO Sadowne.<\/p>\n<p><strong>Impreza sportowa odby\u0142a si\u0119 4 lipca 2021 roku w Sadownem.<\/strong> Start: marsz o godz. 10.45, bieg o godz. 11.00. Start i meta zosta\u0142y usytuowane na polanie le\u015bnej przy wiacie Ko\u0142a \u0141owieckiego \u015bw. Huberta.<\/p>\n<p><strong>Przed rozpocz\u0119ciem zawod\u00f3w przedstawiciele Organizator\u00f3w zapaleniem symbolicznych zniczy upami\u0119tnili Patrona Biegu b\u0142. Edwarda Grzyma\u0142\u0119 &#8211; w miejscu jego urodzin oraz pomordowanych przez hitlerowc\u00f3w w czasie II wojny \u015bwiatowej mieszka\u0144c\u00f3w Gminy Sadowne narodowo\u015bci \u017cydowskiej i polskiej, pogrzebanych na tzw. Majdanie zlokalizowanym nieopodal le\u015bnej polany.<\/strong><\/p>\n<p><strong>Zawody oficjalnie otworzy\u0142 przedstawiciel KS WICHER Sadowne, jednocze\u015bnie prowadz\u0105cy zawody \u2013 p. Tadeusz Danaj.<\/strong> O 10.45 ruszyli zawodnicy nordic walking, a po pi\u0119tnastu minutach biegacze. \u00a0Na miejscu pozostali tylko kibice, kt\u00f3rzy ch\u0119tnie korzystali z mo\u017cliwo\u015bci zwiedzenia znajduj\u0105cego si\u0119 obok Centrum Edukacji \u0141owiectwa i Le\u015bnictwa im. Profesora Zygmunta Jasi\u0144skiego w Sadownem \u2013 oprowadza\u0142 ich kustosz p. Krzysztof K\u0105dziela. Oczekuj\u0105cy na zawodnik\u00f3w mieli te\u017c okazj\u0119 wzi\u0105\u0107 udzia\u0142 w te\u015bcie wiedzy pod namiotem Nadle\u015bnictwa \u0141och\u00f3w, a tak\u017ce skorzysta\u0107 z posi\u0142ku przygotowanego przez pracownik\u00f3w Gminnego O\u015brodka Kultury w Sadownem: grillowanych kie\u0142basek i szasz\u0142yk\u00f3w, kanapek ze smalcem i kiszonym og\u00f3rkiem oraz kawy czy herbaty.<\/p>\n<p><strong>A na trasie?<\/strong> Zmagania zawodnik\u00f3w ze swoimi s\u0142abo\u015bciami i rywalizacja\u2026 Na mecie jako pierwszy zjawi\u0142 si\u0119 p. Wojciech Skory z czasem 00:38:40:56.<\/p>\n<p><strong>Po biegu i marszu?<\/strong> Pozosta\u0142o ju\u017c tylko podsumowanie i uhonorowanie zawodnik\u00f3w \u2013 wszystkich medalami pami\u0105tkowymi, a najlepszych w klasyfikacjach open i wiekowych pucharami, kt\u00f3re wr\u0119czyli przedstawiciele Organizator\u00f3w i instytucji wspieraj\u0105cych sadowie\u0144ski sport: p. Bogus\u0142aw Pi\u0105tek \u2013 Nadle\u015bniczy Nadle\u015bnictwa \u0141och\u00f3w p. Ewa Pi\u00f3rkowska \u2013 Dyrektor Gminnego O\u015brodka Kultury w Sadownem i p. Marcin Gr\u0119da \u2013 Zast\u0119pca W\u00f3jta Gminy Sadowne.<\/p>\n<p><strong>A oto klasyfikacja najlepszych zawodnik\u00f3w tej imprezy sportowej:<\/strong><\/p>\n<p><strong><span style=\"color: #ff0000;\">BIEG \u2013 10 km\u00a0\u00a0\u00a0<\/span>\u00a0\u00a0\u00a0\u00a0\u00a0\u00a0\u00a0\u00a0\u00a0\u00a0\u00a0\u00a0\u00a0\u00a0\u00a0\u00a0\u00a0\u00a0\u00a0\u00a0\u00a0\u00a0\u00a0\u00a0\u00a0\u00a0\u00a0\u00a0\u00a0\u00a0\u00a0\u00a0\u00a0\u00a0\u00a0\u00a0\u00a0\u00a0\u00a0\u00a0\u00a0\u00a0\u00a0\u00a0\u00a0\u00a0\u00a0\u00a0\u00a0\u00a0\u00a0\u00a0\u00a0\u00a0\u00a0\u00a0\u00a0\u00a0\u00a0\u00a0\u00a0\u00a0\u00a0\u00a0\u00a0\u00a0\u00a0\u00a0\u00a0\u00a0 <\/strong><\/p>\n<p><strong>KOBIETY<\/strong><\/p>\n<p><strong>Klasyfikacja open:<\/strong><\/p>\n<p>I miejsce \u2013 Patrycja Malenka<\/p>\n<p>II miejsce \u2013 Agnieszka Brogowicz St\u0119pniewska<\/p>\n<p>III miejsce \u2013 Teresa Kempisty<\/p>\n<p><strong>Klasyfikacja wiekowa 16 \u2013 29 lat<\/strong><\/p>\n<p>I miejsce \u2013 Anna Szymanik<\/p>\n<p>II miejsce \u2013 Magdalena Malik<\/p>\n<p><strong>Klasyfikacja wiekowa 30 \u2013 49 lat<\/strong><\/p>\n<p>I miejsce \u2013 Patrycja Malenka<\/p>\n<p>II miejsce \u2013 Agnieszka Brogowicz St\u0119pniewska<\/p>\n<p>III miejsce \u2013 Teresa Kempisty<\/p>\n<p><strong>Klasyfikacja wiekowa 50+<\/strong><\/p>\n<p>I miejsce \u2013 Dorota Nadwodna-Piersa<\/p>\n<p><strong>M\u0118\u017bCZY\u0179NI<\/strong><\/p>\n<p><strong>Klasyfikacja open:<\/strong><\/p>\n<p>I miejsce \u2013 Wojciech Skory<\/p>\n<p>II miejsce \u2013 Tomasz Ga\u0142\u0105zka<\/p>\n<p>III miejsce \u2013 Jakub Rudo<\/p>\n<p><strong>Klasyfikacja wiekowa 16 \u2013 29 lat<\/strong><\/p>\n<p>I miejsce \u2013 Patryk \u015awi\u0119tochowski<\/p>\n<p>II miejsce \u2013 Filip Jakubik<\/p>\n<p>III miejsce \u2013 Marcin Tyszka<\/p>\n<p><strong>Klasyfikacja wiekowa 30 \u2013 49 lat<\/strong><\/p>\n<p>I miejsce \u2013 Wojciech Skory<\/p>\n<p>II miejsce \u2013 Tomasz Ga\u0142\u0105zka<\/p>\n<p>III miejsce \u2013 Jakub Rudo<\/p>\n<p><strong>Klasyfikacja wiekowa 50+<\/strong><\/p>\n<p>I miejsce \u2013 S\u0142awomir M\u0105ka<\/p>\n<p>II miejsce \u2013 Henryk Sk\u0142odowski<\/p>\n<p>III miejsce \u2013 Wies\u0142aw Modzelewski<\/p>\n<p><span style=\"color: #ff0000;\"><strong>MARSZ NORDIC WALKING \u2013 ok. 9 km<\/strong><\/span><\/p>\n<p><strong>KOBIETY<\/strong><\/p>\n<p><strong>Klasyfikacja open:<\/strong><\/p>\n<p>I miejsce \u2013 Jolanta Zapa\u0142owska<\/p>\n<p>II miejsce \u2013 Ewa Tomczak<\/p>\n<p>III miejsce \u2013 Ma\u0142gorzata Gadomska<\/p>\n<p><strong>Klasyfikacja wiekowa 16 \u2013 45 lat<\/strong><\/p>\n<p>I miejsce \u2013 Ewa Tomczak<\/p>\n<p>II miejsce \u2013 Anna Wierzcho\u0142owska<\/p>\n<p>III miejsce \u2013 Katarzyna Matusik<\/p>\n<p><strong>Klasyfikacja wiekowa 46+<\/strong><\/p>\n<p>I miejsce \u2013 Jolanta Zapa\u0142owska<\/p>\n<p>II miejsce \u2013 Ma\u0142gorzata Gadomska<\/p>\n<p>III miejsce \u2013 Ewa Syrek<\/p>\n<p><strong>M\u0118ZCZY\u0179NI<\/strong><\/p>\n<p><strong>Klasyfikacja open:<\/strong><\/p>\n<p>I miejsce \u2013 Marcin Tomczak<\/p>\n<p>II miejsce \u2013 Piotr Wojtkowski<\/p>\n<p>III miejsce \u2013 Stanis\u0142aw Kami\u0144ski<\/p>\n<p><strong>Klasyfikacja wiekowa 16 \u2013 45 lat<\/strong><\/p>\n<p>I miejsce \u2013 Marcin Tomczak<\/p>\n<p>II miejsce \u2013 Piotr Wojtkowski<\/p>\n<p><strong>Klasyfikacja wiekowa 46+<\/strong><\/p>\n<p>I miejsce \u2013 Stanis\u0142aw Kami\u0144ski<\/p>\n<p>II miejsce \u2013 Jerzy Marsza\u0142ek<\/p>\n<p>III miejsce \u2013 Janusz Zbie\u0107<\/p>\n<p><strong>Pe\u0142ne wyniki zawod\u00f3w na stronie Firmy Chiptiming \u2013<\/strong> <span style=\"color: #0000ff;\"><strong><a style=\"color: #0000ff;\" href=\"http:\/\/www.chiptiming.pl\/pl\/zawody_szczegoly\/VIII-Bieg-i-IV-Marsz-Ku-Czci-Blogoslawionego-dr-Edwarda-Grzymaly\" target=\"_blank\" rel=\"noopener\">http:\/\/www.chiptiming.pl\/pl\/zawody_szczegoly\/VIII-Bieg-i-IV-Marsz-Ku-Czci-Blogoslawionego-dr-Edwarda-Grzymaly<\/a><\/strong><\/span><\/p>\n<p>Po zawodach oczywi\u015bcie nie oby\u0142o si\u0119 bez regeneracji wyczerpanych organizm\u00f3w zawodnik\u00f3w, dlatego te\u017c Organizatorzy przygotowali dla nich posi\u0142ek regeneracyjny, a na deser \u2013 jagodzianki od p. Ry\u015bka. Zgodnie te\u017c z tradycj\u0105, uczestnicy zawod\u00f3w wzi\u0119li udzia\u0142 w losowaniu drobnych upomink\u00f3w ufundowanych przez Organizator\u00f3w.<\/p>\n<p>Za przygotowanie i bezproblemowy przebieg imprezy podzi\u0119kowania nale\u017c\u0105 si\u0119 Organizatorom i Sponsorom, ale te\u017c wspieraj\u0105cym ich i bior\u0105cym udzia\u0142 w obs\u0142udze oraz zabezpieczeniu imprezy cz\u0142onkom KS \u201eWicher\u201d Sadowne, pracownikom Gminnego O\u015brodka Kultury w Sadownem czy druhom z OSP Sadowne.<\/p>\n<p><strong>Ju\u017c teraz zapraszamy te\u017c wszystkich mi\u0142o\u015bnik\u00f3w bieg\u00f3w na kolejne spotkanie \u2013 podczas Biegu i Marszu pn. \u201eNadbu\u017ca\u0144ska Sz\u00f3stka\u201d, kt\u00f3ry tym razem odb\u0119dzie si\u0119 w m. Ra\u017cny 22 sierpnia br.<\/strong><\/p>\n<p><span style=\"color: #0000ff;\"><a style=\"color: #0000ff;\" href=\"https:\/\/photos.app.goo.gl\/CbyEojk68UCewaAt8\" target=\"_blank\" rel=\"noopener\"><strong>Zdj\u0119cia w Galerii Google&gt;&gt;&gt;<\/strong><\/a><\/span><\/p>\n<p><strong>Tekst\/foto:<\/strong>\u00a0S\u0142awek Chyli\u0144ski<\/p>\n","protected":false},"excerpt":{"rendered":"<p>W niedziel\u0119 4 lipca w Sadownem odby\u0142 si\u0119 VIII Bieg i IV Marsz Nordic Walking ku czci b\u0142. ks. Edwarda Grzyma\u0142y. Bieg wygra\u0142 Wojciech Skory z Warszawy.<\/p>\n","protected":false},"author":1,"featured_media":0,"comment_status":"closed","ping_status":"closed","sticky":false,"template":"","format":"standard","meta":{"footnotes":""},"categories":[5,2135,3627,7],"tags":[169,1161,1101,25,3558],"class_list":["post-24824","post","type-post","status-publish","format-standard","hentry","category-newsy","category-bieganie","category-nordic-walking","category-sport","tag-gminny-osrodek-kultury-w-sadownem","tag-klub-sportowy-wicher-sadowne","tag-nadlesnictwo-lochow","tag-sadowne","tag-viii-bieg-i-iv-marsz-nordic-walking-ku-czci-bl-ks-edwarda-grzymaly"],"views":3697,"_links":{"self":[{"href":"https:\/\/info.sadowne.pl\/index.php?rest_route=\/wp\/v2\/posts\/24824","targetHints":{"allow":["GET"]}}],"collection":[{"href":"https:\/\/info.sadowne.pl\/index.php?rest_route=\/wp\/v2\/posts"}],"about":[{"href":"https:\/\/info.sadowne.pl\/index.php?rest_route=\/wp\/v2\/types\/post"}],"author":[{"embeddable":true,"href":"https:\/\/info.sadowne.pl\/index.php?rest_route=\/wp\/v2\/users\/1"}],"replies":[{"embeddable":true,"href":"https:\/\/info.sadowne.pl\/index.php?rest_route=%2Fwp%2Fv2%2Fcomments&post=24824"}],"version-history":[{"count":5,"href":"https:\/\/info.sadowne.pl\/index.php?rest_route=\/wp\/v2\/posts\/24824\/revisions"}],"predecessor-version":[{"id":24830,"href":"https:\/\/info.sadowne.pl\/index.php?rest_route=\/wp\/v2\/posts\/24824\/revisions\/24830"}],"wp:attachment":[{"href":"https:\/\/info.sadowne.pl\/index.php?rest_route=%2Fwp%2Fv2%2Fmedia&parent=24824"}],"wp:term":[{"taxonomy":"category","embeddable":true,"href":"https:\/\/info.sadowne.pl\/index.php?rest_route=%2Fwp%2Fv2%2Fcategories&post=24824"},{"taxonomy":"post_tag","embeddable":true,"href":"https:\/\/info.sadowne.pl\/index.php?rest_route=%2Fwp%2Fv2%2Ftags&post=24824"}],"curies":[{"name":"wp","href":"https:\/\/api.w.org\/{rel}","templated":true}]}}