{"id":24831,"date":"2021-07-05T17:13:01","date_gmt":"2021-07-05T15:13:01","guid":{"rendered":"http:\/\/info.sadowne.pl\/?p=24831"},"modified":"2021-07-05T17:13:01","modified_gmt":"2021-07-05T15:13:01","slug":"kronika-strazacka-27-czerwca-4-lipca-2021","status":"publish","type":"post","link":"https:\/\/info.sadowne.pl\/?p=24831","title":{"rendered":"Kronika stra\u017cacka 27 czerwca \u2013 4 lipca 2021"},"content":{"rendered":"<p><strong><a href=\"http:\/\/info.sadowne.pl\/wp-content\/uploads\/2013\/07\/straz3.jpg\"><img loading=\"lazy\" decoding=\"async\" class=\"alignleft size-thumbnail wp-image-2625\" src=\"http:\/\/info.sadowne.pl\/wp-content\/uploads\/2013\/07\/straz3-180x130.jpg\" alt=\"\" width=\"180\" height=\"130\" \/><\/a>W<\/strong> <strong>okresie<\/strong> <strong>od<\/strong><strong> 27.06 &#8211; 04.07.2021 <\/strong><strong>na<\/strong> <strong>terenie<\/strong> <strong>powiatu<\/strong> <strong>w\u0119growskiego<\/strong> <strong>zanotowano: <\/strong><strong>14 <\/strong><strong>zdarze\u0144,<\/strong> <strong>przy<\/strong> <strong>kt\u00f3rych<\/strong> <strong>interweniowa\u0142y<\/strong> <strong>jednostki<\/strong> <strong>ochrony<\/strong> <strong>przeciwpo\u017carowej, w tym:<\/strong> <strong>4 po\u017cary, 9 miejscowych zagro\u017ce\u0144 i 1 alarm fa\u0142szywy.<\/strong><!--more--><\/p>\n<p><strong>29.06.2021 \u2013 Oci\u0119te, gm. Sadowne \u2013 po\u017car budynku gospodarczego.<\/strong><\/p>\n<p>PO\u017bAR SZOPY W LESIE, OBOK PUSTOSTAN. Po dotarciu na miejsce zdarzenia stra\u017cacy stwierdzili, \u017ce pali si\u0119 drewniany budynek gospodarczy kryty eternitem. Dzia\u0142ania zast\u0119pu polega\u0142y na zabezpieczeniu po\u017caru i podaniu dw\u00f3ch pr\u0105d\u00f3w w natarciu, co przyczyni\u0142o si\u0119 do lokalizacji a nast\u0119pnie do ca\u0142kowitego ugaszenia po\u017caru. Nast\u0119pnie pogorzelisko przelano wod\u0105 i rozebrano pozosta\u0142o\u015bci konstrukcji<strong>. <\/strong>Prawdopodobna przyczyna po\u017caru \u2013 podpalenie.<\/p>\n<p>W DZIA\u0141ANIACH RATOWNICZYCH UDZIA\u0141 BRA\u0141O: 2 zast\u0119py, 10 ratownik\u00f3w.<\/p>\n<p><strong>01.07.2021 <\/strong>\u2013 <strong>Szaruty, gm. Liw \u2013 wypadek komunikacyjny (dwa sam. osobowe).<\/strong><\/p>\n<p>Po doje\u017adzie na miejsce zdarzenia zast\u0119p\u00f3w PSP, stra\u017cacy stwierdzili, \u017ce dosz\u0142o do zdarzenia drogowego z udzia\u0142em dw\u00f3ch pojazd\u00f3w osobowych na skrzy\u017cowaniu w miejscowo\u015bci Szaruty. Jeden z pojazd\u00f3w znajduje si\u0119 w rowie a drugi na polu. Na miejscu zastano 2 pojazdy osobowe: Mitsubishi Outlander (kierowca wyszed\u0142 z pojazdu o w\u0142asnych si\u0142ach przed przyjazdem stra\u017cy i nie zg\u0142asza\u0142 \u017cadnych dolegliwo\u015bci) oraz Fiat Panda (kierowca znajduje si\u0119 w \u015brodku pojazdu, przytomny, reaguj\u0105cy na bod\u017ace, posiadaj\u0105cy liczne otarcia na twarzy i ciele). Dzia\u0142ania stra\u017cak\u00f3w polega\u0142y na zabezpieczeniu miejsca zdarzenia, od\u0142\u0105czeniu klem akumulator\u00f3w oraz zakr\u0119ceniu zaworu butli z gazem w jednym z pojazd\u00f3w. Osoba poszkodowana zosta\u0142a zabrana przez ZRM do szpitala.<\/p>\n<p>W DZIA\u0141ANIACH RATOWNICZYCH UDZIA\u0141 BRA\u0141O: 3 zast\u0119py, 11 ratownik\u00f3w.<\/p>\n<p><strong>02.07.2021 <\/strong>\u2013 <strong>\u015anice, gm. Liw \u2013 po\u017car samochodu po kolizji z innym pojazdem.<\/strong><\/p>\n<p>Przyby\u0142e na miejsce zdarzenia zast\u0119py w wyniku rozpoznania ustali\u0142y, i\u017c samoch\u00f3d osobowy pali si\u0119 na drodze wojew\u00f3dzkiej 696 w wyniku zderzenia z innym pojazdem. Pojazdami podr\u00f3\u017cowa\u0142o \u0142\u0105cznie dwie osoby. Jedna osoba &#8211; kieruj\u0105cy pojazdem nieobj\u0119tym po\u017carem dozna\u0142a lekkich obra\u017ce\u0144 cia\u0142a spowodowanych zdarzeniem drogowym. Droga jest zablokowana ca\u0142kowicie. Dzia\u0142ania zast\u0119p\u00f3w polega\u0142y na zabezpieczeniu miejsca zdarzenia, kierowaniu ruchem drogowym, od\u0142\u0105czeniu akumulatora w samochodzie VOLVO VC70, podaniu jednego pr\u0105du ga\u015bniczego piany ci\u0119\u017ckiej na pal\u0105cy si\u0119 samoch\u00f3d VW Passat, udzieleniu kwalifikowanej pomocy przedmedycznej kierowcy samochodu Volvo. Po\u017car zosta\u0142 szybko ugaszony a poszkodowany przekazany zespo\u0142owi ZRM.<\/p>\n<p>W dzia\u0142aniach bra\u0142o udzia\u0142 2 zast\u0119py stra\u017cy po\u017carnej i 10 ratownik\u00f3w.<\/p>\n<p><strong>03.07.2021 <\/strong><strong>\u2013 G\u00f3rki Borze, gm. Korytnica \u2013 po\u017car samochodu po kolizji z innym pojazdem.<\/strong><\/p>\n<p>Po przybyciu na miejsce zdarzenia stra\u017cacy stwierdzili, \u017ce samoch\u00f3d osobowy marki Toyota dachowa\u0142 poza jezdni\u0105. Kierowca podr\u00f3\u017cowa\u0142 sam, ma zakrwawion\u0105 g\u0142ow\u0119 i potrzebuje pomocy medycznej, droga pozostaje cz\u0119\u015bciowo przejezdna. Dzia\u0142ania zast\u0119p\u00f3w polega\u0142y na zabezpieczeniu miejsca zdarzenia, od\u0142\u0105czeniu akumulatora w poje\u017adzie oraz udzieleniu kwalifikowanej pomocy przedmedycznej osobie poszkodowanej. Na miejsce zdarzenie przyby\u0142 ZRM, kt\u00f3remu zosta\u0142 przekazany poszkodowany. Dalsze dzia\u0142ania zast\u0119p\u00f3w stra\u017cak\u00f3w polega\u0142y na pomocy Policji w kierowaniu ruchem drogowym oraz neutralizacji p\u0142yn\u00f3w eksploatacyjnych.<\/p>\n<p>W DZIA\u0141ANIACH RATOWNICZYCH UDZIA\u0141 BRA\u0141O: 3 zast\u0119py stra\u017cy, 14 ratownik\u00f3w.<\/p>\n<p><strong>KP PSP W\u0119gr\u00f3w<\/strong><\/p>\n","protected":false},"excerpt":{"rendered":"<p>W okresie od 27.06 &#8211; 04.07.2021 na terenie powiatu w\u0119growskiego zanotowano: 14 zdarze\u0144, przy kt\u00f3rych interweniowa\u0142y jednostki ochrony przeciwpo\u017carowej, w tym: 4 po\u017cary, 9 miejscowych zagro\u017ce\u0144 i 1 alarm fa\u0142szywy.<\/p>\n","protected":false},"author":1,"featured_media":0,"comment_status":"closed","ping_status":"closed","sticky":false,"template":"","format":"standard","meta":{"footnotes":""},"categories":[5,4,267],"tags":[491,643],"class_list":["post-24831","post","type-post","status-publish","format-standard","hentry","category-newsy","category-policja-straz-pozarna-pogotowie-ratunkowe","category-straz-pozarna-policja-straz-pozarna-pogotowie-ratunkowe","tag-komenda-powiatowa-panstwowej-strazy-pozarnej-w-wegrowie","tag-kronika-strazacka"],"views":1902,"_links":{"self":[{"href":"https:\/\/info.sadowne.pl\/index.php?rest_route=\/wp\/v2\/posts\/24831","targetHints":{"allow":["GET"]}}],"collection":[{"href":"https:\/\/info.sadowne.pl\/index.php?rest_route=\/wp\/v2\/posts"}],"about":[{"href":"https:\/\/info.sadowne.pl\/index.php?rest_route=\/wp\/v2\/types\/post"}],"author":[{"embeddable":true,"href":"https:\/\/info.sadowne.pl\/index.php?rest_route=\/wp\/v2\/users\/1"}],"replies":[{"embeddable":true,"href":"https:\/\/info.sadowne.pl\/index.php?rest_route=%2Fwp%2Fv2%2Fcomments&post=24831"}],"version-history":[{"count":1,"href":"https:\/\/info.sadowne.pl\/index.php?rest_route=\/wp\/v2\/posts\/24831\/revisions"}],"predecessor-version":[{"id":24832,"href":"https:\/\/info.sadowne.pl\/index.php?rest_route=\/wp\/v2\/posts\/24831\/revisions\/24832"}],"wp:attachment":[{"href":"https:\/\/info.sadowne.pl\/index.php?rest_route=%2Fwp%2Fv2%2Fmedia&parent=24831"}],"wp:term":[{"taxonomy":"category","embeddable":true,"href":"https:\/\/info.sadowne.pl\/index.php?rest_route=%2Fwp%2Fv2%2Fcategories&post=24831"},{"taxonomy":"post_tag","embeddable":true,"href":"https:\/\/info.sadowne.pl\/index.php?rest_route=%2Fwp%2Fv2%2Ftags&post=24831"}],"curies":[{"name":"wp","href":"https:\/\/api.w.org\/{rel}","templated":true}]}}