{"id":24842,"date":"2021-07-08T10:21:40","date_gmt":"2021-07-08T08:21:40","guid":{"rendered":"http:\/\/info.sadowne.pl\/?p=24842"},"modified":"2021-07-08T10:21:40","modified_gmt":"2021-07-08T08:21:40","slug":"o-poczatkach-brokowskiej-strazy-ogniowej-na-lamach-prasy","status":"publish","type":"post","link":"https:\/\/info.sadowne.pl\/?p=24842","title":{"rendered":"O pocz\u0105tkach brokowskiej stra\u017cy ogniowej na \u0142amach prasy"},"content":{"rendered":"<p><strong><a href=\"http:\/\/info.sadowne.pl\/wp-content\/uploads\/2021\/07\/Brok48.jpg\" target=\"_blank\" rel=\"noopener\"><img loading=\"lazy\" decoding=\"async\" class=\"alignleft wp-image-24843 size-thumbnail\" src=\"http:\/\/info.sadowne.pl\/wp-content\/uploads\/2021\/07\/Brok48-180x130.jpg\" alt=\"\" width=\"180\" height=\"130\" \/><\/a>Ledwie zaczyna\u0142o si\u0119 wyczekiwane przez wszystkich lato, a ju\u017c z ca\u0142ego kraju nap\u0142ywa\u0142a lawina doniesie\u0144 o po\u017carach, kt\u00f3re wybucha\u0142y czy to z powodu nieostro\u017cno\u015bci, czy to od pioruna. <\/strong><!--more--><\/p>\n<p>Bo te\u017c polskie drewniane wioski i miasteczka by\u0142y wyj\u0105tkowo \u0142atwopalne. Wystarczy\u0142a iskra, by wyschni\u0119te strzechy dom\u00f3w, ob\u00f3r i stod\u00f3\u0142 zaj\u0119\u0142y si\u0119 ogniem, a wieloletni dorobek gospodarzy obr\u00f3ci\u0142 si\u0119 w perzyn\u0119.<\/p>\n<p>Ludzie lamentowali nad swym nieszcz\u0119\u015bciem, lecz \u0142zy ognia nie gasi\u0142y. Do rewolucyjnej zmiany w sposobach walki z po\u017carami dosz\u0142o w Kr\u00f3lestwie Polskim w ostatnich dekadach XIX w. Wprawdzie ju\u017c od dawna powiadano, \u017ce przeciwko tak podst\u0119pnemu wrogowi trzeba stan\u0105\u0107 kup\u0105 do walki, by p\u00f3\u017aniej uzbrojonym w odpowiednie narz\u0119dzia i\u015b\u0107 w dym i ogie\u0144 na ratunek s\u0105siadowi, ale dopiero teraz przekonania te pocz\u0119\u0142y stawa\u0107 si\u0119 cia\u0142em, czyli stra\u017cami ogniowymi.<\/p>\n<p><strong>Wi\u0119cej na stronie <span style=\"color: #0000ff;\"><a style=\"color: #0000ff;\" href=\"http:\/\/madzelan.cba.pl\/o-poczatkach-brokowskiej-strazy-ogniowej-na-lamach-prasy\/\" target=\"_blank\" rel=\"noopener\">http:\/\/madzelan.cba.pl\/o-poczatkach-brokowskiej-strazy-ogniowej-na-lamach-prasy\/<\/a><\/span><\/strong><\/p>\n","protected":false},"excerpt":{"rendered":"<p>Ledwie zaczyna\u0142o si\u0119 wyczekiwane przez wszystkich lato, a ju\u017c z ca\u0142ego kraju nap\u0142ywa\u0142a lawina doniesie\u0144 o po\u017carach, kt\u00f3re wybucha\u0142y czy to z powodu nieostro\u017cno\u015bci, czy to od pioruna.<\/p>\n","protected":false},"author":1,"featured_media":0,"comment_status":"closed","ping_status":"closed","sticky":false,"template":"","format":"standard","meta":{"footnotes":""},"categories":[5,3436,31],"tags":[101,3004,2956],"class_list":["post-24842","post","type-post","status-publish","format-standard","hentry","category-newsy","category-opowiesci-historie-legendy-brokowskie-i-nie-tylko","category-historia-gminy","tag-historia-gminy-sadowne","tag-jerzy-madzelan","tag-opowiesci-historie-legendy-brokowskie-i-nie-tylko"],"views":1899,"_links":{"self":[{"href":"https:\/\/info.sadowne.pl\/index.php?rest_route=\/wp\/v2\/posts\/24842","targetHints":{"allow":["GET"]}}],"collection":[{"href":"https:\/\/info.sadowne.pl\/index.php?rest_route=\/wp\/v2\/posts"}],"about":[{"href":"https:\/\/info.sadowne.pl\/index.php?rest_route=\/wp\/v2\/types\/post"}],"author":[{"embeddable":true,"href":"https:\/\/info.sadowne.pl\/index.php?rest_route=\/wp\/v2\/users\/1"}],"replies":[{"embeddable":true,"href":"https:\/\/info.sadowne.pl\/index.php?rest_route=%2Fwp%2Fv2%2Fcomments&post=24842"}],"version-history":[{"count":1,"href":"https:\/\/info.sadowne.pl\/index.php?rest_route=\/wp\/v2\/posts\/24842\/revisions"}],"predecessor-version":[{"id":24844,"href":"https:\/\/info.sadowne.pl\/index.php?rest_route=\/wp\/v2\/posts\/24842\/revisions\/24844"}],"wp:attachment":[{"href":"https:\/\/info.sadowne.pl\/index.php?rest_route=%2Fwp%2Fv2%2Fmedia&parent=24842"}],"wp:term":[{"taxonomy":"category","embeddable":true,"href":"https:\/\/info.sadowne.pl\/index.php?rest_route=%2Fwp%2Fv2%2Fcategories&post=24842"},{"taxonomy":"post_tag","embeddable":true,"href":"https:\/\/info.sadowne.pl\/index.php?rest_route=%2Fwp%2Fv2%2Ftags&post=24842"}],"curies":[{"name":"wp","href":"https:\/\/api.w.org\/{rel}","templated":true}]}}