{"id":24848,"date":"2021-07-12T11:58:20","date_gmt":"2021-07-12T09:58:20","guid":{"rendered":"http:\/\/info.sadowne.pl\/?p=24848"},"modified":"2021-07-12T12:05:45","modified_gmt":"2021-07-12T10:05:45","slug":"ciekawostka-nie-tylko-to-proza-zycia","status":"publish","type":"post","link":"https:\/\/info.sadowne.pl\/?p=24848","title":{"rendered":"Ciekawostka? Nie tylko, to proza \u017cycia\u2026"},"content":{"rendered":"<p><a href=\"http:\/\/info.sadowne.pl\/wp-content\/uploads\/2021\/07\/2021.07.12.1.jpg\" target=\"_blank\" rel=\"noopener\"><img loading=\"lazy\" decoding=\"async\" class=\"alignleft wp-image-24849 size-thumbnail\" src=\"http:\/\/info.sadowne.pl\/wp-content\/uploads\/2021\/07\/2021.07.12.1-180x130.jpg\" alt=\"\" width=\"180\" height=\"130\" \/><\/a><\/p>\n<p><strong>By\u0142y wikariusz parafii Sadowne ks. Tomasz Duszkiewicz nadal na topie. Jak okre\u015bla portal www.onet.pl, <\/strong><strong>by\u0142 jednym z za\u0142o\u017cycieli i pomys\u0142odawc\u00f3w powstania fundacji &#8222;Ekologiczne Forum M\u0142odzie\u017cy\u201d znanej nie tylko w okolicach Bia\u0142egostoku.<\/strong><!--more--><\/p>\n<p>Ksi\u0105dz Duszkiewicz najpierw by\u0142 wikariuszem w Bo\u0107kach, a p\u00f3\u017aniej w Sadownem. Nastepnie trafi\u0142 do W\u0119growa, gdzie na prze\u0142omie maja i czerwca 2018 r. decyzj\u0105 \u00f3wczesnego zwierzchnika diecezji drohiczy\u0144skiej bp. Tadeusza Pikusa ks. Duszkiewicz zosta\u0142 zwolniony z funkcji wsp\u00f3\u0142pracownika parafii \u015bw. Ojca Pio w W\u0119growie i mianowany wsp\u00f3\u0142pracownikiem parafii Liw ze statusem rezydenta.<\/p>\n<p>Obecnie podlega biskupowi diecezji drohiczy\u0144skiej. Na stronach kurii mo\u017cna przeczyta\u0107, \u017ce pe\u0142ni funkcj\u0119 duszpasterza Regionalnej Dyrekcji Las\u00f3w Pa\u0144stwowych w Warszawie oraz jest zast\u0119pc\u0105 kapelana my\u015bliwych w diecezji drohiczy\u0144skiej.<\/p>\n<p><strong>Wi\u0119cej na stronie <span style=\"color: #0000ff;\"><a style=\"color: #0000ff;\" href=\"https:\/\/www.onet.pl\/informacje\/onetbialystok\/ksiadz-jest-szara-eminencja-w-lasach-panstwowych-do-jego-fundacji-trafiaja-duze\/htzq50m,79cfc278\" target=\"_blank\" rel=\"noopener\">https:\/\/www.onet.pl\/informacje\/onetbialystok\/ksiadz-jest-szara-eminencja-w-lasach-panstwowych-do-jego-fundacji-trafiaja-duze\/htzq50m,79cfc278<\/a><\/span><\/strong><\/p>\n<p><strong>Tekst\/foto:<\/strong> S\u0142awek Chyli\u0144ski<\/p>\n<p><strong>\u0179r\u00f3d\u0142o:<\/strong> www.onet.pl<\/p>\n","protected":false},"excerpt":{"rendered":"<p>By\u0142y wikariusz parafii Sadowne ks. Tomasz Duszkiewicz nadal na topie. Jak okre\u015bla portal www.onet.pl, by\u0142 jednym z za\u0142o\u017cycieli i pomys\u0142odawc\u00f3w powstania fundacji &#8222;Ekologiczne Forum M\u0142odzie\u017cy\u201d znanej nie tylko w okolicach Bia\u0142egostoku.<\/p>\n","protected":false},"author":1,"featured_media":0,"comment_status":"closed","ping_status":"closed","sticky":false,"template":"","format":"standard","meta":{"footnotes":""},"categories":[5,1,690],"tags":[3603,1180,3602],"class_list":["post-24848","post","type-post","status-publish","format-standard","hentry","category-newsy","category-inne","category-lowiectwo","tag-ekologiczne-forum-mlodziezy","tag-ks-tomasz-duszkiewicz","tag-lasy-panstwowe"],"views":6308,"_links":{"self":[{"href":"https:\/\/info.sadowne.pl\/index.php?rest_route=\/wp\/v2\/posts\/24848","targetHints":{"allow":["GET"]}}],"collection":[{"href":"https:\/\/info.sadowne.pl\/index.php?rest_route=\/wp\/v2\/posts"}],"about":[{"href":"https:\/\/info.sadowne.pl\/index.php?rest_route=\/wp\/v2\/types\/post"}],"author":[{"embeddable":true,"href":"https:\/\/info.sadowne.pl\/index.php?rest_route=\/wp\/v2\/users\/1"}],"replies":[{"embeddable":true,"href":"https:\/\/info.sadowne.pl\/index.php?rest_route=%2Fwp%2Fv2%2Fcomments&post=24848"}],"version-history":[{"count":3,"href":"https:\/\/info.sadowne.pl\/index.php?rest_route=\/wp\/v2\/posts\/24848\/revisions"}],"predecessor-version":[{"id":24852,"href":"https:\/\/info.sadowne.pl\/index.php?rest_route=\/wp\/v2\/posts\/24848\/revisions\/24852"}],"wp:attachment":[{"href":"https:\/\/info.sadowne.pl\/index.php?rest_route=%2Fwp%2Fv2%2Fmedia&parent=24848"}],"wp:term":[{"taxonomy":"category","embeddable":true,"href":"https:\/\/info.sadowne.pl\/index.php?rest_route=%2Fwp%2Fv2%2Fcategories&post=24848"},{"taxonomy":"post_tag","embeddable":true,"href":"https:\/\/info.sadowne.pl\/index.php?rest_route=%2Fwp%2Fv2%2Ftags&post=24848"}],"curies":[{"name":"wp","href":"https:\/\/api.w.org\/{rel}","templated":true}]}}