{"id":24862,"date":"2021-07-16T10:52:29","date_gmt":"2021-07-16T08:52:29","guid":{"rendered":"http:\/\/info.sadowne.pl\/?p=24862"},"modified":"2021-07-16T10:52:29","modified_gmt":"2021-07-16T08:52:29","slug":"walki-w-rejonie-malkini-w-sierpniu-1920-roku","status":"publish","type":"post","link":"https:\/\/info.sadowne.pl\/?p=24862","title":{"rendered":"WALKI W REJONIE MA\u0141KINI W SIERPNIU 1920 ROKU"},"content":{"rendered":"<p><strong><a href=\"http:\/\/info.sadowne.pl\/wp-content\/uploads\/2021\/07\/Brok49.jpg\" target=\"_blank\" rel=\"noopener\"><img loading=\"lazy\" decoding=\"async\" class=\"alignleft wp-image-24863 size-thumbnail\" src=\"http:\/\/info.sadowne.pl\/wp-content\/uploads\/2021\/07\/Brok49-180x130.jpg\" alt=\"\" width=\"180\" height=\"130\" \/><\/a>Na prze\u0142omie lipca i sierpnia wojna by\u0142a jeszcze do\u015b\u0107 daleko. <\/strong><!--more--><\/p>\n<p>Jedynie zwi\u0119kszone nat\u0119\u017cenie wojskowych transport\u00f3w kolejowych i powolny nap\u0142yw r\u00f3\u017cnego rodzaju jednostek wojskowych w okolice Ma\u0142kini \u015bwiadczy\u0142y, \u017ce kr\u00f3tki czas spokoju po I wojnie \u015bwiatowej ko\u0144czy si\u0119. \u201eGazeta Warszawska\u201d z 2 sierpnia 1919 roku (poniedzia\u0142ek) informowa\u0142a m.in., \u017ce ruch pasa\u017cerski na trasie kolejowej Warszawa \u2013 Ma\u0142kinia przebiega normalnie i nie jest ograniczony warunkami wojennymi. Widoczna by\u0142a jedynie zwi\u0119kszona liczba powracaj\u0105cych do Warszawy tzw. letnik\u00f3w z tego kierunku w niedziel\u0119 wieczorem, jednak nie widziano w tym nic szczeg\u00f3lnego. W tamtych czasach na tej linii kolejowej, zgodnie z ustalonym rozk\u0142adem jazdy, kursowa\u0142o 5 par poci\u0105g\u00f3w osobowych w ci\u0105gu doby w obie strony.\u00a0 Nast\u0119pne dni przynios\u0142y jednak ponur\u0105 rzeczywisto\u015b\u0107. Do Ma\u0142kini i okolic te\u017c doszed\u0142 huk armat i zawita\u0142a wojna.<\/p>\n<p><strong>Wi\u0119cej na stronie <span style=\"color: #0000ff;\"><a style=\"color: #0000ff;\" href=\"http:\/\/madzelan.cba.pl\/walki-w-rejonie-malkini-w-sierpniu-1920-roku\/\" target=\"_blank\" rel=\"noopener\">http:\/\/madzelan.cba.pl\/walki-w-rejonie-malkini-w-sierpniu-1920-roku\/<\/a><\/span><\/strong><\/p>\n","protected":false},"excerpt":{"rendered":"<p>Na prze\u0142omie lipca i sierpnia wojna by\u0142a jeszcze do\u015b\u0107 daleko.<\/p>\n","protected":false},"author":1,"featured_media":0,"comment_status":"closed","ping_status":"closed","sticky":false,"template":"","format":"standard","meta":{"footnotes":""},"categories":[5,3436,31],"tags":[101,3004,2956,3608],"class_list":["post-24862","post","type-post","status-publish","format-standard","hentry","category-newsy","category-opowiesci-historie-legendy-brokowskie-i-nie-tylko","category-historia-gminy","tag-historia-gminy-sadowne","tag-jerzy-madzelan","tag-opowiesci-historie-legendy-brokowskie-i-nie-tylko","tag-walki-w-rejonie-malkini-w-sierpniu-1920-roku"],"views":2567,"_links":{"self":[{"href":"https:\/\/info.sadowne.pl\/index.php?rest_route=\/wp\/v2\/posts\/24862","targetHints":{"allow":["GET"]}}],"collection":[{"href":"https:\/\/info.sadowne.pl\/index.php?rest_route=\/wp\/v2\/posts"}],"about":[{"href":"https:\/\/info.sadowne.pl\/index.php?rest_route=\/wp\/v2\/types\/post"}],"author":[{"embeddable":true,"href":"https:\/\/info.sadowne.pl\/index.php?rest_route=\/wp\/v2\/users\/1"}],"replies":[{"embeddable":true,"href":"https:\/\/info.sadowne.pl\/index.php?rest_route=%2Fwp%2Fv2%2Fcomments&post=24862"}],"version-history":[{"count":1,"href":"https:\/\/info.sadowne.pl\/index.php?rest_route=\/wp\/v2\/posts\/24862\/revisions"}],"predecessor-version":[{"id":24864,"href":"https:\/\/info.sadowne.pl\/index.php?rest_route=\/wp\/v2\/posts\/24862\/revisions\/24864"}],"wp:attachment":[{"href":"https:\/\/info.sadowne.pl\/index.php?rest_route=%2Fwp%2Fv2%2Fmedia&parent=24862"}],"wp:term":[{"taxonomy":"category","embeddable":true,"href":"https:\/\/info.sadowne.pl\/index.php?rest_route=%2Fwp%2Fv2%2Fcategories&post=24862"},{"taxonomy":"post_tag","embeddable":true,"href":"https:\/\/info.sadowne.pl\/index.php?rest_route=%2Fwp%2Fv2%2Ftags&post=24862"}],"curies":[{"name":"wp","href":"https:\/\/api.w.org\/{rel}","templated":true}]}}