{"id":24898,"date":"2021-08-02T17:00:48","date_gmt":"2021-08-02T15:00:48","guid":{"rendered":"http:\/\/info.sadowne.pl\/?p=24898"},"modified":"2021-08-02T17:01:11","modified_gmt":"2021-08-02T15:01:11","slug":"kronika-strazacka-26-lipca-1-sierpnia-2021","status":"publish","type":"post","link":"https:\/\/info.sadowne.pl\/?p=24898","title":{"rendered":"Kronika stra\u017cacka 26 lipca \u2013 1 sierpnia 2021"},"content":{"rendered":"<p><strong><a href=\"http:\/\/info.sadowne.pl\/wp-content\/uploads\/2013\/07\/straz3.jpg\"><img loading=\"lazy\" decoding=\"async\" class=\"alignleft size-thumbnail wp-image-2625\" src=\"http:\/\/info.sadowne.pl\/wp-content\/uploads\/2013\/07\/straz3-180x130.jpg\" alt=\"\" width=\"180\" height=\"130\" \/><\/a>W<\/strong> <strong>okresie<\/strong> <strong>od <\/strong><strong>26<\/strong><strong>.07 &#8211; <\/strong><strong>01.08<\/strong><strong>.2021 r.<\/strong><strong>\u00a0 <\/strong><strong>na<\/strong> <strong>terenie<\/strong> <strong>powiatu<\/strong> <strong>w\u0119growskiego<\/strong> <strong>zanotowano: <\/strong><strong>29 <\/strong><strong>zdarze\u0144,<\/strong> <strong>przy<\/strong> <strong>kt\u00f3rych<\/strong> <strong>interweniowa\u0142y<\/strong> <strong>jednostki<\/strong> <strong>ochrony<\/strong> <strong>przeciwpo\u017carowej w tym:<\/strong><strong> 6 po\u017car\u00f3w, 38 miejscowych zagro\u017ce\u0144 i 4 alarmy fa\u0142szywe.<\/strong><!--more--><\/p>\n<p><strong>26.07.2021 &#8211; Wyszk\u00f3w, gm. Liw \u2013 po\u017car kombajnu zbo\u017cowego<\/strong><\/p>\n<p>Do po\u017caru kombajnu pracuj\u0105cego na polu ko\u0142o miejscowo\u015bci zosta\u0142y zadysponowane 2 zast\u0119py stra\u017cy po\u017carnej: JRG PSSP W\u0119gr\u00f3w i OSP Wyszk\u00f3w. Pracownicy obecni na miejscu zdarzenia pr\u00f3bowali gasi\u0107 po\u017car ga\u015bnicami &#8211; nieskutecznie. Dzia\u0142ania zast\u0119pu OSP polega\u0142y na zabezpieczeniu miejsca zdarzenia a nast\u0119pnie podaniu pr\u0105du wody w natarciu na po\u017car. Nast\u0119pnie tl\u0105ce si\u0119 elementy kombajnu i fragment pola obok przelano wod\u0105. Powy\u017csze dzia\u0142ania doprowadzi\u0142y do likwidacji po\u017caru. Po przekazaniu miejsca zdarzenia w\u0142a\u015bcicielowi, zast\u0119py wr\u00f3ci\u0142y do koszar. Spaleniu uleg\u0142 silnik w kombajnie.<\/p>\n<p><strong>27.07.2021 \u2013 W\u0119gr\u00f3w \u2013 podtopienia<\/strong><strong>\u00a0<\/strong><\/p>\n<p>W wyniku przej\u015bcia nad miastem gwa\u0142townej burzy z silnymi opadami deszczu<strong>, <\/strong>do Komendy Powiatowej PSP w W\u0119growie wp\u0142yn\u0119\u0142o 15 zg\u0142osze\u0144 dotycz\u0105cych zalanych ulic, posesji prywatnych, oraz zak\u0142ad\u00f3w pracy i budynk\u00f3w u\u017cyteczno\u015bci publicznej. W dzia\u0142aniach maj\u0105cych na celu wypompowywanie wody bra\u0142y udzia\u0142 zast\u0119py JRG PSP W\u0119gr\u00f3w, OSP W\u0119gr\u00f3w, OSP Ruchna, Liw i Starawie\u015b.<\/p>\n<p><strong>29.07.2021 \u2013 W\u0119gr\u00f3w \u2013<\/strong><strong> samoch\u00f3d osobowy &#8211; wypadek<\/strong><strong>\u00a0<\/strong><\/p>\n<p>Po doje\u017adzie zast\u0119p\u00f3w PSP ustalono, \u017ce samoch\u00f3d osobowy marki Volvo uderzy\u0142 w ogrodzenie posesji przy ul. R\u00f3\u017canej 2 w W\u0119growie, pojazdem osobowym podr\u00f3\u017cowa\u0142o trzy osoby. Jedna osoba zosta\u0142a zabrana przez ZRM, pozosta\u0142e osoby nie odnios\u0142y obra\u017ce\u0144 i nie wymaga\u0142y opieki medycznej. Auto znajdowa\u0142o si\u0119 cz\u0119\u015bciowo na jednym pasie drogi \u017cwirowej, ma\u0142o ucz\u0119szczanej. Dzia\u0142ania zast\u0119p\u00f3w polega\u0142y na zabezpieczeniu miejsca zdarzenia, oraz od\u0142\u0105czeniu akumulatora i zakr\u0119ceniu gazu w poje\u017adzie. Po przekazaniu miejsca dzia\u0142a\u0144 protoko\u0142em policji zast\u0119py powr\u00f3ci\u0142y do bazy<\/p>\n<p><strong>30.07.2021 \u2013 W\u0119gr\u00f3w \u2013 po\u017car pola uprawnego<\/strong><\/p>\n<p>Stanowisko Kierowania PSP w W\u0119growie otrzyma\u0142o informacj\u0119, \u017ce pali si\u0119 zbo\u017ce na ul. Aleja Siedlecka w W\u0119growie. Po przybyciu na miejsce po\u017caru 3 zast\u0119p\u00f3w stra\u017cy po\u017carnej okaza\u0142o si\u0119, \u017ce pali si\u0119 zbo\u017ce o powierzchni ok 10-20 ar\u00f3w, obok budynek gospodarczy. Dzia\u0142ania zast\u0119p\u00f3w stra\u017cy po\u017carnej polega\u0142y na zabezpieczeniu miejsca zdarzenia, podaniu w pocz\u0105tkowej fazie dw\u00f3ch pr\u0105d\u00f3w wody w natarciu na bok i front po\u017caru. Po przybyciu na miejsce OSP Ruchna podano trzeci pr\u0105d wody w obronie na budynek gospodarczy znajduj\u0105cego si\u0119 na s\u0105siedniej dzia\u0142ce. Dzia\u0142ania doprowadzi\u0142 do lokalizacji po\u017caru. W kolejnym etapie dok\u0142adnie przelano ca\u0142e pogorzelisko po\u017caru. Dzia\u0142ania zast\u0119p\u00f3w przyczyni\u0142y si\u0119 do ugaszenia po\u017caru.<\/p>\n<p><strong>01.08.2021- Starawie\u015b, gm. Liw &#8211; po\u017car samochodu osobowego<\/strong><\/p>\n<p>Po przybyciu na miejsce zast\u0119pu OSP Starawie\u015b oraz JRG W\u0119gr\u00f3w, okaza\u0142o si\u0119, \u017ce na 284,4 km DK-62 po\u017carem ca\u0142kowitym obj\u0119ty jest samoch\u00f3d osobowy znajduj\u0105cy si\u0119 na jednym z pas\u00f3w drogowych (prawdopodobnie po uderzeniu w drzewo). Razem z zast\u0119pami stra\u017cy po\u017carnej na miejsce przyby\u0142 ZRM. Dzia\u0142ania zast\u0119p\u00f3w w pierwszej fazie polega\u0142y na zabezpieczeniu miejsca zdarzenia (zablokowano ruch w obu kierunkach) oraz jednoczesnym podaniu 3 pr\u0105d\u00f3w wody w natarciu na po\u017car, co doprowadzi\u0142o do lokalizacji, a nast\u0119pnie ugaszenia po\u017caru. Stra\u017cacy stwierdzili podczas dzia\u0142a\u0144, \u017ce w poje\u017adzie znajduj\u0105 si\u0119 zw\u0119glone zw\u0142oki prawdopodobnie kierowcy pojazdu (brak innych os\u00f3b podr\u00f3\u017cuj\u0105cych samochodem osobowym. Przyby\u0142y na miejsce zdarzenia patrol policji wyznaczy\u0142 objazd przez znajduj\u0105cy si\u0119 obok parking ko\u015bcielny. Zast\u0119p PSP zako\u0144czy\u0142 dzia\u0142ania i powr\u00f3ci\u0142 do bazy, na miejscu pozosta\u0142y zast\u0119py OSP celem zabezpieczenia miejsca zdarzenia podczas prowadzenia prac przez grup\u0119 dochodzeniowo-\u015bledcz\u0105 policji i prokuratora.<\/p>\n<p><strong>KP PSP W\u0119gr\u00f3w<\/strong><\/p>\n","protected":false},"excerpt":{"rendered":"<p>W okresie od 26.07 &#8211; 01.08.2021 r.\u00a0 na terenie powiatu w\u0119growskiego zanotowano: 29 zdarze\u0144, przy kt\u00f3rych interweniowa\u0142y jednostki ochrony przeciwpo\u017carowej w tym: 6 po\u017car\u00f3w, 38 miejscowych zagro\u017ce\u0144 i 4 alarmy fa\u0142szywe.<\/p>\n","protected":false},"author":1,"featured_media":0,"comment_status":"closed","ping_status":"closed","sticky":false,"template":"","format":"standard","meta":{"footnotes":""},"categories":[5,4,267],"tags":[491,643],"class_list":["post-24898","post","type-post","status-publish","format-standard","hentry","category-newsy","category-policja-straz-pozarna-pogotowie-ratunkowe","category-straz-pozarna-policja-straz-pozarna-pogotowie-ratunkowe","tag-komenda-powiatowa-panstwowej-strazy-pozarnej-w-wegrowie","tag-kronika-strazacka"],"views":2257,"_links":{"self":[{"href":"https:\/\/info.sadowne.pl\/index.php?rest_route=\/wp\/v2\/posts\/24898","targetHints":{"allow":["GET"]}}],"collection":[{"href":"https:\/\/info.sadowne.pl\/index.php?rest_route=\/wp\/v2\/posts"}],"about":[{"href":"https:\/\/info.sadowne.pl\/index.php?rest_route=\/wp\/v2\/types\/post"}],"author":[{"embeddable":true,"href":"https:\/\/info.sadowne.pl\/index.php?rest_route=\/wp\/v2\/users\/1"}],"replies":[{"embeddable":true,"href":"https:\/\/info.sadowne.pl\/index.php?rest_route=%2Fwp%2Fv2%2Fcomments&post=24898"}],"version-history":[{"count":2,"href":"https:\/\/info.sadowne.pl\/index.php?rest_route=\/wp\/v2\/posts\/24898\/revisions"}],"predecessor-version":[{"id":24900,"href":"https:\/\/info.sadowne.pl\/index.php?rest_route=\/wp\/v2\/posts\/24898\/revisions\/24900"}],"wp:attachment":[{"href":"https:\/\/info.sadowne.pl\/index.php?rest_route=%2Fwp%2Fv2%2Fmedia&parent=24898"}],"wp:term":[{"taxonomy":"category","embeddable":true,"href":"https:\/\/info.sadowne.pl\/index.php?rest_route=%2Fwp%2Fv2%2Fcategories&post=24898"},{"taxonomy":"post_tag","embeddable":true,"href":"https:\/\/info.sadowne.pl\/index.php?rest_route=%2Fwp%2Fv2%2Ftags&post=24898"}],"curies":[{"name":"wp","href":"https:\/\/api.w.org\/{rel}","templated":true}]}}