{"id":24901,"date":"2021-08-02T17:33:03","date_gmt":"2021-08-02T15:33:03","guid":{"rendered":"http:\/\/info.sadowne.pl\/?p=24901"},"modified":"2021-08-02T17:33:03","modified_gmt":"2021-08-02T15:33:03","slug":"x-lat-gok-u","status":"publish","type":"post","link":"https:\/\/info.sadowne.pl\/?p=24901","title":{"rendered":"X lat GOK-u"},"content":{"rendered":"<p><strong><a href=\"http:\/\/info.sadowne.pl\/wp-content\/uploads\/2021\/08\/2021.08.02.1.jpg\" target=\"_blank\" rel=\"noopener\"><img loading=\"lazy\" decoding=\"async\" class=\"alignleft wp-image-24902 size-thumbnail\" src=\"http:\/\/info.sadowne.pl\/wp-content\/uploads\/2021\/08\/2021.08.02.1-180x130.jpg\" alt=\"\" width=\"180\" height=\"130\" \/><\/a>Od chwili utworzenia w 2011 roku, w czasie wakacji Gminny O\u015brodek Kultury w Sadownem organizuje r\u00f3\u017cnego rodzaju zaj\u0119cia dla najm\u0142odszych.<\/strong><!--more--><\/p>\n<p><em>Tegoroczne wakacje r\u00f3wnie\u017c rozpocz\u0119li\u015bmy zaj\u0119ciami dla najm\u0142odszych mieszka\u0144c\u00f3w gminy. Dzieci mog\u0105 uczestniczy\u0107 w zaj\u0119ciach plastycznych, sportowych oraz grach i zabawach.<\/em><\/p>\n<p><em>Na zaj\u0119ciach plastycznych malowali\u015bmy obrazy tworz\u0105c nowe kolory, uczyli\u015bmy si\u0119 rysowania zwierz\u0105tek z cyferek.\u00a0Dzieci wykonywa\u0142y gniotki z balon\u00f3w oraz uczestniczy\u0142y w \u00a0podstawowym kursie ceramiki.<\/em><\/p>\n<p><strong>Wi\u0119cej na stronie <span style=\"color: #0000ff;\"><a style=\"color: #0000ff;\" href=\"https:\/\/gok.sadowne.pl\/\" target=\"_blank\" rel=\"noopener\">https:\/\/gok.sadowne.pl\/<\/a><\/span><\/strong><\/p>\n<p><strong>\u0179r\u00f3d\u0142o:<\/strong> <a href=\"http:\/\/www.gok.sadowne.pl\" target=\"_blank\" rel=\"noopener\">www.gok.sadowne.pl<\/a><\/p>\n","protected":false},"excerpt":{"rendered":"<p>Od chwili utworzenia w 2011 roku, w czasie wakacji Gminny O\u015brodek Kultury w Sadownem organizuje r\u00f3\u017cnego rodzaju zaj\u0119cia dla najm\u0142odszych.<\/p>\n","protected":false},"author":1,"featured_media":0,"comment_status":"closed","ping_status":"closed","sticky":false,"template":"","format":"standard","meta":{"footnotes":""},"categories":[5,91,6],"tags":[169,3611,1470],"class_list":["post-24901","post","type-post","status-publish","format-standard","hentry","category-newsy","category-gminny-osrodek-kultury","category-kultura-rozrywka-edukacja","tag-gminny-osrodek-kultury-w-sadownem","tag-x-lecie-gok-w-sadownem","tag-zajecia-wakacyjne-w-gok-sadowne"],"views":2461,"_links":{"self":[{"href":"https:\/\/info.sadowne.pl\/index.php?rest_route=\/wp\/v2\/posts\/24901","targetHints":{"allow":["GET"]}}],"collection":[{"href":"https:\/\/info.sadowne.pl\/index.php?rest_route=\/wp\/v2\/posts"}],"about":[{"href":"https:\/\/info.sadowne.pl\/index.php?rest_route=\/wp\/v2\/types\/post"}],"author":[{"embeddable":true,"href":"https:\/\/info.sadowne.pl\/index.php?rest_route=\/wp\/v2\/users\/1"}],"replies":[{"embeddable":true,"href":"https:\/\/info.sadowne.pl\/index.php?rest_route=%2Fwp%2Fv2%2Fcomments&post=24901"}],"version-history":[{"count":1,"href":"https:\/\/info.sadowne.pl\/index.php?rest_route=\/wp\/v2\/posts\/24901\/revisions"}],"predecessor-version":[{"id":24903,"href":"https:\/\/info.sadowne.pl\/index.php?rest_route=\/wp\/v2\/posts\/24901\/revisions\/24903"}],"wp:attachment":[{"href":"https:\/\/info.sadowne.pl\/index.php?rest_route=%2Fwp%2Fv2%2Fmedia&parent=24901"}],"wp:term":[{"taxonomy":"category","embeddable":true,"href":"https:\/\/info.sadowne.pl\/index.php?rest_route=%2Fwp%2Fv2%2Fcategories&post=24901"},{"taxonomy":"post_tag","embeddable":true,"href":"https:\/\/info.sadowne.pl\/index.php?rest_route=%2Fwp%2Fv2%2Ftags&post=24901"}],"curies":[{"name":"wp","href":"https:\/\/api.w.org\/{rel}","templated":true}]}}