{"id":24904,"date":"2021-08-02T18:09:52","date_gmt":"2021-08-02T16:09:52","guid":{"rendered":"http:\/\/info.sadowne.pl\/?p=24904"},"modified":"2021-08-02T18:09:52","modified_gmt":"2021-08-02T16:09:52","slug":"warto-wiedziec","status":"publish","type":"post","link":"https:\/\/info.sadowne.pl\/?p=24904","title":{"rendered":"WARTO WIEDZIE\u0106"},"content":{"rendered":"<p><strong><a href=\"http:\/\/info.sadowne.pl\/wp-content\/uploads\/2021\/08\/poradnia-psych..jpg\"><img loading=\"lazy\" decoding=\"async\" class=\"alignleft size-thumbnail wp-image-24905\" src=\"http:\/\/info.sadowne.pl\/wp-content\/uploads\/2021\/08\/poradnia-psych.-180x130.jpg\" alt=\"\" width=\"180\" height=\"130\" \/><\/a>Od 1 kwietnia 2021 roku rozpocz\u0119\u0142a swoj\u0105 dzia\u0142alno\u015b\u0107 Poradnia Psychologiczna dla Dzieci i M\u0142odzie\u017cy w W\u0119growie, kt\u00f3ra znajduje si\u0119 przy ul. Mickiewicza 12 (Dom Nauczyciela, obok Dworca PKS). <\/strong><!--more--><\/p>\n<p>Dla mieszka\u0144c\u00f3w W\u0119growa, powiatu, a tak\u017ce powiat\u00f3w s\u0105siaduj\u0105cych oznacza to mo\u017cliwo\u015b\u0107 uzyskania bezp\u0142atnego wsparcia \u015brodowiskowego, psychologicznego i psychoterapeutycznego.<\/p>\n<p><strong><a href=\"http:\/\/info.sadowne.pl\/wp-content\/uploads\/2021\/08\/poradnia-psych..jpg\"><img loading=\"lazy\" decoding=\"async\" class=\"alignright size-full wp-image-24905\" src=\"http:\/\/info.sadowne.pl\/wp-content\/uploads\/2021\/08\/poradnia-psych..jpg\" alt=\"\" width=\"347\" height=\"482\" srcset=\"https:\/\/info.sadowne.pl\/wp-content\/uploads\/2021\/08\/poradnia-psych..jpg 347w, https:\/\/info.sadowne.pl\/wp-content\/uploads\/2021\/08\/poradnia-psych.-216x300.jpg 216w\" sizes=\"auto, (max-width: 347px) 100vw, 347px\" \/><\/a>Zapisy prowadzone s\u0105 wy\u0142\u0105cznie w formie telefonicznej:<\/strong><\/p>\n<p>&#8211; pod numerem: 576 212 777,<\/p>\n<p>&#8211; od poniedzia\u0142ku do pi\u0105tku,<\/p>\n<p>&#8211; w godzinach 10:00 &#8211; 15:00.<\/p>\n<p><strong>Tekst:<\/strong> Danuta Chyli\u0144ska<\/p>\n<p><strong>\u0179r\u00f3d\u0142o:<\/strong> Fundacja By The Way<\/p>\n<p>&nbsp;<\/p>\n","protected":false},"excerpt":{"rendered":"<p>Od 1 kwietnia 2021 roku rozpocz\u0119\u0142a swoj\u0105 dzia\u0142alno\u015b\u0107 Poradnia Psychologiczna dla Dzieci i M\u0142odzie\u017cy w W\u0119growie, kt\u00f3ra znajduje si\u0119 przy ul. Mickiewicza 12 (Dom Nauczyciela, obok Dworca PKS).<\/p>\n","protected":false},"author":1,"featured_media":0,"comment_status":"closed","ping_status":"closed","sticky":false,"template":"","format":"standard","meta":{"footnotes":""},"categories":[5,1406,1408],"tags":[3612,1666],"class_list":["post-24904","post","type-post","status-publish","format-standard","hentry","category-newsy","category-czy-wiesz","category-zdrowie","tag-poradnia-psychologiczna-dla-dzieci-i-mlodziezy-w-wegrowie","tag-zdrowie-dzieci"],"views":2728,"_links":{"self":[{"href":"https:\/\/info.sadowne.pl\/index.php?rest_route=\/wp\/v2\/posts\/24904","targetHints":{"allow":["GET"]}}],"collection":[{"href":"https:\/\/info.sadowne.pl\/index.php?rest_route=\/wp\/v2\/posts"}],"about":[{"href":"https:\/\/info.sadowne.pl\/index.php?rest_route=\/wp\/v2\/types\/post"}],"author":[{"embeddable":true,"href":"https:\/\/info.sadowne.pl\/index.php?rest_route=\/wp\/v2\/users\/1"}],"replies":[{"embeddable":true,"href":"https:\/\/info.sadowne.pl\/index.php?rest_route=%2Fwp%2Fv2%2Fcomments&post=24904"}],"version-history":[{"count":1,"href":"https:\/\/info.sadowne.pl\/index.php?rest_route=\/wp\/v2\/posts\/24904\/revisions"}],"predecessor-version":[{"id":24906,"href":"https:\/\/info.sadowne.pl\/index.php?rest_route=\/wp\/v2\/posts\/24904\/revisions\/24906"}],"wp:attachment":[{"href":"https:\/\/info.sadowne.pl\/index.php?rest_route=%2Fwp%2Fv2%2Fmedia&parent=24904"}],"wp:term":[{"taxonomy":"category","embeddable":true,"href":"https:\/\/info.sadowne.pl\/index.php?rest_route=%2Fwp%2Fv2%2Fcategories&post=24904"},{"taxonomy":"post_tag","embeddable":true,"href":"https:\/\/info.sadowne.pl\/index.php?rest_route=%2Fwp%2Fv2%2Ftags&post=24904"}],"curies":[{"name":"wp","href":"https:\/\/api.w.org\/{rel}","templated":true}]}}