{"id":24907,"date":"2021-08-04T16:32:05","date_gmt":"2021-08-04T14:32:05","guid":{"rendered":"http:\/\/info.sadowne.pl\/?p=24907"},"modified":"2021-08-04T16:32:05","modified_gmt":"2021-08-04T14:32:05","slug":"wycieczka-rowerowa-na-podlasie","status":"publish","type":"post","link":"https:\/\/info.sadowne.pl\/?p=24907","title":{"rendered":"Wycieczka rowerowa na Podlasie"},"content":{"rendered":"<p><a href=\"http:\/\/info.sadowne.pl\/wp-content\/uploads\/2021\/08\/2021.08.04.1.jpg\" target=\"_blank\" rel=\"noopener\"><img loading=\"lazy\" decoding=\"async\" class=\"alignleft wp-image-24908 size-thumbnail\" src=\"http:\/\/info.sadowne.pl\/wp-content\/uploads\/2021\/08\/2021.08.04.1-180x130.jpg\" alt=\"\" width=\"180\" height=\"130\" \/><\/a><\/p>\n<p><strong>W weekend 31.07 &#8211; 1.08.2021 r. dwunastoosobowa grupa z Sadownego podr\u00f3\u017cowa\u0142a na jedno\u015bladach po pi\u0119knym Podlasiu. <\/strong><!--more--><\/p>\n<p>Wyjechali\u015bmy w sobot\u0119 bladym \u015bwitem z pewnymi obawami, bo prognoza pogody nie by\u0142a zbyt optymistyczna. Do Supra\u015bla dojechali\u015bmy busem. Z tego miasteczka rozpocz\u0119li\u015bmy wycieczk\u0119 na rowerach. Pogoda nadal \u0142adna. Pierwszy kr\u00f3tki odpoczynek, wymiana spostrze\u017ce\u0144, \u017ce trasa dosy\u0107 wymagaj\u0105ca, trudne podjazdy pod g\u00f3rki, ale za chwil\u0119 rekompensata w postaci szybkich zjazd\u00f3w z towarzysz\u0105cymi przyjemnymi powiewami wiatru.<\/p>\n<p>Na d\u0142u\u017cszy odpoczynek zatrzymujemy si\u0119 w Krynkach. Tam uzupe\u0142niamy zu\u017cyte kalorie oraz zwiedzamy Ko\u015bci\u00f3\u0142 Rzymskokatolicki pw. \u015bw. Anny. \u00a0Wszyscy odnie\u015bli\u015bmy wra\u017cenie, \u017ce jest bardzo podobny do naszej sadowie\u0144skiej \u015bwi\u0105tyni. Czytaj\u0105c histori\u0119 parafii Krynki, dowiadujemy si\u0119, \u017ce ko\u015bci\u00f3\u0142 zosta\u0142 wybudowany prawie w tych samych latach, co ko\u015bci\u00f3\u0142 w Sadownem, r\u00f3wnie\u017c w stylu neogotyckim. Czas rusza\u0107 w dalsz\u0105 drog\u0119, bo jeszcze przed nami kilkadziesi\u0105t kilometr\u00f3w.<\/p>\n<p>Nast\u0119pnym punktem naszej wycieczki by\u0142y Kruszyniany. Tam rozpocz\u0119li\u015bmy zwiedzanie od drewnianego tatarskiego Meczetu pochodz\u0105cego z XVIII w. W Meczecie przewodnik D\u017cemil zapozna\u0142 nas z histori\u0105 polskich Tatar\u00f3w. Nieopodal Meczetu znajduje si\u0119 cmentarz tatarski mizar, za\u0142o\u017cony w po\u0142owie XVII. W roku 2010 polskich Tatar\u00f3w odwiedzi\u0142 Ksi\u0105\u017ce Karol zachwycaj\u0105c si\u0119 Meczetem oraz regionalnymi potrawami. Przypadek sprawi\u0142, \u017ce trafili\u015bmy na ludowe \u015bwi\u0119to tatarskie Sabantuj (\u015bwi\u0119to p\u0142uga). \u015awi\u0119to na zako\u0144czenie wiosennych prac polowych organizowane jest w formie pikniku, podczas kt\u00f3rego jest wiele atrakcji. Gwo\u017adziem programu tegorocznego \u015bwi\u0119towania by\u0142a historyczna rekonstrukcja bitwy pod Parkanami stoczona jesieni\u0105 1683 r. Chcia\u0142oby si\u0119 tu zosta\u0107 na d\u0142u\u017cej, ale jest ju\u017c p\u00f3\u017ane popo\u0142udnie, a raczej wczesny wiecz\u00f3r, a do bazy noclegowej jeszcze daleka droga. Z \u017calem opuszczamy to klimatyczne tatarskie miasteczko i udajemy si\u0119 w kierunku Borek, gdzie mieli\u015bmy um\u00f3wiony nocleg w bazie harcerskiej.<\/p>\n<p>Po wyje\u017adzie z Kruszynian okazuje si\u0119, \u017ce dalsza droga do samej bazy wiedzie przez pi\u0119kn\u0105 Puszcz\u0119 Knyszy\u0144sk\u0105, ale po trudnej szutrowej nawierzchni. Stan drogi pozostawia\u0142 wiele do \u017cyczenia, ale c\u00f3\u017c, troch\u0119 ponarzekali\u015bmy i trzeba jecha\u0107 dalej. Na baz\u0119 dotarli\u015bmy p\u00f3\u017any wieczorem. W Borkach zjedli\u015bmy kolacj\u0119 przy ognisku i udali\u015bmy si\u0119 na odpoczynek, bo nast\u0119pnego dnia czeka\u0142 nas d\u0142ugi odcinek drogi do pokonania. Cz\u0119\u015b\u0107 grupy chcia\u0142a przypomnie\u0107 sobie dawne wyjazdy na obozy i postanowi\u0142a noc sp\u0119dzi\u0107 pod namiotami.<\/p>\n<p>Rano ruszamy w dalsz\u0105 drog\u0119. Pierwszy przystanek w Kr\u00f3lowym Mo\u015bcie. Miejscowo\u015bci znanej z filmu \u201eU Pana Boga za piecem\u201d w re\u017cyserii Jacka Bromskiego. Z tego miejsca udajemy si\u0119 w stron\u0119 Bia\u0142egostoku. Trasa wymagaj\u0105ca, wi\u0119kszo\u015b\u0107 pod g\u00f3rk\u0119. W Bia\u0142ymstoku zatrzymujemy si\u0119 przy rezydencji magnackiej z epoki saskiej \u2013 Pa\u0142acu Branickich. Nie tylko sam pa\u0142ac robi\u0142 wra\u017cenie, ale r\u00f3wnie\u017c wszyscy zachwycali si\u0119 pi\u0119knym zadbanym ogrodem.<\/p>\n<p>Jak do tej pory, ku uciesze uczestnik\u00f3w wycieczki prognoza pogody si\u0119 nie sprawdza. Jest bardzo ciep\u0142o i s\u0142onecznie. Nast\u0119pnym miejscem docelowym s\u0105 \u0141apy. Nadal teren pofa\u0142dowany, ale za to cz\u0119\u015b\u0107 trasy to wytyczone \u015bcie\u017cki rowerowe o bardzo dobrej nawierzchni. Podczas jazdy niebo zacz\u0119\u0142o zasnuwa\u0107 si\u0119 ciemnymi chmurami i straszy\u0107 pojedynczymi kroplami deszczu. Jednak udaje si\u0119 nam dojecha\u0107 do \u0141ap \u201ena sucho\u201d. Tam przy\u0142\u0105czyli\u015bmy si\u0119 do mieszka\u0144c\u00f3w, aby wsp\u00f3lnie odda\u0107 cze\u015b\u0107 uczestnikom Powstania Warszawskiego.<\/p>\n<p>Z \u0141ap do Ma\u0142kini zaplanowali\u015bmy przejazd poci\u0105giem. Podczas podr\u00f3\u017cy kolej\u0105 rozpada\u0142o si\u0119 na dobre. Podr\u00f3\u017c poci\u0105giem IC trwa\u0142a oko\u0142o 60 min. i na szcz\u0119\u015bcie deszczowe chmury zosta\u0142y za nami. Z Ma\u0142kini do Sadownego przyjechali\u015bmy ju\u017c po zmroku. Zm\u0119czeni, szcz\u0119\u015bliwi i z g\u0142owami pe\u0142nymi wra\u017ce\u0144 udali\u015bmy si\u0119 do dom\u00f3w. Czy za rok gdzie\u015b pojedziemy? Pewnie tak, chocia\u017c cel jeszcze niesprecyzowany.<\/p>\n<p>Ewa Pi\u00f3rkowska<\/p>\n<p><span style=\"color: #0000ff;\"><a style=\"color: #0000ff;\" href=\"https:\/\/photos.app.goo.gl\/dtgLiD3Fmkp2HRt79\" target=\"_blank\" rel=\"noopener\"><strong>Zdj\u0119cia w galerii Google&gt;&gt;&gt;<\/strong><\/a><\/span><\/p>\n","protected":false},"excerpt":{"rendered":"<p>W weekend 31.07 &#8211; 1.08.2021 r. dwunastoosobowa grupa z Sadownego podr\u00f3\u017cowa\u0142a na jedno\u015bladach po pi\u0119knym Podlasiu.<\/p>\n","protected":false},"author":1,"featured_media":0,"comment_status":"closed","ping_status":"closed","sticky":false,"template":"","format":"standard","meta":{"footnotes":""},"categories":[5,91,6],"tags":[169,907,3613],"class_list":["post-24907","post","type-post","status-publish","format-standard","hentry","category-newsy","category-gminny-osrodek-kultury","category-kultura-rozrywka-edukacja","tag-gminny-osrodek-kultury-w-sadownem","tag-rekreacja-2","tag-wycieczka-rowerowa-na-podlasie"],"views":2785,"_links":{"self":[{"href":"https:\/\/info.sadowne.pl\/index.php?rest_route=\/wp\/v2\/posts\/24907","targetHints":{"allow":["GET"]}}],"collection":[{"href":"https:\/\/info.sadowne.pl\/index.php?rest_route=\/wp\/v2\/posts"}],"about":[{"href":"https:\/\/info.sadowne.pl\/index.php?rest_route=\/wp\/v2\/types\/post"}],"author":[{"embeddable":true,"href":"https:\/\/info.sadowne.pl\/index.php?rest_route=\/wp\/v2\/users\/1"}],"replies":[{"embeddable":true,"href":"https:\/\/info.sadowne.pl\/index.php?rest_route=%2Fwp%2Fv2%2Fcomments&post=24907"}],"version-history":[{"count":1,"href":"https:\/\/info.sadowne.pl\/index.php?rest_route=\/wp\/v2\/posts\/24907\/revisions"}],"predecessor-version":[{"id":24909,"href":"https:\/\/info.sadowne.pl\/index.php?rest_route=\/wp\/v2\/posts\/24907\/revisions\/24909"}],"wp:attachment":[{"href":"https:\/\/info.sadowne.pl\/index.php?rest_route=%2Fwp%2Fv2%2Fmedia&parent=24907"}],"wp:term":[{"taxonomy":"category","embeddable":true,"href":"https:\/\/info.sadowne.pl\/index.php?rest_route=%2Fwp%2Fv2%2Fcategories&post=24907"},{"taxonomy":"post_tag","embeddable":true,"href":"https:\/\/info.sadowne.pl\/index.php?rest_route=%2Fwp%2Fv2%2Ftags&post=24907"}],"curies":[{"name":"wp","href":"https:\/\/api.w.org\/{rel}","templated":true}]}}