{"id":24913,"date":"2021-08-08T16:26:18","date_gmt":"2021-08-08T14:26:18","guid":{"rendered":"http:\/\/info.sadowne.pl\/?p=24913"},"modified":"2021-08-08T16:26:18","modified_gmt":"2021-08-08T14:26:18","slug":"zlot-pojazdow-zabytkowych-w-sadownem","status":"publish","type":"post","link":"https:\/\/info.sadowne.pl\/?p=24913","title":{"rendered":"Zlot pojazd\u00f3w zabytkowych w Sadownem"},"content":{"rendered":"<p><a href=\"http:\/\/info.sadowne.pl\/wp-content\/uploads\/2021\/08\/2021.08.08.1.jpg\" target=\"_blank\" rel=\"noopener\"><img loading=\"lazy\" decoding=\"async\" class=\"alignleft wp-image-24914 size-thumbnail\" src=\"http:\/\/info.sadowne.pl\/wp-content\/uploads\/2021\/08\/2021.08.08.1-180x130.jpg\" alt=\"\" width=\"180\" height=\"130\" \/><\/a><\/p>\n<p><strong>8 sierpnia 2021 roku w Sadownem odby\u0142o si\u0119 VII Retro Moto Show.<\/strong><!--more--><\/p>\n<p>Plac targowy \u201eM\u00f3j Rynek\u201d tu\u017c za ko\u015bcio\u0142em w Sadownem to ju\u017c sta\u0142e miejsce spotka\u0144 uczestnik\u00f3w zlotu zabytkowych pojazd\u00f3w \u201eRetro Moto Show\u201d. Pomys\u0142odawc\u0105 i Organizatorem imprezy jest p. Tomasz Ga\u0142\u0105zka, a patronat nad ni\u0105 ka\u017cdego roku obejmuje W\u00f3jt Gminy Sadowne p. Waldemar Cyran. Wsp\u00f3\u0142organizatorami imprezy s\u0105: Gmina Sadowne i Gminny O\u015brodek Kultury w Sadownem.<\/p>\n<p>Sadowie\u0144skie Retro Moto Show jest coraz bardziej znane, a liczba jego uczestnik\u00f3w z roku na rok zwi\u0119ksza si\u0119 ku uciesze Organizator\u00f3w, kt\u00f3rzy w oficjalnym powitaniu nie pomin\u0119li tego faktu. Po otwarciu Zlotu komisyjnie dokonano oceny pojazd\u00f3w w poszczeg\u00f3lnych jego kategoriach. Odby\u0142 si\u0119 te\u017c konkurs wiedzy motoryzacyjnej dla dzieci, oczywi\u015bcie z nagrodami, kt\u00f3re w imieniu Organizator\u00f3w wr\u0119cza\u0142a p. Ewa Pi\u00f3rkowska z Gminnego O\u015brodka Kultury w Sadownem.<\/p>\n<p>R\u00f3wno o godz. 12.00 pojazdy ruszy\u0142y w korow\u00f3d ulicami Sadownego, a po ich powrocie wr\u0119czono wyr\u00f3\u017cnionym statuetki VII-go Zlotu. Obowi\u0105zki gospodarzy pe\u0142nili: p. Waldemar Cyran i p. Tomasz Ga\u0142\u0105zka.<\/p>\n<p><strong>Statuetkami wyr\u00f3\u017cniono w kategoriach:<\/strong><\/p>\n<p>&#8211; Najstarszy pojazd Zlotu \u2013 Citroen AC4 z 1929 r. \u2013 Daniel Borkowski<\/p>\n<p>&#8211; Auto Zlotu \u2013 Chevrolet Suburban z 1965 r. \u2013 w\u0142. Kamil Posiewka<\/p>\n<p>&#8211; Motocykl Zlotu \u2013 WSK 175 Sport S1 \u2013 w\u0142. Tomasz J\u0119dras<\/p>\n<p>&#8211; Posta\u0107 Zlotu \u2013 Bogdan R\u00f3\u017cycki i samoch\u00f3d Wartburg 353s<\/p>\n<p>&#8211; Kolekcjoner Zlotu \u2013 Jaros\u0142aw G\u00f3ral \u2013 18 pojazd\u00f3w uczestnicz\u0105cych w Zlocie<\/p>\n<p>&#8211; Klasyk Gminy \u2013 motocykl WFM OSA S \u2013 w\u0142. Marek J\u00f3\u017awik<\/p>\n<p>&#8211; Traktor Zlotu \u2013 Traktor WSK Trajka \u2013 w\u0142. Jaros\u0142aw G\u00f3ral<\/p>\n<p><strong>Wyr\u00f3\u017cnienia:<\/strong><\/p>\n<p>&#8211; samoch\u00f3d Polonez 1500 z 1979 r. \u2013 w\u0142. Piotr Sudak<\/p>\n<p>&#8211; samoch\u00f3d Warszawa M-20 z 1958 r. \u2013 w\u0142. Mariusz Kowalski<\/p>\n<p><strong>Organizatorzy dzi\u0119kuj\u0105 wszystkim uczestnikom Zlotu i ju\u017c teraz zapraszaj\u0105 na kolejny, kt\u00f3ry odb\u0119dzie si\u0119 za rok w Sadownem. Szczeg\u00f3lne podzi\u0119kowania kieruj\u0105 te\u017c do druh\u00f3w z OSP Zarzetka, kt\u00f3rzy brali udzia\u0142 w przygotowaniu i zabezpieczeniu tegorocznego Zlotu.<\/strong><\/p>\n<p><span style=\"color: #0000ff;\"><a style=\"color: #0000ff;\" href=\"https:\/\/photos.app.goo.gl\/YxXd6qyerM8EgvDd6\" target=\"_blank\" rel=\"noopener\"><strong>Zdj\u0119cia w Galerii Google&gt;&gt;&gt;<\/strong><\/a><\/span><\/p>\n<p><span style=\"color: #0000ff;\"><a style=\"color: #0000ff;\" href=\"https:\/\/youtu.be\/h22ujQfsaaA\" target=\"_blank\" rel=\"noopener\"><strong>Zobacz film&gt;&gt;&gt;<\/strong><\/a><\/span><\/p>\n<p><strong>Tekst\/foto:<\/strong> S\u0142awek Chyli\u0144ski<\/p>\n","protected":false},"excerpt":{"rendered":"<p>8 sierpnia 2021 roku w Sadownem odby\u0142o si\u0119 VII Retro Moto Show.<\/p>\n","protected":false},"author":1,"featured_media":0,"comment_status":"closed","ping_status":"closed","sticky":false,"template":"","format":"standard","meta":{"footnotes":""},"categories":[5,41],"tags":[1827,169,3398,3598],"class_list":["post-24913","post","type-post","status-publish","format-standard","hentry","category-newsy","category-wiesci-gminne","tag-gmina-sadowne","tag-gminny-osrodek-kultury-w-sadownem","tag-tomasz-galazka","tag-vii-retro-moto-show"],"views":4798,"_links":{"self":[{"href":"https:\/\/info.sadowne.pl\/index.php?rest_route=\/wp\/v2\/posts\/24913","targetHints":{"allow":["GET"]}}],"collection":[{"href":"https:\/\/info.sadowne.pl\/index.php?rest_route=\/wp\/v2\/posts"}],"about":[{"href":"https:\/\/info.sadowne.pl\/index.php?rest_route=\/wp\/v2\/types\/post"}],"author":[{"embeddable":true,"href":"https:\/\/info.sadowne.pl\/index.php?rest_route=\/wp\/v2\/users\/1"}],"replies":[{"embeddable":true,"href":"https:\/\/info.sadowne.pl\/index.php?rest_route=%2Fwp%2Fv2%2Fcomments&post=24913"}],"version-history":[{"count":1,"href":"https:\/\/info.sadowne.pl\/index.php?rest_route=\/wp\/v2\/posts\/24913\/revisions"}],"predecessor-version":[{"id":24915,"href":"https:\/\/info.sadowne.pl\/index.php?rest_route=\/wp\/v2\/posts\/24913\/revisions\/24915"}],"wp:attachment":[{"href":"https:\/\/info.sadowne.pl\/index.php?rest_route=%2Fwp%2Fv2%2Fmedia&parent=24913"}],"wp:term":[{"taxonomy":"category","embeddable":true,"href":"https:\/\/info.sadowne.pl\/index.php?rest_route=%2Fwp%2Fv2%2Fcategories&post=24913"},{"taxonomy":"post_tag","embeddable":true,"href":"https:\/\/info.sadowne.pl\/index.php?rest_route=%2Fwp%2Fv2%2Ftags&post=24913"}],"curies":[{"name":"wp","href":"https:\/\/api.w.org\/{rel}","templated":true}]}}