{"id":24941,"date":"2021-08-12T18:53:57","date_gmt":"2021-08-12T16:53:57","guid":{"rendered":"http:\/\/info.sadowne.pl\/?p=24941"},"modified":"2021-08-12T18:56:10","modified_gmt":"2021-08-12T16:56:10","slug":"odwiedziny-u-sasiadow","status":"publish","type":"post","link":"https:\/\/info.sadowne.pl\/?p=24941","title":{"rendered":"Odwiedziny u s\u0105siad\u00f3w\u2026"},"content":{"rendered":"<p><strong><a href=\"http:\/\/info.sadowne.pl\/wp-content\/uploads\/2021\/08\/2021.08.12.1.jpg\" target=\"_blank\" rel=\"noopener\"><img loading=\"lazy\" decoding=\"async\" class=\"alignleft wp-image-24942 size-thumbnail\" src=\"http:\/\/info.sadowne.pl\/wp-content\/uploads\/2021\/08\/2021.08.12.1-180x130.jpg\" alt=\"\" width=\"180\" height=\"130\" \/><\/a>Sadowie\u0144ski Klub Seniora ponownie zaskakuje pomys\u0142ami, ale \u2013 jak zawsze \u2013 ukierunkowanymi na rekreacj\u0119 i popraw\u0119 zdrowia.<\/strong><!--more--><\/p>\n<p>Tym razem zbie\u017cno\u015b\u0107: 11-tego sierpnia i 11-tu uczestnik\u00f3w wybra\u0142o si\u0119 spod Gminnego O\u015brodka Kultury w Sadownem na rajd rowerowy, kt\u00f3ry przebiega\u0142 przez dwie s\u0105siaduj\u0105ce z nami gminy. Droga jedno\u015blad\u00f3w wiod\u0142a przez sadowie\u0144sk\u0105 stacj\u0119 kolejow\u0105 do Mrozowej Woli, a nast\u0119pnie przez Ksi\u0119\u017cyzn\u0119 i Zagrodniki do Ostr\u00f3wka, gdzie znajduje si\u0119 g\u0142\u00f3wny cel zaplanowanej przez senior\u00f3w podr\u00f3\u017cy &#8211; Cmentarz Masowej Zag\u0142ady Je\u0144c\u00f3w w Ostr\u00f3wku.<\/p>\n<p><a href=\"http:\/\/info.sadowne.pl\/wp-content\/uploads\/2021\/08\/2021.08.12.2.jpg\" target=\"_blank\" rel=\"noopener\"><img loading=\"lazy\" decoding=\"async\" class=\"alignright wp-image-24943 size-medium\" src=\"http:\/\/info.sadowne.pl\/wp-content\/uploads\/2021\/08\/2021.08.12.2-300x217.jpg\" alt=\"\" width=\"300\" height=\"217\" srcset=\"https:\/\/info.sadowne.pl\/wp-content\/uploads\/2021\/08\/2021.08.12.2-300x217.jpg 300w, https:\/\/info.sadowne.pl\/wp-content\/uploads\/2021\/08\/2021.08.12.2-180x130.jpg 180w, https:\/\/info.sadowne.pl\/wp-content\/uploads\/2021\/08\/2021.08.12.2.jpg 740w\" sizes=\"auto, (max-width: 300px) 100vw, 300px\" \/><\/a>Jak podaj\u0105 oficjalne \u017ar\u00f3d\u0142a, w 1941 roku hitlerowcy utworzyli na terenie fabryki w Ostr\u00f3wku ob\u00f3z dla je\u0144c\u00f3w radzieckich. W obozie tym wskutek nieludzkich warunk\u00f3w, bestialskiego traktowania i mordowania zgin\u0119\u0142o 10 tysi\u0119cy je\u0144c\u00f3w. Dzisiaj ofiary i miejsce ich poch\u00f3wku przypominaj\u0105 i wskazuj\u0105 pomniki ku czci pomordowanych z napisami:<\/p>\n<p>&#8222;Cmentarz ofiar masowej zag\u0142ady je\u0144c\u00f3w radzieckich w Ostr\u00f3wku. W 1941 roku hitlerowcy utworzyli na terenie fabryki ob\u00f3z dla je\u0144c\u00f3w radzieckich. W obozie tym wskutek nieludzkich warunk\u00f3w, bestialskiego traktowania i mordowania zgin\u0119\u0142o 10 tysi\u0119cy je\u0144c\u00f3w&#8221;<\/p>\n<p style=\"text-align: center;\">***<\/p>\n<p style=\"text-align: center;\">PAMI\u0118CI 10 TYSI\u0118CY \u017bO\u0141NIERZY<\/p>\n<p style=\"text-align: center;\">ARMII RADZIECKIEJ<\/p>\n<p style=\"text-align: center;\">ZAMORDOWANYCH W BESTIALSKI SPOS\u00d3B<\/p>\n<p style=\"text-align: center;\">W LATACH 1941 \u2013 1942 W OBOZIE JE\u0143C\u00d3W<\/p>\n<p style=\"text-align: center;\">ZBRODNI DOKONALI LUDOB\u00d3JCY HITLEROWSCY<\/p>\n<p><a href=\"http:\/\/info.sadowne.pl\/wp-content\/uploads\/2021\/08\/2021.08.12.3.jpg\" target=\"_blank\" rel=\"noopener\"><img loading=\"lazy\" decoding=\"async\" class=\"aligncenter wp-image-24944 size-medium\" src=\"http:\/\/info.sadowne.pl\/wp-content\/uploads\/2021\/08\/2021.08.12.3-300x231.jpg\" alt=\"\" width=\"300\" height=\"231\" srcset=\"https:\/\/info.sadowne.pl\/wp-content\/uploads\/2021\/08\/2021.08.12.3-300x231.jpg 300w, https:\/\/info.sadowne.pl\/wp-content\/uploads\/2021\/08\/2021.08.12.3-768x590.jpg 768w, https:\/\/info.sadowne.pl\/wp-content\/uploads\/2021\/08\/2021.08.12.3.jpg 799w\" sizes=\"auto, (max-width: 300px) 100vw, 300px\" \/><\/a><\/p>\n<p>No c\u00f3\u017c, po oddaniu ho\u0142du pomordowanym trzeba wr\u00f3ci\u0107 jeszcze do domu. Jak podaj\u0105 seniorzy, warto by\u0142o si\u0119 wybra\u0107 na tak\u0105 przeja\u017cd\u017ck\u0119 \u2013 pogoda dopisa\u0142a, a licz\u0105c\u0105 35 km tras\u0119 rowerzy\u015bci pokonali bez trudu.<\/p>\n<p>Po raz kolejny SKS pokaza\u0142, \u017ce mo\u017cna po\u0142\u0105czy\u0107 rekreacj\u0119, \u0107wiczenia prozdrowotne i wsp\u00f3lne zwiedzanie najbli\u017cszej okolicy, oczywi\u015bcie w doborowym towarzystwie. My\u015bl\u0119, \u017ce obrano tu dobry kierunek nie tylko jazdy, ale te\u017c maj\u0105cy na celu przypomnienie i utrwalenie element\u00f3w historii le\u017c\u0105cej u podstaw naszych ma\u0142ych ojczyzn.<\/p>\n<p>Pami\u0119tajmy: nie liczy si\u0119 tylko obecna polityka, jej opcje czy to, co b\u0119dzie, ale wspomnienie tego, co ju\u017c by\u0142o i ludzi, kt\u00f3rzy \u017cyli i tracili najlepsze, co posiadali &#8211; \u017cycie.<\/p>\n<p><strong>Tekst:<\/strong> S\u0142awek Chyli\u0144ski<\/p>\n<p><strong>Foto:<\/strong> Gra\u017cyna K\u0105dziela<\/p>\n","protected":false},"excerpt":{"rendered":"<p>Sadowie\u0144ski Klub Seniora ponownie zaskakuje pomys\u0142ami, ale \u2013 jak zawsze \u2013 ukierunkowanymi na rekreacj\u0119 i popraw\u0119 zdrowia.<\/p>\n","protected":false},"author":1,"featured_media":0,"comment_status":"closed","ping_status":"closed","sticky":false,"template":"","format":"standard","meta":{"footnotes":""},"categories":[5,91,6],"tags":[3618,1582,709],"class_list":["post-24941","post","type-post","status-publish","format-standard","hentry","category-newsy","category-gminny-osrodek-kultury","category-kultura-rozrywka-edukacja","tag-oboz-jencow-radziecki-w-ostrowku","tag-sadowienski-klub-seniora","tag-wycieczka-rowerowa"],"views":2890,"_links":{"self":[{"href":"https:\/\/info.sadowne.pl\/index.php?rest_route=\/wp\/v2\/posts\/24941","targetHints":{"allow":["GET"]}}],"collection":[{"href":"https:\/\/info.sadowne.pl\/index.php?rest_route=\/wp\/v2\/posts"}],"about":[{"href":"https:\/\/info.sadowne.pl\/index.php?rest_route=\/wp\/v2\/types\/post"}],"author":[{"embeddable":true,"href":"https:\/\/info.sadowne.pl\/index.php?rest_route=\/wp\/v2\/users\/1"}],"replies":[{"embeddable":true,"href":"https:\/\/info.sadowne.pl\/index.php?rest_route=%2Fwp%2Fv2%2Fcomments&post=24941"}],"version-history":[{"count":3,"href":"https:\/\/info.sadowne.pl\/index.php?rest_route=\/wp\/v2\/posts\/24941\/revisions"}],"predecessor-version":[{"id":24947,"href":"https:\/\/info.sadowne.pl\/index.php?rest_route=\/wp\/v2\/posts\/24941\/revisions\/24947"}],"wp:attachment":[{"href":"https:\/\/info.sadowne.pl\/index.php?rest_route=%2Fwp%2Fv2%2Fmedia&parent=24941"}],"wp:term":[{"taxonomy":"category","embeddable":true,"href":"https:\/\/info.sadowne.pl\/index.php?rest_route=%2Fwp%2Fv2%2Fcategories&post=24941"},{"taxonomy":"post_tag","embeddable":true,"href":"https:\/\/info.sadowne.pl\/index.php?rest_route=%2Fwp%2Fv2%2Ftags&post=24941"}],"curies":[{"name":"wp","href":"https:\/\/api.w.org\/{rel}","templated":true}]}}