{"id":24957,"date":"2021-08-15T17:50:25","date_gmt":"2021-08-15T15:50:25","guid":{"rendered":"http:\/\/info.sadowne.pl\/?p=24957"},"modified":"2023-12-07T15:45:13","modified_gmt":"2023-12-07T14:45:13","slug":"dozynki-gminno-parafialne-2021-w-sadownem","status":"publish","type":"post","link":"https:\/\/info.sadowne.pl\/?p=24957","title":{"rendered":"Do\u017cynki Gminno &#8211; Parafialne 2021 w Sadownem"},"content":{"rendered":"<p><strong><a href=\"http:\/\/info.sadowne.pl\/wp-content\/uploads\/2021\/08\/2021.08.15.1.jpg\" target=\"_blank\" rel=\"noopener\"><img loading=\"lazy\" decoding=\"async\" class=\"alignleft wp-image-24958 size-thumbnail\" src=\"http:\/\/info.sadowne.pl\/wp-content\/uploads\/2021\/08\/2021.08.15.1-180x130.jpg\" alt=\"\" width=\"180\" height=\"130\" \/><\/a>15 sierpnia w Sadownem odby\u0142y si\u0119 Do\u017cynki Gminno \u2013 Parafialne. Has\u0142o przewodnie tegorocznych Do\u017cynek to: \u201eModlitwa i praca, zdrowie przywraca\u201d, a ich gospodarzem by\u0142o so\u0142ectwo Morzyczyn W\u0142o\u015bcia\u0144ski.<\/strong><!--more--><\/p>\n<p>15 sierpnia br. przypada r\u00f3wnie\u017c 101. rocznica \u201eCudu nad Wis\u0142\u0105\u201d i \u015awi\u0119to Wojska Polskiego. Z uwagi na to postanowiono tego dnia uczci\u0107 pami\u0119\u0107 \u017co\u0142nierzy Wojska Polskiego poleg\u0142ych w wojnie polsko-bolszewickiej. Przed uroczysto\u015bciami do\u017cynkowymi na sadowie\u0144skim cmentarzu, gdzie znajduje si\u0119 odrestaurowany nagrobek poleg\u0142ego na naszym terenie w 1920 roku nieznanego \u017co\u0142nierza Wojska Polskiego, uczczono pami\u0119\u0107 wszystkich poleg\u0142ych w czasie tej wojny \u017co\u0142nierzy polskich. Na mogile z\u0142o\u017cono wi\u0105zanki kwiat\u00f3w i zapalono symboliczne znicze.<\/p>\n<p>G\u0142\u00f3wne uroczysto\u015bci do\u017cynkowe rozpocz\u0119\u0142y si\u0119 msz\u0105 \u015bw. w miejscowym ko\u015bciele parafialnym, celebrowan\u0105 przez proboszcza ks. Antoniego Kunickiego w intencji rolnik\u00f3w.<\/p>\n<p>Przygotowane przez poszczeg\u00f3lne so\u0142ectwa wie\u0144ce do\u017cynkowe i ich asysty, po powitaniu na \u201eprogu\u201d \u015bwi\u0105tyni przez proboszcza parafii ks. Antoniego Kunickiego, wprowadzili do ko\u015bcio\u0142a Starostowie Do\u017cynek \u2013 Pa\u0144stwo Katarzyna i Mariusz Sk\u0142adankowie z Morzyczyna W\u0142o\u015bcia\u0144skiego. Po mszy \u015bw. i obrz\u0119dach do\u017cynkowych by\u0142a te\u017c chwila na po\u017cegnanie odchodz\u0105cego z naszej Parafii ks. Karola Lipczy\u0144skiego (odchodzi do Parafii \u0141och\u00f3w), a nast\u0119pnie barwny orszak do\u017cynkowy przemaszerowa\u0142 na parking \u201eM\u00f3j Rynek\u201d za ko\u015bcio\u0142em, gdzie dalsz\u0105 cz\u0119\u015b\u0107 uroczysto\u015bci poprowadzi\u0142 Zast\u0119pca W\u00f3jta Gminy Sadowne p. Marcin Gr\u0119da, a do\u017cynkowe obrz\u0119dy i ceremonia\u0142 do\u017cynkowy wykona\u0142 Zesp\u00f3\u0142 \u015apiewaczy \u201eSadowianki\u201d.<\/p>\n<p>Po oficjalnym powitaniu, w kt\u00f3rym r\u00f3wnie\u017c g\u0142os zabrali pose\u0142 na Sejm RP p. Marek Sawicki, Marsza\u0142ek Wojew\u00f3dztwa Mazowieckiego P. El\u017cbieta Lanc i Wicestarosta W\u0119growski p. Marek Renik, Starostowie Do\u017cynek przekazali w\u0142odarzowi Gminy p. Waldemarowi Cyranowi oraz jego ma\u0142\u017conce Katarzynie obrz\u0119dowy chleb, upieczony z tegorocznych zbior\u00f3w zb\u00f3\u017c. Po obrz\u0119dzie dzielenia si\u0119 chlebem, powo\u0142ana przez Organizator\u00f3w Komisja Konkursowa w sk\u0142adzie: ks. Karol Lipczy\u0144ski \u2013 wikariusz parafii Sadowne, p. Ewa Pi\u00f3rkowska \u2013 Dyrektor Gminnego O\u015brodka Kultury w Sadownem, \u00a0p. Agnieszka Nowak \u2013 Dyrektor Gminnej Biblioteki Publicznej w Stoczku, p. Ma\u0142gorzata Koro\u015b \u2013 Dyrektor Szko\u0142y Podstawowej w Sadownem i p. Marcin Gr\u0119da \u2013 Zast\u0119pca W\u00f3jta Gminy Sadowne, oceni\u0142a wie\u0144ce do\u017cynkowe uczestnicz\u0105ce w konkursie pn. \u201eNaj\u0142adniejszy Wieniec Do\u017cynkowy\u201d.<\/p>\n<p><strong>W tym roku do konkursu zg\u0142oszono 13 wie\u0144c\u00f3w, a za naj\u0142adniejsze nagrodzono so\u0142ectwa: \u00a0<\/strong><\/p>\n<p><strong>I miejsce \u2013 Grabiny <\/strong><\/p>\n<p><strong>II miejsce \u2013 Morzyczyn W\u0142\u00f3ki <\/strong><\/p>\n<p><strong>III miejsce \u2013 Oci\u0119te<\/strong><\/p>\n<p><strong>Wyr\u00f3\u017cnienia: pozostali uczestnicy konkursu. <\/strong><\/p>\n<p>Przedstawiciele laureat\u00f3w Konkursu odebrali puchary, dyplomy i nagrody pieni\u0119\u017cne z r\u0105k Proboszcza Parafii ks. Antoniego Kunickiego i W\u00f3jta Gminy Sadowne p. Waldemara Cyrana oraz cz\u0142onk\u00f3w Komisji Konkursowej.<\/p>\n<p><strong>Nast\u0119pnie nagrodzono laureat\u00f3w konkursu na \u201eNajpi\u0119kniejszy ogr\u00f3d Gminy Sadowne 2021\u201d. Oto jego wyniki:<\/strong><\/p>\n<p><strong>I miejsce \u2013 p. El\u017cbieta Kowalczyk z Sojk\u00f3wka<\/strong><\/p>\n<p><strong>II miejsce \u2013 pp. Dorota i Marek Szczechura z Sadownego<\/strong><\/p>\n<p><strong>III miejsce \u2013 p. El\u017cbieta Kujawa z Grabin<\/strong><\/p>\n<p><strong>Wyr\u00f3\u017cnienia otrzymali \u2013 p. Anna Skarpetowska z Oci\u0119tego i p. Ma\u0142gorzata Rowicka z Sadownego, a dyplom za udzia\u0142 w konkursie p. Zuzanna Zas\u0119pa.<\/strong><\/p>\n<p>Nagrody wr\u0119czyli Organizatorzy Konkursu oraz jego sponsorzy: za miejsca I-III \u2013 PSB Mr\u00f3wka Sadowne i za wyr\u00f3\u017cnienia \u2013 Sklep Ogrodniczy AGAWA z Sadownego oraz za udzia\u0142 &#8211; Gminny O\u015brodek Kultury w Sadownem.<\/p>\n<p>Rozstrzygni\u0119to te\u017c konkursy zorganizowane w czasie Do\u017cynek przez Plac\u00f3wk\u0119 Terenow\u0105 Kasy Rolniczego Ubezpieczenia Spo\u0142ecznego w W\u0119growie &#8211; nagrody laureatom konkurs\u00f3w wr\u0119czyli: p. Adam Kowalczyk \u2013 Kierownik PT oraz jego pracownicy.<\/p>\n<p>Na zako\u0144czenie wyst\u0105pi\u0142 Kabaret Wiejski EWG czyli Eksportowy Wytw\u00f3r Gminny z Po\u0142udniowej Wielkopolski.<\/p>\n<p>W trakcie uroczysto\u015bci do\u017cynkowych spotkanie u\u015bwietnia\u0142 wyst\u0119pem Zesp\u00f3\u0142 \u015apiewaczy \u201eSadowianki\u201d, a obecni mieli mo\u017cliwo\u015b\u0107 skorzystania z pocz\u0119stunku przygotowanego w namiotach przez poszczeg\u00f3lne so\u0142ectwa i Gminny O\u015brodek Kultury w Sadownem. Natomiast dla najm\u0142odszych otworzy\u0142 swoje wrota \u201edmuchany plac zabaw\u201d. W jednym z przygotowanych namiot\u00f3w funkcjonowa\u0142 tak\u017ce Mobilny Punkt Szczepie\u0144 dla doros\u0142ych &#8211; jak ustalili\u015bmy, w ci\u0105gu pierwszych trzech godzin funkcjonowania Punktu, szczepionk\u0105 Pfizer zaszczepi\u0142o si\u0119 prawie 50 os\u00f3b.<\/p>\n<p>I tylko przypomnienie: tegoroczne uroczysto\u015bci do\u017cynkowe przygotowa\u0142 Urz\u0105d Gminy w Sadownem, Parafia p.w. \u015bw. Jana Chrzciciela w Sadownem i Gminny O\u015brodek Kultury w Sadownem. Brawo! Obejrzyjmy fotorelacj\u0119 z tej uroczysto\u015bci\u2026<\/p>\n<p><span style=\"color: #0000ff;\"><a style=\"color: #0000ff;\" href=\"https:\/\/photos.app.goo.gl\/vLQzMVSi4jS7r9zg9\" target=\"_blank\" rel=\"noopener\"><strong>Zdj\u0119cia w galerii Google&gt;&gt;&gt;<\/strong><\/a><\/span><\/p>\n<p><strong>Tekst\/foto:<\/strong>\u00a0S\u0142awek Chyli\u0144ski<\/p>\n","protected":false},"excerpt":{"rendered":"<p>15 sierpnia w Sadownem odby\u0142y si\u0119 Do\u017cynki Gminno \u2013 Parafialne. Has\u0142o przewodnie tegorocznych Do\u017cynek to: \u201eModlitwa i praca, zdrowie przywraca\u201d, a ich gospodarzem by\u0142o so\u0142ectwo Morzyczyn W\u0142o\u015bcia\u0144ski.<\/p>\n","protected":false},"author":1,"featured_media":0,"comment_status":"closed","ping_status":"closed","sticky":false,"template":"","format":"standard","meta":{"footnotes":""},"categories":[5,4062,41],"tags":[3622,1827,169,274],"class_list":["post-24957","post","type-post","status-publish","format-standard","hentry","category-newsy","category-kola-gospodyn-wiejskich","category-wiesci-gminne","tag-dozynki-gminno-parafialne-2021-w-sadownem","tag-gmina-sadowne","tag-gminny-osrodek-kultury-w-sadownem","tag-parafia-sadowne"],"views":4866,"_links":{"self":[{"href":"https:\/\/info.sadowne.pl\/index.php?rest_route=\/wp\/v2\/posts\/24957","targetHints":{"allow":["GET"]}}],"collection":[{"href":"https:\/\/info.sadowne.pl\/index.php?rest_route=\/wp\/v2\/posts"}],"about":[{"href":"https:\/\/info.sadowne.pl\/index.php?rest_route=\/wp\/v2\/types\/post"}],"author":[{"embeddable":true,"href":"https:\/\/info.sadowne.pl\/index.php?rest_route=\/wp\/v2\/users\/1"}],"replies":[{"embeddable":true,"href":"https:\/\/info.sadowne.pl\/index.php?rest_route=%2Fwp%2Fv2%2Fcomments&post=24957"}],"version-history":[{"count":1,"href":"https:\/\/info.sadowne.pl\/index.php?rest_route=\/wp\/v2\/posts\/24957\/revisions"}],"predecessor-version":[{"id":24959,"href":"https:\/\/info.sadowne.pl\/index.php?rest_route=\/wp\/v2\/posts\/24957\/revisions\/24959"}],"wp:attachment":[{"href":"https:\/\/info.sadowne.pl\/index.php?rest_route=%2Fwp%2Fv2%2Fmedia&parent=24957"}],"wp:term":[{"taxonomy":"category","embeddable":true,"href":"https:\/\/info.sadowne.pl\/index.php?rest_route=%2Fwp%2Fv2%2Fcategories&post=24957"},{"taxonomy":"post_tag","embeddable":true,"href":"https:\/\/info.sadowne.pl\/index.php?rest_route=%2Fwp%2Fv2%2Ftags&post=24957"}],"curies":[{"name":"wp","href":"https:\/\/api.w.org\/{rel}","templated":true}]}}