{"id":24979,"date":"2021-08-26T11:09:35","date_gmt":"2021-08-26T09:09:35","guid":{"rendered":"http:\/\/info.sadowne.pl\/?p=24979"},"modified":"2021-08-26T11:09:35","modified_gmt":"2021-08-26T09:09:35","slug":"kanal","status":"publish","type":"post","link":"https:\/\/info.sadowne.pl\/?p=24979","title":{"rendered":"KANA\u0141"},"content":{"rendered":"<p><strong><a href=\"http:\/\/info.sadowne.pl\/wp-content\/uploads\/2021\/08\/Brok54.jpg\" target=\"_blank\" rel=\"noopener\"><img loading=\"lazy\" decoding=\"async\" class=\"alignleft wp-image-24980 size-thumbnail\" src=\"http:\/\/info.sadowne.pl\/wp-content\/uploads\/2021\/08\/Brok54-180x130.jpg\" alt=\"\" width=\"180\" height=\"130\" \/><\/a>\u017byjemy nad rzek\u0105, kt\u00f3ra w zamierzch\u0142ych czasach by\u0142a jedn\u0105 z g\u0142\u00f3wnych arterii komunikacyjnych Europy, wi\u0119c nie dziwota, \u017ce wci\u0105\u017c napomykam o Bugu w swych opowie\u015bciach. <\/strong><!--more--><\/p>\n<p>Pod wysokim brokowskim brzegiem przep\u0142ywali staro\u017cytni kupcy, bywali tu jednak tak\u017ce go\u015bcie mniej mile widziani, bo i ruscy wojowie wraz ze swymi wiki\u0144skimi najemnikami ch\u0119tnie korzystali z tej trasy, by dosta\u0107 si\u0119 do serca ziem piastowskich. Ka\u017cdy p\u0142ywa\u0142, jak i czym chcia\u0142, bo \u017cegluga by\u0142a ca\u0142kowicie wolna. Z rzek korzystali tak\u017ce w\u0142a\u015bciciele wodnych m\u0142yn\u00f3w, tartak\u00f3w, foluszy i hodowcy ryb. Przegradzali rzeki, rzeczki i strumienie i pi\u0119trzyli wod\u0119 pod\u0142ug w\u0142asnych potrzeb, innym utrudniaj\u0105c \u017ceglug\u0119. Mno\u017cyli si\u0119 te\u017c sobiepankowie, kt\u00f3rzy prawem kaduka stawiali przeszkody na rzekach, \u017c\u0105daj\u0105c od przep\u0142ywaj\u0105cych op\u0142acenia myta.<\/p>\n<p><strong>Wi\u0119cej na stronie <span style=\"color: #0000ff;\"><a style=\"color: #0000ff;\" href=\"http:\/\/madzelan.cba.pl\/kanal\/\" target=\"_blank\" rel=\"noopener\">http:\/\/madzelan.cba.pl\/kanal\/<\/a><\/span><\/strong><\/p>\n","protected":false},"excerpt":{"rendered":"<p>\u017byjemy nad rzek\u0105, kt\u00f3ra w zamierzch\u0142ych czasach by\u0142a jedn\u0105 z g\u0142\u00f3wnych arterii komunikacyjnych Europy, wi\u0119c nie dziwota, \u017ce wci\u0105\u017c napomykam o Bugu w swych opowie\u015bciach.<\/p>\n","protected":false},"author":1,"featured_media":0,"comment_status":"closed","ping_status":"closed","sticky":false,"template":"","format":"standard","meta":{"footnotes":""},"categories":[5,3436,31],"tags":[101,3004,2956],"class_list":["post-24979","post","type-post","status-publish","format-standard","hentry","category-newsy","category-opowiesci-historie-legendy-brokowskie-i-nie-tylko","category-historia-gminy","tag-historia-gminy-sadowne","tag-jerzy-madzelan","tag-opowiesci-historie-legendy-brokowskie-i-nie-tylko"],"views":2497,"_links":{"self":[{"href":"https:\/\/info.sadowne.pl\/index.php?rest_route=\/wp\/v2\/posts\/24979","targetHints":{"allow":["GET"]}}],"collection":[{"href":"https:\/\/info.sadowne.pl\/index.php?rest_route=\/wp\/v2\/posts"}],"about":[{"href":"https:\/\/info.sadowne.pl\/index.php?rest_route=\/wp\/v2\/types\/post"}],"author":[{"embeddable":true,"href":"https:\/\/info.sadowne.pl\/index.php?rest_route=\/wp\/v2\/users\/1"}],"replies":[{"embeddable":true,"href":"https:\/\/info.sadowne.pl\/index.php?rest_route=%2Fwp%2Fv2%2Fcomments&post=24979"}],"version-history":[{"count":1,"href":"https:\/\/info.sadowne.pl\/index.php?rest_route=\/wp\/v2\/posts\/24979\/revisions"}],"predecessor-version":[{"id":24981,"href":"https:\/\/info.sadowne.pl\/index.php?rest_route=\/wp\/v2\/posts\/24979\/revisions\/24981"}],"wp:attachment":[{"href":"https:\/\/info.sadowne.pl\/index.php?rest_route=%2Fwp%2Fv2%2Fmedia&parent=24979"}],"wp:term":[{"taxonomy":"category","embeddable":true,"href":"https:\/\/info.sadowne.pl\/index.php?rest_route=%2Fwp%2Fv2%2Fcategories&post=24979"},{"taxonomy":"post_tag","embeddable":true,"href":"https:\/\/info.sadowne.pl\/index.php?rest_route=%2Fwp%2Fv2%2Ftags&post=24979"}],"curies":[{"name":"wp","href":"https:\/\/api.w.org\/{rel}","templated":true}]}}