{"id":25019,"date":"2021-09-02T11:45:06","date_gmt":"2021-09-02T09:45:06","guid":{"rendered":"http:\/\/info.sadowne.pl\/?p=25019"},"modified":"2021-09-02T11:45:06","modified_gmt":"2021-09-02T09:45:06","slug":"listy-ignacego-malkinskiego-zamieszczone-przed-ponad-100-laty-w-tygodniku-zorza","status":"publish","type":"post","link":"https:\/\/info.sadowne.pl\/?p=25019","title":{"rendered":"Listy Ignacego Ma\u0142ki\u0144skiego zamieszczone przed ponad 100 laty w tygodniku \u201eZorza\u201d"},"content":{"rendered":"<p><strong><a href=\"http:\/\/info.sadowne.pl\/wp-content\/uploads\/2021\/09\/Brok55.jpg\" target=\"_blank\" rel=\"noopener\"><img loading=\"lazy\" decoding=\"async\" class=\"alignleft wp-image-25020 size-thumbnail\" src=\"http:\/\/info.sadowne.pl\/wp-content\/uploads\/2021\/09\/Brok55-180x130.jpg\" alt=\"\" width=\"180\" height=\"130\" \/><\/a>W maju tego roku opublikowali\u015bmy list Marcina Ma\u0142ki\u0144skiego do tygodnia \u201eZorza\u201d. Pan Marcin obiecywa\u0142, \u017ce nade\u015ble do redakcji listy kolejne, ale list\u00f3w tych na \u0142amach rzeczonego tygodnika nie odnale\u017ali\u015bmy. <\/strong><!--more--><\/p>\n<p>Nie znamy przyczyny tej epistolarnej absencji. By\u0107 mo\u017ce brokowski korespondent nie mia\u0142 czasu si\u0119gn\u0105\u0107 po pi\u00f3ro, a mo\u017ce si\u0119gn\u0105\u0142, lecz redakcja uzna\u0142a dzie\u0142o naszego ziomka za niewystarczaj\u0105co interesuj\u0105ce dla og\u00f3\u0142u czytelnik\u00f3w. R\u00f3d Ma\u0142ki\u0144skich musia\u0142 jednak obfitowa\u0107 w ludzi \u017cywo zainteresowanych \u017cyciem miasteczka, a przy tym bieg\u0142ych w pi\u015bmie, skoro w tym samym tygodniku odnajdujemy listy kolejnego reprezentanta tego zacnego rodu, a mianowicie pana Ignacego.<\/p>\n<p><strong>Wi\u0119cej na stronie <span style=\"color: #0000ff;\"><a style=\"color: #0000ff;\" href=\"http:\/\/madzelan.cba.pl\/listy-ignacego-malkinskiego-zamieszczone-przed-ponad-100-laty-w-tygodniku-zorza\/\" target=\"_blank\" rel=\"noopener\">http:\/\/madzelan.cba.pl\/listy-ignacego-malkinskiego-zamieszczone-przed-ponad-100-laty-w-tygodniku-zorza\/<\/a><\/span><\/strong><\/p>\n","protected":false},"excerpt":{"rendered":"<p>W maju tego roku opublikowali\u015bmy list Marcina Ma\u0142ki\u0144skiego do tygodnia \u201eZorza\u201d. Pan Marcin obiecywa\u0142, \u017ce nade\u015ble do redakcji listy kolejne, ale list\u00f3w tych na \u0142amach rzeczonego tygodnika nie odnale\u017ali\u015bmy.<\/p>\n","protected":false},"author":1,"featured_media":0,"comment_status":"closed","ping_status":"closed","sticky":false,"template":"","format":"standard","meta":{"footnotes":""},"categories":[5,3436,31],"tags":[101,3004,2956],"class_list":["post-25019","post","type-post","status-publish","format-standard","hentry","category-newsy","category-opowiesci-historie-legendy-brokowskie-i-nie-tylko","category-historia-gminy","tag-historia-gminy-sadowne","tag-jerzy-madzelan","tag-opowiesci-historie-legendy-brokowskie-i-nie-tylko"],"views":2612,"_links":{"self":[{"href":"https:\/\/info.sadowne.pl\/index.php?rest_route=\/wp\/v2\/posts\/25019","targetHints":{"allow":["GET"]}}],"collection":[{"href":"https:\/\/info.sadowne.pl\/index.php?rest_route=\/wp\/v2\/posts"}],"about":[{"href":"https:\/\/info.sadowne.pl\/index.php?rest_route=\/wp\/v2\/types\/post"}],"author":[{"embeddable":true,"href":"https:\/\/info.sadowne.pl\/index.php?rest_route=\/wp\/v2\/users\/1"}],"replies":[{"embeddable":true,"href":"https:\/\/info.sadowne.pl\/index.php?rest_route=%2Fwp%2Fv2%2Fcomments&post=25019"}],"version-history":[{"count":1,"href":"https:\/\/info.sadowne.pl\/index.php?rest_route=\/wp\/v2\/posts\/25019\/revisions"}],"predecessor-version":[{"id":25021,"href":"https:\/\/info.sadowne.pl\/index.php?rest_route=\/wp\/v2\/posts\/25019\/revisions\/25021"}],"wp:attachment":[{"href":"https:\/\/info.sadowne.pl\/index.php?rest_route=%2Fwp%2Fv2%2Fmedia&parent=25019"}],"wp:term":[{"taxonomy":"category","embeddable":true,"href":"https:\/\/info.sadowne.pl\/index.php?rest_route=%2Fwp%2Fv2%2Fcategories&post=25019"},{"taxonomy":"post_tag","embeddable":true,"href":"https:\/\/info.sadowne.pl\/index.php?rest_route=%2Fwp%2Fv2%2Ftags&post=25019"}],"curies":[{"name":"wp","href":"https:\/\/api.w.org\/{rel}","templated":true}]}}