{"id":25034,"date":"2021-09-12T21:30:29","date_gmt":"2021-09-12T19:30:29","guid":{"rendered":"http:\/\/info.sadowne.pl\/?p=25034"},"modified":"2021-09-12T21:30:29","modified_gmt":"2021-09-12T19:30:29","slug":"swieto-chleba-2021","status":"publish","type":"post","link":"https:\/\/info.sadowne.pl\/?p=25034","title":{"rendered":"\u015awi\u0119to Chleba 2021"},"content":{"rendered":"<p><a href=\"http:\/\/info.sadowne.pl\/wp-content\/uploads\/2021\/09\/2021.09.12.1.jpg\" target=\"_blank\" rel=\"noopener\"><img loading=\"lazy\" decoding=\"async\" class=\"alignleft wp-image-25035 size-thumbnail\" src=\"http:\/\/info.sadowne.pl\/wp-content\/uploads\/2021\/09\/2021.09.12.1-180x130.jpg\" alt=\"\" width=\"180\" height=\"130\" \/><\/a><\/p>\n<p><strong>W niedziel\u0119 12 wrze\u015bnia odby\u0142o si\u0119 Mazowieckie \u015awi\u0119to Chleba i Sera w W\u0119growie.<\/strong><!--more--><\/p>\n<p><a href=\"http:\/\/info.sadowne.pl\/wp-content\/uploads\/2021\/09\/2021.09.09.1.jpg\" target=\"_blank\" rel=\"noopener\"><img loading=\"lazy\" decoding=\"async\" class=\"alignright wp-image-25026 size-medium\" src=\"http:\/\/info.sadowne.pl\/wp-content\/uploads\/2021\/09\/2021.09.09.1-212x300.jpg\" alt=\"\" width=\"212\" height=\"300\" srcset=\"https:\/\/info.sadowne.pl\/wp-content\/uploads\/2021\/09\/2021.09.09.1-212x300.jpg 212w, https:\/\/info.sadowne.pl\/wp-content\/uploads\/2021\/09\/2021.09.09.1.jpg 602w\" sizes=\"auto, (max-width: 212px) 100vw, 212px\" \/><\/a>Impreza przebieg\u0142a zgodnie z przygotowanym harmonogramem. Zapraszam do obejrzenia kilku uj\u0119\u0107 z tej cyklicznej imprezy.<\/p>\n<p><span style=\"color: #0000ff;\"><a style=\"color: #0000ff;\" href=\"https:\/\/photos.app.goo.gl\/xPS3gm38iCXUqbxM8\" target=\"_blank\" rel=\"noopener\"><strong>Zdj\u0119cia w galerii Google&gt;&gt;&gt;<\/strong><\/a><\/span><\/p>\n<p><strong>Tekst\/foto:<\/strong> S\u0142awek Chyli\u0144ski<\/p>\n","protected":false},"excerpt":{"rendered":"<p>W niedziel\u0119 12 wrze\u015bnia odby\u0142o si\u0119 Mazowieckie \u015awi\u0119to Chleba i Sera w W\u0119growie.<\/p>\n","protected":false},"author":1,"featured_media":0,"comment_status":"closed","ping_status":"closed","sticky":false,"template":"","format":"standard","meta":{"footnotes":""},"categories":[5,1,2495],"tags":[3629,68],"class_list":["post-25034","post","type-post","status-publish","format-standard","hentry","category-newsy","category-inne","category-nasi-sasiedzi","tag-mazowieckie-swieto-chleba-i-sera-2021","tag-wegrow"],"views":2209,"_links":{"self":[{"href":"https:\/\/info.sadowne.pl\/index.php?rest_route=\/wp\/v2\/posts\/25034","targetHints":{"allow":["GET"]}}],"collection":[{"href":"https:\/\/info.sadowne.pl\/index.php?rest_route=\/wp\/v2\/posts"}],"about":[{"href":"https:\/\/info.sadowne.pl\/index.php?rest_route=\/wp\/v2\/types\/post"}],"author":[{"embeddable":true,"href":"https:\/\/info.sadowne.pl\/index.php?rest_route=\/wp\/v2\/users\/1"}],"replies":[{"embeddable":true,"href":"https:\/\/info.sadowne.pl\/index.php?rest_route=%2Fwp%2Fv2%2Fcomments&post=25034"}],"version-history":[{"count":1,"href":"https:\/\/info.sadowne.pl\/index.php?rest_route=\/wp\/v2\/posts\/25034\/revisions"}],"predecessor-version":[{"id":25036,"href":"https:\/\/info.sadowne.pl\/index.php?rest_route=\/wp\/v2\/posts\/25034\/revisions\/25036"}],"wp:attachment":[{"href":"https:\/\/info.sadowne.pl\/index.php?rest_route=%2Fwp%2Fv2%2Fmedia&parent=25034"}],"wp:term":[{"taxonomy":"category","embeddable":true,"href":"https:\/\/info.sadowne.pl\/index.php?rest_route=%2Fwp%2Fv2%2Fcategories&post=25034"},{"taxonomy":"post_tag","embeddable":true,"href":"https:\/\/info.sadowne.pl\/index.php?rest_route=%2Fwp%2Fv2%2Ftags&post=25034"}],"curies":[{"name":"wp","href":"https:\/\/api.w.org\/{rel}","templated":true}]}}