{"id":25066,"date":"2021-09-22T21:04:05","date_gmt":"2021-09-22T19:04:05","guid":{"rendered":"http:\/\/info.sadowne.pl\/?p=25066"},"modified":"2021-09-22T21:04:05","modified_gmt":"2021-09-22T19:04:05","slug":"dzien-przedszkolaka","status":"publish","type":"post","link":"https:\/\/info.sadowne.pl\/?p=25066","title":{"rendered":"Dzie\u0144 Przedszkolaka"},"content":{"rendered":"<p><strong><a href=\"http:\/\/info.sadowne.pl\/wp-content\/uploads\/2021\/09\/2021.09.22.2.jpg\" target=\"_blank\" rel=\"noopener\"><img loading=\"lazy\" decoding=\"async\" class=\"alignleft wp-image-25067 size-thumbnail\" src=\"http:\/\/info.sadowne.pl\/wp-content\/uploads\/2021\/09\/2021.09.22.2-180x130.jpg\" alt=\"\" width=\"180\" height=\"130\" \/><\/a>Co roku w ca\u0142ej Polsce 20 wrze\u015bnia przedszkolaki \u015bwi\u0119tuj\u0105 sw\u00f3j dzie\u0144 &#8211; Og\u00f3lnopolski Dzie\u0144 Przedszkolaka. W sadowie\u0144skim Przedszkolu te\u017c \u015bwi\u0119towano.<\/strong><!--more--><\/p>\n<p>\u015awi\u0119to to zosta\u0142o ustanowione, by podkre\u015bli\u0107 wag\u0119 edukacji przedszkolnej w rozwoju i edukacji dzieci i ma przyczyni\u0107 si\u0119 do popularyzacji wychowania przedszkolnego.\u00a0Nasze przedszkolaki r\u00f3wnie\u017c obchodzi\u0142y Dzie\u0144 Przedszkolaka.\u00a0\u015awi\u0119towanie rozpocz\u0119li\u015bmy od od\u015bpiewania hymnu przedszkolaka.\u00a0\u015awi\u0119towali\u015bmy bawi\u0105c si\u0119 wsp\u00f3lnie i bior\u0105c udzia\u0142 w zabawach integracyjnych.\u00a0Rado\u015b\u0107 i \u015bmiech uczestnik\u00f3w \u015bwiadczy\u0142y o wspania\u0142ej zabawie.<\/p>\n<p>Id\u0105c za s\u0142owami Janusza Korczaka \u201eKiedy \u015bmieje si\u0119 dziecko, \u015bmieje si\u0119 ca\u0142y \u015bwiat\u201d, \u017cyczymy wszystkim dzieciom aby u\u015bmiech go\u015bci\u0142 na ich twarzach ka\u017cdego dnia, nie tylko od \u015bwi\u0119ta.<\/p>\n<p><strong>Zdj\u0119cia na stronie <span style=\"color: #0000ff;\"><a style=\"color: #0000ff;\" href=\"https:\/\/psadowne.szkolnastrona.pl\/art,462,dzien-przedszkolaka\" target=\"_blank\" rel=\"noopener\">https:\/\/psadowne.szkolnastrona.pl\/art,462,dzien-przedszkolaka<\/a><\/span><\/strong><\/p>\n<p>&nbsp;<\/p>\n","protected":false},"excerpt":{"rendered":"<p>Co roku w ca\u0142ej Polsce 20 wrze\u015bnia przedszkolaki \u015bwi\u0119tuj\u0105 sw\u00f3j dzie\u0144 &#8211; Og\u00f3lnopolski Dzie\u0144 Przedszkolaka. W sadowie\u0144skim Przedszkolu te\u017c \u015bwi\u0119towano.<\/p>\n","protected":false},"author":1,"featured_media":0,"comment_status":"closed","ping_status":"closed","sticky":false,"template":"","format":"standard","meta":{"footnotes":""},"categories":[5,1752,561],"tags":[3420,2286],"class_list":["post-25066","post","type-post","status-publish","format-standard","hentry","category-newsy","category-edukacja","category-przedszkole-w-sadownem","tag-ogolnopolski-dzien-przedszkolaka","tag-przedszkole-w-sadownem"],"views":2007,"_links":{"self":[{"href":"https:\/\/info.sadowne.pl\/index.php?rest_route=\/wp\/v2\/posts\/25066","targetHints":{"allow":["GET"]}}],"collection":[{"href":"https:\/\/info.sadowne.pl\/index.php?rest_route=\/wp\/v2\/posts"}],"about":[{"href":"https:\/\/info.sadowne.pl\/index.php?rest_route=\/wp\/v2\/types\/post"}],"author":[{"embeddable":true,"href":"https:\/\/info.sadowne.pl\/index.php?rest_route=\/wp\/v2\/users\/1"}],"replies":[{"embeddable":true,"href":"https:\/\/info.sadowne.pl\/index.php?rest_route=%2Fwp%2Fv2%2Fcomments&post=25066"}],"version-history":[{"count":1,"href":"https:\/\/info.sadowne.pl\/index.php?rest_route=\/wp\/v2\/posts\/25066\/revisions"}],"predecessor-version":[{"id":25068,"href":"https:\/\/info.sadowne.pl\/index.php?rest_route=\/wp\/v2\/posts\/25066\/revisions\/25068"}],"wp:attachment":[{"href":"https:\/\/info.sadowne.pl\/index.php?rest_route=%2Fwp%2Fv2%2Fmedia&parent=25066"}],"wp:term":[{"taxonomy":"category","embeddable":true,"href":"https:\/\/info.sadowne.pl\/index.php?rest_route=%2Fwp%2Fv2%2Fcategories&post=25066"},{"taxonomy":"post_tag","embeddable":true,"href":"https:\/\/info.sadowne.pl\/index.php?rest_route=%2Fwp%2Fv2%2Ftags&post=25066"}],"curies":[{"name":"wp","href":"https:\/\/api.w.org\/{rel}","templated":true}]}}