{"id":25070,"date":"2021-09-23T15:53:50","date_gmt":"2021-09-23T13:53:50","guid":{"rendered":"http:\/\/info.sadowne.pl\/?p=25070"},"modified":"2021-09-23T15:53:50","modified_gmt":"2021-09-23T13:53:50","slug":"krol-przyszly-i-krol-niedoszly-w-broku","status":"publish","type":"post","link":"https:\/\/info.sadowne.pl\/?p=25070","title":{"rendered":"KR\u00d3L PRZYSZ\u0141Y I KR\u00d3L NIEDOSZ\u0141Y W BROKU"},"content":{"rendered":"<p><strong><a href=\"http:\/\/info.sadowne.pl\/wp-content\/uploads\/2021\/09\/Brok57.jpg\" target=\"_blank\" rel=\"noopener\"><img loading=\"lazy\" decoding=\"async\" class=\"alignleft wp-image-25071 size-thumbnail\" src=\"http:\/\/info.sadowne.pl\/wp-content\/uploads\/2021\/09\/Brok57-180x130.jpg\" alt=\"\" width=\"180\" height=\"130\" \/><\/a>Wilcy wyli na zgliszczach dawnych miast i kwitn\u0105ce niegdy\u015b kraje by\u0142y jakby wielki grobowiec. Nienawi\u015b\u0107 wros\u0142a w serca i zatru\u0142a krew pobratymcz\u0105.<\/strong><!--more--><\/p>\n<p>Ostatnie dwa zdania powie\u015bci\u00a0<em>Ogniem i mieczem<\/em>\u00a0oddaj\u0105 prawd\u0119 historyczn\u0105. Pod\u0142ug najostro\u017cniejszych szacunk\u00f3w, wojny z po\u0142owy XVII w. wp\u0119dzi\u0142y do grobu jedn\u0105 trzeci\u0105 ludno\u015bci Rzeczypospolitej, ale s\u0105 i tacy, co wywodz\u0105, \u017ce by\u0142a to a\u017c po\u0142owa. Nasi przodkowie zdo\u0142ali jednak wykrzesa\u0107 z siebie si\u0142 jeszcze dosy\u0107, by ju\u017c kilka lat po wyp\u0119dzeniu Szwed\u00f3w rozp\u0119ta\u0107 w kraju wojn\u0119 domow\u0105 \u2013 a walczono nie na \u017carty. W bitwie pod M\u0105twami krew la\u0142a si\u0119 strumieniami, a parolu sobie nie dawano.<\/p>\n<p>Kraj by\u0142 zbola\u0142y, zniszczony, skarb pusty, pieni\u0105dz popsuty, rynki miast pozarasta\u0142y zielskiem, ocala\u0142e \u015bwi\u0105tynie pe\u0142ne by\u0142y b\u0142ota i \u0142ajna, a tylko bestie dzikie mia\u0142y u\u017cywanie, rozszarpuj\u0105c niepochowane zw\u0142oki. A \u017ce kraj s\u0142aby przyjaci\u00f3\u0142 nie ma, to pa\u0144stwa s\u0105siednie chytrze patrzy\u0142y, jak na tragedii Rzeczypospolitej zbi\u0107 fortun\u0119 i swe terytoria powi\u0119kszy\u0107. Jednym s\u0142owem \u2013 sta\u0142a ojczyzna na skraju przepa\u015bci.<\/p>\n<p><strong>Wi\u0119cej na stronie <span style=\"color: #0000ff;\"><a style=\"color: #0000ff;\" href=\"http:\/\/madzelan.cba.pl\/krol-przyszly-i-krol-niedoszly-w-broku\/\" target=\"_blank\" rel=\"noopener\">http:\/\/madzelan.cba.pl\/krol-przyszly-i-krol-niedoszly-w-broku\/<\/a><\/span><\/strong><\/p>\n","protected":false},"excerpt":{"rendered":"<p>Wilcy wyli na zgliszczach dawnych miast i kwitn\u0105ce niegdy\u015b kraje by\u0142y jakby wielki grobowiec. Nienawi\u015b\u0107 wros\u0142a w serca i zatru\u0142a krew pobratymcz\u0105.<\/p>\n","protected":false},"author":1,"featured_media":0,"comment_status":"closed","ping_status":"closed","sticky":false,"template":"","format":"standard","meta":{"footnotes":""},"categories":[5,3436,31],"tags":[101,3004,2956],"class_list":["post-25070","post","type-post","status-publish","format-standard","hentry","category-newsy","category-opowiesci-historie-legendy-brokowskie-i-nie-tylko","category-historia-gminy","tag-historia-gminy-sadowne","tag-jerzy-madzelan","tag-opowiesci-historie-legendy-brokowskie-i-nie-tylko"],"views":1897,"_links":{"self":[{"href":"https:\/\/info.sadowne.pl\/index.php?rest_route=\/wp\/v2\/posts\/25070","targetHints":{"allow":["GET"]}}],"collection":[{"href":"https:\/\/info.sadowne.pl\/index.php?rest_route=\/wp\/v2\/posts"}],"about":[{"href":"https:\/\/info.sadowne.pl\/index.php?rest_route=\/wp\/v2\/types\/post"}],"author":[{"embeddable":true,"href":"https:\/\/info.sadowne.pl\/index.php?rest_route=\/wp\/v2\/users\/1"}],"replies":[{"embeddable":true,"href":"https:\/\/info.sadowne.pl\/index.php?rest_route=%2Fwp%2Fv2%2Fcomments&post=25070"}],"version-history":[{"count":1,"href":"https:\/\/info.sadowne.pl\/index.php?rest_route=\/wp\/v2\/posts\/25070\/revisions"}],"predecessor-version":[{"id":25072,"href":"https:\/\/info.sadowne.pl\/index.php?rest_route=\/wp\/v2\/posts\/25070\/revisions\/25072"}],"wp:attachment":[{"href":"https:\/\/info.sadowne.pl\/index.php?rest_route=%2Fwp%2Fv2%2Fmedia&parent=25070"}],"wp:term":[{"taxonomy":"category","embeddable":true,"href":"https:\/\/info.sadowne.pl\/index.php?rest_route=%2Fwp%2Fv2%2Fcategories&post=25070"},{"taxonomy":"post_tag","embeddable":true,"href":"https:\/\/info.sadowne.pl\/index.php?rest_route=%2Fwp%2Fv2%2Ftags&post=25070"}],"curies":[{"name":"wp","href":"https:\/\/api.w.org\/{rel}","templated":true}]}}