{"id":25080,"date":"2021-09-25T20:21:31","date_gmt":"2021-09-25T18:21:31","guid":{"rendered":"http:\/\/info.sadowne.pl\/?p=25080"},"modified":"2023-12-07T15:44:38","modified_gmt":"2023-12-07T14:44:38","slug":"na-pierwszym-miejscu-ziemniaki-zapiekane","status":"publish","type":"post","link":"https:\/\/info.sadowne.pl\/?p=25080","title":{"rendered":"Na pierwszym miejscu ziemniaki zapiekane!"},"content":{"rendered":"<p><strong><a href=\"http:\/\/info.sadowne.pl\/wp-content\/uploads\/2021\/09\/2021.09.25.1.jpg\" target=\"_blank\" rel=\"noopener\"><img loading=\"lazy\" decoding=\"async\" class=\"alignleft wp-image-25078 size-thumbnail\" src=\"http:\/\/info.sadowne.pl\/wp-content\/uploads\/2021\/09\/2021.09.25.1-180x130.jpg\" alt=\"\" width=\"180\" height=\"130\" \/><\/a>Ju\u017c po raz trzeci w Krupi\u0144skiem zorganizowano \u015awi\u0119to Pieczonego Ziemniaka. W konkursie na potraw\u0119 z ziemniaka zwyci\u0119\u017cy\u0142a p. Monika Jedynak za ziemniaki zapiekane.<\/strong><!--more--><\/p>\n<p>25 wrze\u015bnia po raz kolejny przy wydmach w Krupi\u0144skiem odby\u0142o si\u0119 \u015awi\u0119to Pieczonego Ziemniaka, kt\u00f3rego organizatorem by\u0142o Ko\u0142o Gospody\u0144 Wiejskich \u201eZ\u0142ota R\u00f3\u017ca\u201d w Krupi\u0144skiem, a sponsorami: Market Budowlany Mr\u00f3wka Sadowne i Gospodarstwo Agroturystyczne \u201ePrzy lesie\u201d Pa\u0144stwa Iwony i Piotra Olkowskich z Oci\u0119tego. Sponsorami nagr\u00f3d w konkursach dla dzieci by\u0142o Gospodarstwo Agroturystyczne \u201ePrzy lesie\u201d oraz Ko\u0142o Gospody\u0144 Wiejskich \u201eZ\u0142ota R\u00f3\u017ca\u201d.<\/p>\n<p>W programie imprezy znalaz\u0142y si\u0119 konkursy i zabawy dla dzieci oraz wsp\u00f3lne pieczenie ziemniak\u00f3w w ognisku oraz pocz\u0119stunek przygotowany przez mieszka\u0144c\u00f3w Krupi\u0144skiego pod kierunkiem p. So\u0142tys Barbary Laski, kt\u00f3ra r\u00f3wnie\u017c prowadzi\u0142a ca\u0142\u0105 imprez\u0119.<\/p>\n<p>Jednak g\u0142\u00f3wnym punktem tego uroczystego spotkania by\u0142 konkurs na najsmaczniejsz\u0105 potraw\u0119 z ziemniaka. Pod ocen\u0119 Komisji Konkursowej, w kt\u00f3rej sk\u0142ad wchodzili pp.: Ewa Pi\u00f3rkowska, Iwona Olkowska, Danuta Chyli\u0144ska i Jaros\u0142aw Ufnal, trafi\u0142y potrawy przygotowanego przez uczestnik\u00f3w konkursu. Ostateczna ich ocena i klasyfikacja przedstawia si\u0119 nast\u0119puj\u0105co:<\/p>\n<p>&#8211; I miejsce \u2013 p. Monika Jedynak za ziemniaki zapiekane,<\/p>\n<p>&#8211; II miejsce \u2013 p. Barbara Zawadzka za kotlety ziemniaczane z mi\u0119sem mielonym,<\/p>\n<p>&#8211; III miejsce \u2013 p. Daniela Gawro\u0144ska za kiszk\u0119 ziemniaczan\u0105 pieczon\u0105,<\/p>\n<p>Wyr\u00f3\u017cnienia: p. Magdalena Zawadzka za zup\u0119 &#8211; krem ziemniaczany z grzankami czosnkowo \u2013 zio\u0142owymi i fet\u0105 oraz p. Anna Wro\u0144ska za rolad\u0119 ziemniaczan\u0105 z sosem borowikowym.<\/p>\n<p>Nagrody w tym konkursie (r\u00f3wnie\u017c t\u0105 specjaln\u0105 za I-sze miejsce) oraz dla dzieci wr\u0119czyli przedstawiciele Organizatora, Komisji Konkursowej i Sponsor\u00f3w.<\/p>\n<p>Dzi\u0119kujemy cz\u0142onkom Ko\u0142a Gospody\u0144 Wiejskich \u201eZ\u0142ota R\u00f3\u017ca\u201d w Krupi\u0144skiem i mieszka\u0144com Krupi\u0144skiego za zorganizowanie tej wspania\u0142ej imprezy i ciep\u0142e przyj\u0119cie przyby\u0142ych go\u015bci. Szczeg\u00f3lne podzi\u0119kowania dla p. So\u0142tys Barbary Laski, pod kt\u00f3rej okiem powsta\u0142o i dzia\u0142o si\u0119 to wszystko, a tak\u017ce podzi\u0119kowania dla p. Paw\u0142a Laski, kt\u00f3ry zadba\u0142 o opraw\u0119 muzyczn\u0105 i w\u0142a\u015bciwy dob\u00f3r repertuaru, przy kt\u00f3rym \u015bwietnie wszyscy si\u0119 bawili.<\/p>\n<p>Wszystkie potrawy by\u0142y bardzo smaczne, co potwierdzamy. Ich wysokie walory kulinarne potwierdzi\u0142 r\u00f3wnie\u017c Zast\u0119pca W\u00f3jta Gminy Sadowne p. Marcin Gr\u0119da, kt\u00f3ry nie m\u00f3g\u0142 opu\u015bci\u0107 takiej imprezy i degustacji potraw z ziemniaka.<\/p>\n<p>I to wszystko, do zobaczenia za rok na kolejnym \u015awi\u0119cie Pieczonego Ziemniaka w Krupi\u0144skiem.<\/p>\n<p><span style=\"color: #0000ff;\"><a style=\"color: #0000ff;\" href=\"https:\/\/photos.app.goo.gl\/Noohiyy4GfjGgpmu5\"><strong>Zdj\u0119cia w galerii Google&gt;&gt;&gt;<\/strong><\/a><\/span><\/p>\n<p><strong>Tekst\/foto:<\/strong> S\u0142awek Chyli\u0144ski<\/p>\n","protected":false},"excerpt":{"rendered":"<p>Ju\u017c po raz trzeci w Krupi\u0144skiem zorganizowano \u015awi\u0119to Pieczonego Ziemniaka. W konkursie na potraw\u0119 z ziemniaka zwyci\u0119\u017cy\u0142a p. Monika Jedynak za ziemniaki zapiekane.<\/p>\n","protected":false},"author":1,"featured_media":0,"comment_status":"closed","ping_status":"closed","sticky":false,"template":"","format":"standard","meta":{"footnotes":""},"categories":[5,4062,41],"tags":[3639,2910],"class_list":["post-25080","post","type-post","status-publish","format-standard","hentry","category-newsy","category-kola-gospodyn-wiejskich","category-wiesci-gminne","tag-kolo-gospodyn-wiejskich-zlota-roza-w-krupinskiem","tag-swieto-pieczonego-ziemniaka-w-krupinskiem"],"views":2805,"_links":{"self":[{"href":"https:\/\/info.sadowne.pl\/index.php?rest_route=\/wp\/v2\/posts\/25080","targetHints":{"allow":["GET"]}}],"collection":[{"href":"https:\/\/info.sadowne.pl\/index.php?rest_route=\/wp\/v2\/posts"}],"about":[{"href":"https:\/\/info.sadowne.pl\/index.php?rest_route=\/wp\/v2\/types\/post"}],"author":[{"embeddable":true,"href":"https:\/\/info.sadowne.pl\/index.php?rest_route=\/wp\/v2\/users\/1"}],"replies":[{"embeddable":true,"href":"https:\/\/info.sadowne.pl\/index.php?rest_route=%2Fwp%2Fv2%2Fcomments&post=25080"}],"version-history":[{"count":1,"href":"https:\/\/info.sadowne.pl\/index.php?rest_route=\/wp\/v2\/posts\/25080\/revisions"}],"predecessor-version":[{"id":25081,"href":"https:\/\/info.sadowne.pl\/index.php?rest_route=\/wp\/v2\/posts\/25080\/revisions\/25081"}],"wp:attachment":[{"href":"https:\/\/info.sadowne.pl\/index.php?rest_route=%2Fwp%2Fv2%2Fmedia&parent=25080"}],"wp:term":[{"taxonomy":"category","embeddable":true,"href":"https:\/\/info.sadowne.pl\/index.php?rest_route=%2Fwp%2Fv2%2Fcategories&post=25080"},{"taxonomy":"post_tag","embeddable":true,"href":"https:\/\/info.sadowne.pl\/index.php?rest_route=%2Fwp%2Fv2%2Ftags&post=25080"}],"curies":[{"name":"wp","href":"https:\/\/api.w.org\/{rel}","templated":true}]}}