{"id":25082,"date":"2021-09-27T20:11:03","date_gmt":"2021-09-27T18:11:03","guid":{"rendered":"http:\/\/info.sadowne.pl\/?p=25082"},"modified":"2021-09-27T20:28:29","modified_gmt":"2021-09-27T18:28:29","slug":"kronika-strazacka","status":"publish","type":"post","link":"https:\/\/info.sadowne.pl\/?p=25082","title":{"rendered":"Kronika stra\u017cacka 20 &#8211; 26 wrze\u015bnia 2021"},"content":{"rendered":"<p><strong><a href=\"http:\/\/info.sadowne.pl\/wp-content\/uploads\/2013\/07\/straz3.jpg\"><img loading=\"lazy\" decoding=\"async\" class=\"alignleft size-thumbnail wp-image-2625\" src=\"http:\/\/info.sadowne.pl\/wp-content\/uploads\/2013\/07\/straz3-180x130.jpg\" alt=\"\" width=\"180\" height=\"130\" \/><\/a>W<\/strong><strong> okresie<\/strong><strong> 20 &#8211; 26.09.2021 na<\/strong><strong> terenie<\/strong><strong> powiatu<\/strong><strong> w\u0119growskiego<\/strong><strong> zanotowano: <\/strong><strong>17 zdarze\u0144,<\/strong><strong> przy<\/strong><strong> kt\u00f3rych<\/strong><strong> interweniowa\u0142y<\/strong><strong> jednostki<\/strong><strong> ochrony<\/strong><strong> przeciwpo\u017carowej, w tym:<\/strong><strong> 1 po\u017car, 16 miejscowych zagro\u017ce\u0144.<\/strong><!--more--><\/p>\n<p><strong>20.09.2021 \u2013 Sadowne \u2013 wybuch akumulatora.<\/strong><\/p>\n<p>W samochodzie ci\u0119\u017carowym znajduj\u0105cym si\u0119 na parkingu za stacj\u0105 benzynow\u0105 wybuch\u0142 akumulator. Brak po\u017caru i zagro\u017cenia. Z informacji uzyskanych od kierowcy wynika\u0142o, \u017ce podczas jazdy zacz\u0119\u0142y mruga\u0107 kontrolki i kierowca zjecha\u0142 na najbli\u017cszy parking i w tym momencie nast\u0105pi\u0142 wybuch akumulatora. Dzia\u0142ania zast\u0119pu OSP Sadowne polega\u0142y na zabezpieczeniu miejsca, odczepieniu ci\u0105gnika siod\u0142owego od naczepy i odci\u0105gni\u0119ciu go na bezpieczn\u0105 odleg\u0142o\u015b\u0107, od\u0142\u0105czeniu akumulator\u00f3w i usuni\u0119ciu uszkodzonego akumulatora z samochodu ci\u0119\u017carowego na bezpieczn\u0105 odleg\u0142o\u015b\u0107. Przy pomocy sorbentu zebrano powsta\u0142y wyciek i zabezpieczono przed ewentualnym zwarciem instalacji elektrycznej.<\/p>\n<p><strong>21.09.2021 \u2013 Trzebucza, gm. Gr\u0119bk\u00f3w \u2013 wypadek drogowy.<\/strong><\/p>\n<p>Dosz\u0142o do zdarzenia drogowego, w wyniku kt\u00f3rego samoch\u00f3d osobowy zjecha\u0142 na przeciwleg\u0142y pas drogi a nast\u0119pnie uderzy\u0142 w drzewo. Samochodem podr\u00f3\u017cowa\u0142a jedna osoba, kt\u00f3ra opu\u015bci\u0142a pojazd przed przybyciem stra\u017cy po\u017carnej. Dzia\u0142ania zast\u0119pu OSP Gr\u0119bk\u00f3w polega\u0142y na zabezpieczeniu miejsca zdarzenia (od\u0142\u0105czenie akumulatora, ustawienie pojazd\u00f3w) oraz udzieleniu kwalifikowanej pomocy przedmedycznej. Na miejsce zdarzenia przyby\u0142a Policja oraz OSP Le\u015bnog\u00f3ra i zast\u0119p JRG, kt\u00f3rego dow\u00f3dca przej\u0105\u0142 kierowanie dzia\u0142aniami ratowniczymi. Po przybyciu na miejsce zdarzenia ZRM przekazano poszkodowan\u0105 osob\u0119.<\/p>\n<p><strong>21.09.2021 \u2013 W\u0119gr\u00f3w, droga DW 696 \u2013 plama oleju.<\/strong><\/p>\n<p>Na miejsce zadysponowano zast\u0119p JRG PSP oraz OSP W\u0119gr\u00f3w. Po przybyciu na miejsce zast\u0119p\u00f3w stwierdzono, \u017ce na d\u0142ugo\u015bci oko\u0142o 70m na jednym pasie jezdni DW 696 znajduje si\u0119 plama oleju silnikowego, kt\u00f3ry wyciek\u0142 z uszkodzonego pojazdu. Z uwagi na ewentualn\u0105 mo\u017cliwo\u015b\u0107 wpadni\u0119cia w po\u015blizg pojazd\u00f3w na tym odcinku drogi &#8211; podj\u0119to dzia\u0142ania w celu usuni\u0119cia zagro\u017cenia. Po zwi\u0105zaniu oleju sorbentem zebrano zanieczyszczenia a nast\u0119pnie spryskano jezdni\u0119 preparatem i zmyto pr\u0105dem wody. Na tym dzia\u0142ania zako\u0144czono, zast\u0119py powr\u00f3ci\u0142y do koszar.<\/p>\n<p><strong>26.09.2021 \u2013 Wrotn\u00f3w, gm. Miedzna \u2013 wypadek drogowy.<\/strong><\/p>\n<p>Dosz\u0142o do zdarzenia drogowego z udzia\u0142em samochodu osobowego i motocykla (za Wrotnowem w stron\u0119 Miedzny w lesie na zakr\u0119cie). Pojazdy znajdowa\u0142y si\u0119 na drodze, jedna osoba wymaga\u0142a pomocy medycznej (kieruj\u0105cy motocyklem &#8211; uraz lewej nogi, obtarcia). Na miejscu by\u0142a Policja. Dzia\u0142ania zast\u0119pu OSP polega\u0142y na zabezpieczeniu miejsca zdarzenia oraz udzieleniu poszkodowanemu kpp. W mi\u0119dzyczasie dojecha\u0142 zast\u0119p OSP Wrotn\u00f3w i JRG PSP W\u0119gr\u00f3w. Dalsze dzia\u0142ania stra\u017cy po\u017carnej polega\u0142y na zabezpieczaniu miejsca zdarzenia i pomocy Policji w kierowaniu ruchem drogowym. Po odje\u017adzie z miejsca zdarzenia ZRM (z poszkodowanym do szpitala), zast\u0119p JRG przekaza\u0142 miejsce zdarzenia Policji i wr\u00f3ci\u0142 do bazy. Na miejscu pozosta\u0142 OSP Wrotn\u00f3w na pro\u015bb\u0119 Policji w celu pomocy w zabezpieczeniu ruchu drogowego.<\/p>\n<p><strong>KP PSP W\u0119gr\u00f3w<\/strong><\/p>\n","protected":false},"excerpt":{"rendered":"<p>W okresie 20 &#8211; 26.09.2021 na terenie powiatu w\u0119growskiego zanotowano: 17 zdarze\u0144, przy kt\u00f3rych interweniowa\u0142y jednostki ochrony przeciwpo\u017carowej, w tym: 1 po\u017car, 16 miejscowych zagro\u017ce\u0144.<\/p>\n","protected":false},"author":1,"featured_media":0,"comment_status":"closed","ping_status":"closed","sticky":false,"template":"","format":"standard","meta":{"footnotes":""},"categories":[5,4,267],"tags":[491,643],"class_list":["post-25082","post","type-post","status-publish","format-standard","hentry","category-newsy","category-policja-straz-pozarna-pogotowie-ratunkowe","category-straz-pozarna-policja-straz-pozarna-pogotowie-ratunkowe","tag-komenda-powiatowa-panstwowej-strazy-pozarnej-w-wegrowie","tag-kronika-strazacka"],"views":2069,"_links":{"self":[{"href":"https:\/\/info.sadowne.pl\/index.php?rest_route=\/wp\/v2\/posts\/25082","targetHints":{"allow":["GET"]}}],"collection":[{"href":"https:\/\/info.sadowne.pl\/index.php?rest_route=\/wp\/v2\/posts"}],"about":[{"href":"https:\/\/info.sadowne.pl\/index.php?rest_route=\/wp\/v2\/types\/post"}],"author":[{"embeddable":true,"href":"https:\/\/info.sadowne.pl\/index.php?rest_route=\/wp\/v2\/users\/1"}],"replies":[{"embeddable":true,"href":"https:\/\/info.sadowne.pl\/index.php?rest_route=%2Fwp%2Fv2%2Fcomments&post=25082"}],"version-history":[{"count":3,"href":"https:\/\/info.sadowne.pl\/index.php?rest_route=\/wp\/v2\/posts\/25082\/revisions"}],"predecessor-version":[{"id":25088,"href":"https:\/\/info.sadowne.pl\/index.php?rest_route=\/wp\/v2\/posts\/25082\/revisions\/25088"}],"wp:attachment":[{"href":"https:\/\/info.sadowne.pl\/index.php?rest_route=%2Fwp%2Fv2%2Fmedia&parent=25082"}],"wp:term":[{"taxonomy":"category","embeddable":true,"href":"https:\/\/info.sadowne.pl\/index.php?rest_route=%2Fwp%2Fv2%2Fcategories&post=25082"},{"taxonomy":"post_tag","embeddable":true,"href":"https:\/\/info.sadowne.pl\/index.php?rest_route=%2Fwp%2Fv2%2Ftags&post=25082"}],"curies":[{"name":"wp","href":"https:\/\/api.w.org\/{rel}","templated":true}]}}