{"id":25093,"date":"2021-10-04T17:19:42","date_gmt":"2021-10-04T15:19:42","guid":{"rendered":"http:\/\/info.sadowne.pl\/?p=25093"},"modified":"2021-10-04T17:19:42","modified_gmt":"2021-10-04T15:19:42","slug":"kronika-strazacka-27-09-03-10-2021","status":"publish","type":"post","link":"https:\/\/info.sadowne.pl\/?p=25093","title":{"rendered":"Kronika stra\u017cacka 27.09 \u2013 03.10.2021"},"content":{"rendered":"<p><strong><a href=\"http:\/\/info.sadowne.pl\/wp-content\/uploads\/2013\/07\/straz3.jpg\"><img loading=\"lazy\" decoding=\"async\" class=\"alignleft size-thumbnail wp-image-2625\" src=\"http:\/\/info.sadowne.pl\/wp-content\/uploads\/2013\/07\/straz3-180x130.jpg\" alt=\"\" width=\"180\" height=\"130\" \/><\/a>W<\/strong><strong> okresie<\/strong><strong> od<\/strong><strong> 27.09 &#8211; 03.10.2021 na<\/strong><strong> terenie<\/strong><strong> powiatu<\/strong><strong> w\u0119growskiego<\/strong><strong> zanotowano: <\/strong><strong>14 zdarze\u0144,<\/strong><strong> przy<\/strong><strong> kt\u00f3rych<\/strong><strong> interweniowa\u0142y<\/strong><strong> jednostki<\/strong><strong> ochrony<\/strong><strong> przeciwpo\u017carowej, w tym:<\/strong><strong> 4 po\u017cary, 10 miejscowych zagro\u017ce\u0144.<\/strong><!--more--><\/p>\n<p><strong>29.09.2021 \u2013 Sok\u00f3\u0142ka \u2013 po\u017car traw i krzak\u00f3w.<\/strong><\/p>\n<p>W godzinach po\u0142udniowych mia\u0142 miejsce po\u017car traw i krzak\u00f3w, kt\u00f3ry w wyniku silnego wiatru gwa\u0142townie si\u0119 rozprzestrzenia\u0142 i zagra\u017ca\u0142 pobliskiemu kompleksowi le\u015bnemu. Na miejscu po\u017car gasi\u0142o 8 zast\u0119p\u00f3w PSP i OSP. Spaleniu uleg\u0142o ok 1,6 ha traw i krzak\u00f3w.<\/p>\n<p><strong>01.10.2021 \u2013 W\u0119gr\u00f3w \u2013 po\u017car w gara\u017cu.<\/strong><\/p>\n<p>Stra\u017c po\u017carna otrzyma\u0142a informacj\u0119 o po\u017carze w gara\u017cu. Przed przybyciem stra\u017cy w\u0142a\u015bciciel skutecznie ograniczy\u0142 rozprzestrzenianie si\u0119 ognia u\u017cywaj\u0105c ga\u015bnic proszkowych. Przyby\u0142e na miejsce zast\u0119py PSP ugasi\u0142y po\u017car. W dzia\u0142aniach udzia\u0142 bra\u0142o 2 zast\u0119py PSP.<\/p>\n<p><strong>03.10.2021 \u2013 Zieleniec &#8211; po\u017car trawy i krzak\u00f3w.<\/strong><\/p>\n<p>W godzinach popo\u0142udniowych pi\u0119\u0107 zast\u0119p\u00f3w PSP i OSP gasi\u0142o po\u017car traw i krzak\u00f3w na powierzchni ok. 0.3 ha. Bezpo\u015brednio zagro\u017cony by\u0142 las sosnowy.<\/p>\n<p><strong>KP PSP W\u0119gr\u00f3w<\/strong><\/p>\n","protected":false},"excerpt":{"rendered":"<p>W okresie od 27.09 &#8211; 03.10.2021 na terenie powiatu w\u0119growskiego zanotowano: 14 zdarze\u0144, przy kt\u00f3rych interweniowa\u0142y jednostki ochrony przeciwpo\u017carowej, w tym: 4 po\u017cary, 10 miejscowych zagro\u017ce\u0144.<\/p>\n","protected":false},"author":1,"featured_media":0,"comment_status":"closed","ping_status":"closed","sticky":false,"template":"","format":"standard","meta":{"footnotes":""},"categories":[5,4,267],"tags":[491,643],"class_list":["post-25093","post","type-post","status-publish","format-standard","hentry","category-newsy","category-policja-straz-pozarna-pogotowie-ratunkowe","category-straz-pozarna-policja-straz-pozarna-pogotowie-ratunkowe","tag-komenda-powiatowa-panstwowej-strazy-pozarnej-w-wegrowie","tag-kronika-strazacka"],"views":2305,"_links":{"self":[{"href":"https:\/\/info.sadowne.pl\/index.php?rest_route=\/wp\/v2\/posts\/25093","targetHints":{"allow":["GET"]}}],"collection":[{"href":"https:\/\/info.sadowne.pl\/index.php?rest_route=\/wp\/v2\/posts"}],"about":[{"href":"https:\/\/info.sadowne.pl\/index.php?rest_route=\/wp\/v2\/types\/post"}],"author":[{"embeddable":true,"href":"https:\/\/info.sadowne.pl\/index.php?rest_route=\/wp\/v2\/users\/1"}],"replies":[{"embeddable":true,"href":"https:\/\/info.sadowne.pl\/index.php?rest_route=%2Fwp%2Fv2%2Fcomments&post=25093"}],"version-history":[{"count":1,"href":"https:\/\/info.sadowne.pl\/index.php?rest_route=\/wp\/v2\/posts\/25093\/revisions"}],"predecessor-version":[{"id":25094,"href":"https:\/\/info.sadowne.pl\/index.php?rest_route=\/wp\/v2\/posts\/25093\/revisions\/25094"}],"wp:attachment":[{"href":"https:\/\/info.sadowne.pl\/index.php?rest_route=%2Fwp%2Fv2%2Fmedia&parent=25093"}],"wp:term":[{"taxonomy":"category","embeddable":true,"href":"https:\/\/info.sadowne.pl\/index.php?rest_route=%2Fwp%2Fv2%2Fcategories&post=25093"},{"taxonomy":"post_tag","embeddable":true,"href":"https:\/\/info.sadowne.pl\/index.php?rest_route=%2Fwp%2Fv2%2Ftags&post=25093"}],"curies":[{"name":"wp","href":"https:\/\/api.w.org\/{rel}","templated":true}]}}