{"id":25095,"date":"2021-10-04T17:30:46","date_gmt":"2021-10-04T15:30:46","guid":{"rendered":"http:\/\/info.sadowne.pl\/?p=25095"},"modified":"2021-10-04T17:32:23","modified_gmt":"2021-10-04T15:32:23","slug":"las","status":"publish","type":"post","link":"https:\/\/info.sadowne.pl\/?p=25095","title":{"rendered":"Las&#8230;"},"content":{"rendered":"<p><a href=\"http:\/\/info.sadowne.pl\/wp-content\/uploads\/2021\/10\/2021.10.04.1.jpg\" target=\"_blank\" rel=\"noopener\"><img loading=\"lazy\" decoding=\"async\" class=\"alignleft wp-image-25096 size-thumbnail\" src=\"http:\/\/info.sadowne.pl\/wp-content\/uploads\/2021\/10\/2021.10.04.1-180x130.jpg\" alt=\"\" width=\"180\" height=\"130\" \/><\/a><strong>Prezentujemy kilka wierszy o tematyce le\u015bnej, kt\u00f3rych autorem jest p. Wies\u0142aw Maliszewski.<\/strong><!--more--><\/p>\n<p style=\"text-align: center;\">***<\/p>\n<p style=\"text-align: center;\">***<\/p>\n<p style=\"text-align: center;\">***<\/p>\n<p style=\"text-align: center;\"><strong>Czym jest las<\/strong><\/p>\n<p style=\"text-align: center;\"><strong>***\u00a0<\/strong><\/p>\n<p style=\"text-align: center;\">Las jest przystani\u0105 nocy,<\/p>\n<p style=\"text-align: center;\">p\u0142ochych zwierz\u0105t,<\/p>\n<p style=\"text-align: center;\">mojego snu.<\/p>\n<p style=\"text-align: center;\">***<\/p>\n<p style=\"text-align: center;\">Las jest \u015bci\u00f3\u0142k\u0105<\/p>\n<p style=\"text-align: center;\">rozkojarzonych umys\u0142\u00f3w,<\/p>\n<p style=\"text-align: center;\">dotykiem opuszk\u00f3w spokoju.<\/p>\n<p style=\"text-align: center;\">***<\/p>\n<p style=\"text-align: center;\">Las jest dzieckiem,<\/p>\n<p style=\"text-align: center;\">kt\u00f3remu kradnie si\u0119 bezmy\u015blnie<\/p>\n<p style=\"text-align: center;\">najpi\u0119kniejsze cnoty.<\/p>\n<p style=\"text-align: center;\">***<\/p>\n<p><strong>Wies\u0142aw Maliszewski<\/strong><\/p>\n<p><a href=\"http:\/\/info.sadowne.pl\/wp-content\/uploads\/2021\/10\/2021.10.04.2.jpg\" target=\"_blank\" rel=\"noopener\"><img loading=\"lazy\" decoding=\"async\" class=\"aligncenter wp-image-25097 size-medium\" src=\"http:\/\/info.sadowne.pl\/wp-content\/uploads\/2021\/10\/2021.10.04.2-300x225.jpg\" alt=\"\" width=\"300\" height=\"225\" srcset=\"https:\/\/info.sadowne.pl\/wp-content\/uploads\/2021\/10\/2021.10.04.2-300x225.jpg 300w, https:\/\/info.sadowne.pl\/wp-content\/uploads\/2021\/10\/2021.10.04.2.jpg 766w\" sizes=\"auto, (max-width: 300px) 100vw, 300px\" \/><\/a><\/p>\n","protected":false},"excerpt":{"rendered":"<p>Prezentujemy kilka wierszy o tematyce le\u015bnej, kt\u00f3rych autorem jest p. Wies\u0142aw Maliszewski.<\/p>\n","protected":false},"author":1,"featured_media":0,"comment_status":"closed","ping_status":"closed","sticky":false,"template":"","format":"standard","meta":{"footnotes":""},"categories":[5,48,6,108],"tags":[3640,49,51],"class_list":["post-25095","post","type-post","status-publish","format-standard","hentry","category-newsy","category-kacik-literacki","category-kultura-rozrywka-edukacja","category-okienko-poetyckie","tag-wiersz-pt-czym-jest-las","tag-wiersze","tag-wieslaw-maliszewski"],"views":2219,"_links":{"self":[{"href":"https:\/\/info.sadowne.pl\/index.php?rest_route=\/wp\/v2\/posts\/25095","targetHints":{"allow":["GET"]}}],"collection":[{"href":"https:\/\/info.sadowne.pl\/index.php?rest_route=\/wp\/v2\/posts"}],"about":[{"href":"https:\/\/info.sadowne.pl\/index.php?rest_route=\/wp\/v2\/types\/post"}],"author":[{"embeddable":true,"href":"https:\/\/info.sadowne.pl\/index.php?rest_route=\/wp\/v2\/users\/1"}],"replies":[{"embeddable":true,"href":"https:\/\/info.sadowne.pl\/index.php?rest_route=%2Fwp%2Fv2%2Fcomments&post=25095"}],"version-history":[{"count":2,"href":"https:\/\/info.sadowne.pl\/index.php?rest_route=\/wp\/v2\/posts\/25095\/revisions"}],"predecessor-version":[{"id":25100,"href":"https:\/\/info.sadowne.pl\/index.php?rest_route=\/wp\/v2\/posts\/25095\/revisions\/25100"}],"wp:attachment":[{"href":"https:\/\/info.sadowne.pl\/index.php?rest_route=%2Fwp%2Fv2%2Fmedia&parent=25095"}],"wp:term":[{"taxonomy":"category","embeddable":true,"href":"https:\/\/info.sadowne.pl\/index.php?rest_route=%2Fwp%2Fv2%2Fcategories&post=25095"},{"taxonomy":"post_tag","embeddable":true,"href":"https:\/\/info.sadowne.pl\/index.php?rest_route=%2Fwp%2Fv2%2Ftags&post=25095"}],"curies":[{"name":"wp","href":"https:\/\/api.w.org\/{rel}","templated":true}]}}