{"id":25103,"date":"2021-10-08T17:34:44","date_gmt":"2021-10-08T15:34:44","guid":{"rendered":"http:\/\/info.sadowne.pl\/?p=25103"},"modified":"2021-10-08T17:34:44","modified_gmt":"2021-10-08T15:34:44","slug":"jesienne-barwy-dnia-patrona","status":"publish","type":"post","link":"https:\/\/info.sadowne.pl\/?p=25103","title":{"rendered":"Jesienne barwy Dnia Patrona"},"content":{"rendered":"<p><strong><a href=\"http:\/\/info.sadowne.pl\/wp-content\/uploads\/2021\/10\/2021.10.08.1.jpg\" target=\"_blank\" rel=\"noopener\"><img loading=\"lazy\" decoding=\"async\" class=\"alignleft wp-image-25104 size-thumbnail\" src=\"http:\/\/info.sadowne.pl\/wp-content\/uploads\/2021\/10\/2021.10.08.1-180x130.jpg\" alt=\"\" width=\"180\" height=\"130\" \/><\/a>Ju\u017c po raz dziesi\u0105ty (wliczaj\u0105c czas funkcjonowania gimnazjum), ale drugi w Szkole Podstawowej w Sadownem im. b\u0142. ks. Edwarda Grzyma\u0142y obchodzili\u015bmy Dzie\u0144 Patrona. W tym roku w nowej formule. <\/strong><!--more--><\/p>\n<p>W dniu urodzin ks. Edwarda, 29 wrze\u015bnia, rozpocz\u0119li\u015bmy uroczysto\u015b\u0107 z\u0142o\u017ceniem kwiat\u00f3w przed \u015acian\u0105 Patrona na terenie szko\u0142y. Wkr\u00f3tce potem uczniowie klas IV-VIII udali si\u0119 z piesz\u0105 pielgrzymk\u0105 do miejsca narodzin b\u0142. Edwarda Grzyma\u0142y \u2013 Gaj\u00f3wki Klin. Na miejscu ks. proboszcz \u2013 Antoni Kunicki odprawi\u0142 Msz\u0119 \u015bwi\u0119t\u0105 w intencji spo\u0142eczno\u015bci szkolnej.<\/p>\n<p><a href=\"http:\/\/info.sadowne.pl\/wp-content\/uploads\/2021\/10\/2021.10.08.2.jpg\" target=\"_blank\" rel=\"noopener\"><img loading=\"lazy\" decoding=\"async\" class=\"alignright wp-image-25105 size-medium\" src=\"http:\/\/info.sadowne.pl\/wp-content\/uploads\/2021\/10\/2021.10.08.2-300x200.jpg\" alt=\"\" width=\"300\" height=\"200\" srcset=\"https:\/\/info.sadowne.pl\/wp-content\/uploads\/2021\/10\/2021.10.08.2-300x200.jpg 300w, https:\/\/info.sadowne.pl\/wp-content\/uploads\/2021\/10\/2021.10.08.2-768x511.jpg 768w, https:\/\/info.sadowne.pl\/wp-content\/uploads\/2021\/10\/2021.10.08.2.jpg 800w\" sizes=\"auto, (max-width: 300px) 100vw, 300px\" \/><\/a>W jesiennej scenerii pi\u0119knie wybrzmia\u0142y utwory muzyczne o tematyce patriotyczno-religijnej w wykonaniu zespo\u0142u z klas \u00f3smych. Przy akompaniamencie gitar i akordeonu wys\u0142uchali\u015bmy utwor\u00f3w: \u201eKwiaty polskie\u201d, \u201eTaki kraj\u201d, \u201ePytasz mnie\u201d, \u201eTylko mnie poprowad\u017a\u201d. Nast\u0119pnie, reprezentanci klas mieli okazj\u0119 zaprezentowa\u0107 swoj\u0105 wiedz\u0119 o B\u0142ogos\u0142awionym w konkursie, wzorowanym na popularnym teleturnieju \u201eJeden z dziesi\u0119ciu\u201d. Brawurowe prowadzenie i atrakcyjna forma konkursu wzbudzi\u0142y emocje w\u015br\u00f3d uczestnik\u00f3w i zgromadzonej publiczno\u015bci. W trakcie konkursu prowadz\u0105cy wzbogaca\u0142 komentarzem udzielane odpowiedzi. Laureatkami konkursu zosta\u0142y: Julia Mielcarz, Wiktoria Wieliczko i Natalia Rolek. Atrakcyjne nagrody, sponsorowane przez Urz\u0105d Gminy w Sadownem, Parafi\u0119 rzymsko-katolick\u0105, Szko\u0142\u0119 Podstawow\u0105 oraz ks. Piotra wynagrodzi\u0142y trud przygotowa\u0144.<\/p>\n<p><strong>Wi\u0119cej na stronie <span style=\"color: #0000ff;\"><a style=\"color: #0000ff;\" href=\"http:\/\/spsadowne.pl\/jesienne-barwy-dnia-patrona\/\" target=\"_blank\" rel=\"noopener\">http:\/\/spsadowne.pl\/jesienne-barwy-dnia-patrona\/<\/a><\/span><\/strong><\/p>\n<p><strong>\u0179r\u00f3d\u0142o:<\/strong> <a href=\"http:\/\/www.spsadowne.pl\">www.spsadowne.pl<\/a><\/p>\n","protected":false},"excerpt":{"rendered":"<p>Ju\u017c po raz dziesi\u0105ty (wliczaj\u0105c czas funkcjonowania gimnazjum), ale drugi w Szkole Podstawowej w Sadownem im. b\u0142. ks. Edwarda Grzyma\u0142y obchodzili\u015bmy Dzie\u0144 Patrona. W tym roku w nowej formule.<\/p>\n","protected":false},"author":1,"featured_media":0,"comment_status":"closed","ping_status":"closed","sticky":false,"template":"","format":"standard","meta":{"footnotes":""},"categories":[5,1752,84],"tags":[2737,3642,16],"class_list":["post-25103","post","type-post","status-publish","format-standard","hentry","category-newsy","category-edukacja","category-szkola-podstawowa-im-cz-wycecha","tag-bl-ks-edward-grzymala","tag-dzien-patrona-w-sp-sadpwne","tag-szkola-podstawowa-w-sadownem"],"views":2178,"_links":{"self":[{"href":"https:\/\/info.sadowne.pl\/index.php?rest_route=\/wp\/v2\/posts\/25103","targetHints":{"allow":["GET"]}}],"collection":[{"href":"https:\/\/info.sadowne.pl\/index.php?rest_route=\/wp\/v2\/posts"}],"about":[{"href":"https:\/\/info.sadowne.pl\/index.php?rest_route=\/wp\/v2\/types\/post"}],"author":[{"embeddable":true,"href":"https:\/\/info.sadowne.pl\/index.php?rest_route=\/wp\/v2\/users\/1"}],"replies":[{"embeddable":true,"href":"https:\/\/info.sadowne.pl\/index.php?rest_route=%2Fwp%2Fv2%2Fcomments&post=25103"}],"version-history":[{"count":1,"href":"https:\/\/info.sadowne.pl\/index.php?rest_route=\/wp\/v2\/posts\/25103\/revisions"}],"predecessor-version":[{"id":25106,"href":"https:\/\/info.sadowne.pl\/index.php?rest_route=\/wp\/v2\/posts\/25103\/revisions\/25106"}],"wp:attachment":[{"href":"https:\/\/info.sadowne.pl\/index.php?rest_route=%2Fwp%2Fv2%2Fmedia&parent=25103"}],"wp:term":[{"taxonomy":"category","embeddable":true,"href":"https:\/\/info.sadowne.pl\/index.php?rest_route=%2Fwp%2Fv2%2Fcategories&post=25103"},{"taxonomy":"post_tag","embeddable":true,"href":"https:\/\/info.sadowne.pl\/index.php?rest_route=%2Fwp%2Fv2%2Ftags&post=25103"}],"curies":[{"name":"wp","href":"https:\/\/api.w.org\/{rel}","templated":true}]}}